{"id":172266,"date":"2025-06-07T17:57:09","date_gmt":"2025-06-07T17:57:09","guid":{"rendered":"https:\/\/www.europesays.com\/de\/172266\/"},"modified":"2025-06-07T17:57:09","modified_gmt":"2025-06-07T17:57:09","slug":"fahndungsruecknahme-vermisster-mann-aus-viersen-tot-aufgefunden","status":"publish","type":"post","link":"https:\/\/www.europesays.com\/de\/172266\/","title":{"rendered":"Fahndungsr\u00fccknahme &#8211; Vermisster Mann aus Viersen tot aufgefunden"},"content":{"rendered":"<p>Die \u00d6ffentlichkeitsfahndung nach dem seit dem 8. Mai 2025 vermissten 56-j\u00e4hrigen Lorenz T. aus Viersen-Nettetal wird hiermit zur\u00fcckgenommen.<\/p>\n<p>Der Mann war zuvor in einem Krankenhaus in M\u00f6nchengladbach in station\u00e4rer Behandlung, welches er in unbekannte Richtung verlie\u00df. Er wurde am gestrigen Abend, dem 6. Juni 2025, von Fu\u00dfg\u00e4ngern im Bereich Viersen-Helenabrunn, leblos in einem Geb\u00fcsch aufgefunden.<\/p>\n<p>Die Polizei hat die Ermittlungen aufgenommen. Nach derzeitigem Stand liegen keine Hinweise auf ein Fremdverschulden vor. Die Angeh\u00f6rigen wurden \u00fcber den tragischen Fund informiert.<\/p>\n<p>Wir bitten die \u00d6ffentlichkeit, im Rahmen der Fahndung verbreitete Fotos und personenbezogene Daten nicht weiter zu teilen und diese zu l\u00f6schen und danken f\u00fcr die Mithilfe.<\/p>\n<p>R\u00fcckfragen von Journalisten bitte an:<\/p>\n<p>Polizei M\u00f6nchengladbach Pressestelle Melanie Brandtner Telefon: 02161 29 10222 E-Mail: pressestelle.moenchengladbach@polizei.nrw.de https:\/\/moenchengladbach.polizei.nrw<\/p>\n<p> Original-Content von: Polizei M\u00f6nchengladbach, \u00fcbermittelt durch news aktuell<\/p>\n","protected":false},"excerpt":{"rendered":"Die \u00d6ffentlichkeitsfahndung nach dem seit dem 8. Mai 2025 vermissten 56-j\u00e4hrigen Lorenz T. aus Viersen-Nettetal wird hiermit zur\u00fcckgenommen.&hellip;\n","protected":false},"author":2,"featured_media":31752,"comment_status":"","ping_status":"","sticky":false,"template":"","format":"standard","meta":{"footnotes":""},"categories":[1849],"tags":[3364,29,548,663,3934,30,13,4455,14,15,1209,12925,12],"class_list":{"0":"post-172266","1":"post","2":"type-post","3":"status-publish","4":"format-standard","5":"has-post-thumbnail","7":"category-moenchengladbach","8":"tag-de","9":"tag-deutschland","10":"tag-eu","11":"tag-europa","12":"tag-europe","13":"tag-germany","14":"tag-headlines","15":"tag-moenchengladbach","16":"tag-nachrichten","17":"tag-news","18":"tag-nordrhein-westfalen","19":"tag-polizeimeldungen","20":"tag-schlagzeilen"},"share_on_mastodon":{"url":"https:\/\/pubeurope.com\/@de\/114643379369983006","error":""},"_links":{"self":[{"href":"https:\/\/www.europesays.com\/de\/wp-json\/wp\/v2\/posts\/172266","targetHints":{"allow":["GET"]}}],"collection":[{"href":"https:\/\/www.europesays.com\/de\/wp-json\/wp\/v2\/posts"}],"about":[{"href":"https:\/\/www.europesays.com\/de\/wp-json\/wp\/v2\/types\/post"}],"author":[{"embeddable":true,"href":"https:\/\/www.europesays.com\/de\/wp-json\/wp\/v2\/users\/2"}],"replies":[{"embeddable":true,"href":"https:\/\/www.europesays.com\/de\/wp-json\/wp\/v2\/comments?post=172266"}],"version-history":[{"count":0,"href":"https:\/\/www.europesays.com\/de\/wp-json\/wp\/v2\/posts\/172266\/revisions"}],"wp:featuredmedia":[{"embeddable":true,"href":"https:\/\/www.europesays.com\/de\/wp-json\/wp\/v2\/media\/31752"}],"wp:attachment":[{"href":"https:\/\/www.europesays.com\/de\/wp-json\/wp\/v2\/media?parent=172266"}],"wp:term":[{"taxonomy":"category","embeddable":true,"href":"https:\/\/www.europesays.com\/de\/wp-json\/wp\/v2\/categories?post=172266"},{"taxonomy":"post_tag","embeddable":true,"href":"https:\/\/www.europesays.com\/de\/wp-json\/wp\/v2\/tags?post=172266"}],"curies":[{"name":"wp","href":"https:\/\/api.w.org\/{rel}","templated":true}]}}