{"id":172424,"date":"2025-06-07T19:25:13","date_gmt":"2025-06-07T19:25:13","guid":{"rendered":"https:\/\/www.europesays.com\/de\/172424\/"},"modified":"2025-06-07T19:25:13","modified_gmt":"2025-06-07T19:25:13","slug":"und-leben-de-kirche-ohne-rassismus-zdf-film-schaut-nicht-zuletzt-ins-bistum-muenster","status":"publish","type":"post","link":"https:\/\/www.europesays.com\/de\/172424\/","title":{"rendered":"und-Leben.de &#8211; \u201eKirche ohne Rassismus?\u201c ZDF-Film schaut nicht zuletzt ins Bistum M\u00fcnster"},"content":{"rendered":"<p>Rassismus in der Kirche? Ein Dokumentarfilm im ZDF stellt sehr unterschiedliche Erfahrungen von zwei Priestern im Bistum M\u00fcnster vor.<\/p>\n<p>\u00a0<\/p>\n<p><a href=\"https:\/\/www.kirche-und-leben.de\/themen\/themenbereich\/rassismus\" target=\"_blank\" title=\"Berichte \u00fcber Rassismus\" rel=\"nofollow noopener\">Rassismus<\/a> und Diskriminierung sollten in Kirchen keinen Platz haben, sind doch laut christlicher Botschaft alle Menschen gleich. Dass dem nicht immer so ist, zeigt die Dokumentation \u201eKirche ohne Rassismus?\u201c am Pfingstmontag, 9. Juni, um 17.30 Uhr im ZDF.<\/p>\n<p>Sie belegt: Auch in der Kirche hierzulande bekommen \u201ePeople of Color\u201c nur selten F\u00fchrungspositionen. Stattdessen kommen sie eher auf Plakaten f\u00fcr Spendenaktionen vor \u2013 oder, um das Thema Hunger zu illustrieren.<\/p>\n<p class=\"zwiti\">Diskriminiert: Pfarrer \u00c9gide Muziazia<\/p>\n<p>Auch zu handfestem Rassismus kommt es. Etwa im <a href=\"https:\/\/www.kirche-und-leben.de\/artikel\/emmerich-pfarrer-rassismus-angriff-egide-muziazia-bischof-genn-solidaritaet\" target=\"_blank\" rel=\"nofollow noopener\">Fall von Pfarrer \u00c9gide Muziazia<\/a>. Er ist am Niederrhein <a href=\"https:\/\/www.kirche-und-leben.de\/artikel\/pfarrer-egide-muziazia-rassismus-gegen-seelsorgende-keine-einzelfaelle-emmerich-bistum-muenster\" target=\"_blank\" rel=\"nofollow noopener\">pers\u00f6nlich diskriminiert und beleidigt<\/a> worden. Muziazia erfuhr <a href=\"https:\/\/www.kirche-und-leben.de\/artikel\/pfarrer-egide-muziazia-emmerich-rassistisch-beleidigt-weggang-reaktionen-st-vitus-pfarreirat-ortsvorsteher\" target=\"_blank\" rel=\"nofollow noopener\">viel Solidarit\u00e4t in seiner Pfarrei<\/a> und <a href=\"https:\/\/www.kirche-und-leben.de\/artikel\/priesterrat-bistum-muenster-stellungnahme-rassismus-priester-weltkirche-gefluechtete\" target=\"_blank\" rel=\"nofollow noopener\">im Bistum M\u00fcnster<\/a>. Aber er <a href=\"https:\/\/www.kirche-und-leben.de\/artikel\/muziazia-emmerich-rassismus-bistum-muenster-koenemann-universitaet-muenster-kongo\" target=\"_blank\" rel=\"nofollow noopener\">lie\u00df sich versetzen<\/a>.<\/p>\n<p>\u201eMeine Protagonist*innen machen auf Rassismus auch innerhalb der Kirche aufmerksam. Es geht mir darum, hinzuh\u00f6ren, sichtbar zu machen und den Finger in die Wunde zu legen \u2013 nicht um zu spalten, sondern um Br\u00fccken zu bauen\u201c, sagt Susanne B\u00f6hm, freie Autorin und Regisseurin des Films.<\/p>\n<p class=\"zwiti\">Integriert: Pfarrer Uchenna Aba<\/p>\n<p>Die Geschichte von \u00c9gide Muziazia habe sie sehr ber\u00fchrt, so die Filmemacherin. Eigentlich war geplant, dass er sich gemeinsam mit seinem Freund und Mitbruder Uchenna Aba vom Filmteam begleiten l\u00e4sst. \u201eAllerdings ging es ihm nach einem wiederholten rassistischen Angriff im Februar so schlecht, dass er beschloss, nicht vor die Kamera zu treten. Nun erz\u00e4hlen andere seine Geschichte\u201c, sagt B\u00f6hm.<\/p>\n<p>Das tut im Film <a href=\"https:\/\/www.kirche-und-leben.de\/artikel\/gastarbeiter-gottes-zdf-begleitet-weltkirche-priester-im-bistum-muenster\" target=\"_blank\" rel=\"nofollow noopener\">Uchenna Aba<\/a>: Der Priester ist bestens integriert und <a href=\"https:\/\/www.kirche-und-leben.de\/artikel\/nach-zdf-gottesdienst-bei-uche-steht-das-telefon-nicht-mehr-still\" target=\"_blank\" rel=\"nofollow noopener\">in seiner Gemeinde beliebt<\/a>. Als der 47-J\u00e4hrige aus Nigeria in Deutschland ankam, hatte er allerdings Probleme mit der hiesigen Mentalit\u00e4t.<\/p>\n<p class=\"zwiti\">Die deutsche Mentalit\u00e4t<\/p>\n<p>Zum Beispiel im Gottesdienst: \u201eWenn man ganz neu hier ist, denkt man, das k\u00f6nnte eine Trauerfeier sein. Nur ernste Gesichter.\u201c <a href=\"https:\/\/www.kirche-und-leben.de\/artikel\/pfarrer-aba-laesst-die-niederrheiner-etwas-afrikanischer-werden\" target=\"_blank\" rel=\"nofollow noopener\">Sein Rezept dagegen<\/a> zeigt der Film: Gospelgesang und mitunter Pommes f\u00fcr alle im Pfarrhaus nach der Messe.<\/p>\n<p>\u201eWas wir in der Welt haben, ist genug f\u00fcr uns alle. Wir sollen Freud und Leid teilen und nicht einfach sagen: Ich, ich\u201c, sagt der Seelsorger. \u201eDann wird die Welt bunter und sch\u00f6ner. Aber das haben viele Leute noch nicht kapiert.\u201c<\/p>\n<p class=\"zwiti\">Was sagen Bisch\u00f6fe?<\/p>\n<p>Auch die <a href=\"https:\/\/www.kirche-und-leben.de\/artikel\/kritische-fragen-nach-film-ueber-auslaendische-geistliche-im-bistum-muenster\" target=\"_blank\" rel=\"nofollow noopener\">Kirchenhierarchie kommt zu Wort<\/a>: Weihbischof Rolf Lohmann aus Xanten hat sich sehr f\u00fcr Muziazia eingesetzt. Auch der Hamburger Bisch\u00f6fin Kerstin Fehrs, Ratsvorsitzende der Evangelischen Kirche in Deutschland, ist es ein gro\u00dfes Anliegen, strukturellen Rassismus in der Kirche zu bek\u00e4mpfen.<\/p>\n<p>Dem Film \u201eKirche ohne Rassismus\u201c gelingt eine spannende Momentaufnahme: Susanne B\u00f6hm hat \u201eviele gro\u00dfartige Menschen getroffen, die sich daf\u00fcr einsetzen, dass Kirche wieder ein Ort wird, an dem sich alle wohlf\u00fchlen k\u00f6nnen\u201c, sagt sie. Den Weg dorthin erlebte sie als offenkundig nicht leicht: \u201eIch zeige eine Kirche, die bereit ist, sich zu transformieren und Haltung zu zeigen, aufzustehen gegen Rassismus und Gewalt. Das macht Mut.\u201c<\/p>\n<p>\u00a0<\/p>\n","protected":false},"excerpt":{"rendered":"Rassismus in der Kirche? Ein Dokumentarfilm im ZDF stellt sehr unterschiedliche Erfahrungen von zwei Priestern im Bistum M\u00fcnster&hellip;\n","protected":false},"author":2,"featured_media":172425,"comment_status":"","ping_status":"","sticky":false,"template":"","format":"standard","meta":{"footnotes":""},"categories":[1843],"tags":[3364,29,30,16393,8970,1209],"class_list":{"0":"post-172424","1":"post","2":"type-post","3":"status-publish","4":"format-standard","5":"has-post-thumbnail","7":"category-muenster","8":"tag-de","9":"tag-deutschland","10":"tag-germany","11":"tag-kirche-und-leben-netz","12":"tag-muenster","13":"tag-nordrhein-westfalen"},"share_on_mastodon":{"url":"https:\/\/pubeurope.com\/@de\/114643725777458935","error":""},"_links":{"self":[{"href":"https:\/\/www.europesays.com\/de\/wp-json\/wp\/v2\/posts\/172424","targetHints":{"allow":["GET"]}}],"collection":[{"href":"https:\/\/www.europesays.com\/de\/wp-json\/wp\/v2\/posts"}],"about":[{"href":"https:\/\/www.europesays.com\/de\/wp-json\/wp\/v2\/types\/post"}],"author":[{"embeddable":true,"href":"https:\/\/www.europesays.com\/de\/wp-json\/wp\/v2\/users\/2"}],"replies":[{"embeddable":true,"href":"https:\/\/www.europesays.com\/de\/wp-json\/wp\/v2\/comments?post=172424"}],"version-history":[{"count":0,"href":"https:\/\/www.europesays.com\/de\/wp-json\/wp\/v2\/posts\/172424\/revisions"}],"wp:featuredmedia":[{"embeddable":true,"href":"https:\/\/www.europesays.com\/de\/wp-json\/wp\/v2\/media\/172425"}],"wp:attachment":[{"href":"https:\/\/www.europesays.com\/de\/wp-json\/wp\/v2\/media?parent=172424"}],"wp:term":[{"taxonomy":"category","embeddable":true,"href":"https:\/\/www.europesays.com\/de\/wp-json\/wp\/v2\/categories?post=172424"},{"taxonomy":"post_tag","embeddable":true,"href":"https:\/\/www.europesays.com\/de\/wp-json\/wp\/v2\/tags?post=172424"}],"curies":[{"name":"wp","href":"https:\/\/api.w.org\/{rel}","templated":true}]}}