{"id":172493,"date":"2025-06-07T20:03:12","date_gmt":"2025-06-07T20:03:12","guid":{"rendered":"https:\/\/www.europesays.com\/de\/172493\/"},"modified":"2025-06-07T20:03:12","modified_gmt":"2025-06-07T20:03:12","slug":"brandanschlag-auf-schlafende-obdachlose-in-bad-cannstatt-zeugen-schlagen-alarm-nachrichten-aus-stuttgart","status":"publish","type":"post","link":"https:\/\/www.europesays.com\/de\/172493\/","title":{"rendered":"Brandanschlag auf schlafende Obdachlose in Bad Cannstatt \u2013 Zeugen schlagen Alarm &#8211; Nachrichten aus Stuttgart"},"content":{"rendered":"<p><strong>Stuttgart. <\/strong> Im  Mai 2025 ist ein Obdachlosenlager in <a href=\"https:\/\/www.zvw.de\/stuttgart-region\/\" rel=\"noopener nofollow\" target=\"_blank\">Bad Cannstatt <\/a> in Brand geraten. Das Feuer, kein Zufall. Zwei junge M\u00e4nner haben Feuerwerksk\u00f6rper in Richtung der dort schlafenden Menschen geworfen. Verletzt wurde bei dem Vorfall niemand und doch wirft der Angriff Fragen nach der Sicherheit der Schw\u00e4chsten und der Wichtigkeit von Zivilcourage auf. Zwei Zeugen berichten \u00fcber eine Nacht, die sie so schnell nicht vergessen werden.<\/p>\n<p><a class=\"nfy-teaser nfy-ar-teaser\" id=\"nfy-teaser-inline\" data-upscore-url=\"\" href=\"https:\/\/www.zvw.de\/lokales\/weinstadt\/obdachlose-in-weinstadt-zwei-verm%C3%BCllte-zeltlager-an-s-bahn-gleisen-ger%C3%A4umt_arid-940609?utm_source=empfehlungslink&amp;utm_campaign=empfehlungslink\" data-upscore-object-id=\"940609\" rel=\"nofollow noopener\" target=\"_blank\"><img loading=\"lazy\" decoding=\"async\" src=\"\/cms_media\/module_img\/6650\/3325054_1_gridmobile_52590142.jpeg\" alt=\"Obdachlosen Zelte\" width=\"370\" height=\"229\" class=\"lazyload\" data-tmpl=\"gridmobile\"\/><img loading=\"lazy\" decoding=\"async\" src=\"https:\/\/www.europesays.com\/de\/wp-content\/uploads\/2025\/04\/icon_zvwplus.png\" width=\"75\" height=\"15\" alt=\"ZVW Plus Artikel\"\/> WeinstadtObdachlose in Weinstadt: Zwei verm\u00fcllte Zeltlager an S-Bahn-Gleisen ger\u00e4umt<\/a><br \/>\nAngriff auf Obdachlose in Stuttgart: Was am 18. Mai, an der \u201eHall of Fame\u201c passiert ist<\/p>\n<p>In der Nacht vom 17. auf den 18. Mai sind Lisa A. und Tom B. (Namen von der Redaktion ge\u00e4ndert) noch sp\u00e4t nachts unterwegs, als sie Zeugen der Tat werden. Bei ihrem Spaziergang kommen sie an der \u201eHall of Fame\u201c, der Graffiti-Unterf\u00fchrung unweit vom <a href=\"https:\/\/www.zvw.de\/tags\/?tag=wasen\" rel=\"noopener nofollow\" target=\"_blank\">Wasengel\u00e4nde<\/a>, vorbei. Das P\u00e4rchen schaut dort hin und wieder nach einem der Obdachlosen &#8211; so auch in dieser Nacht.<\/p>\n<p>Die zwei Tatverd\u00e4chtigen kommen ihnen entgegen, mit einem absch\u00e4tzenden Blick, wie sie erz\u00e4hlen. Von einer Treppe aus sollen sie ihr vollendetes Werk beobachtet und dabei weitere Feuerwerksk\u00f6rper auf die Menschen geworfen haben. Durch ihren Angriff ger\u00e4t nicht nur eine Wand in Brand. Mehrere Schlafs\u00e4cke, Matratzen und Habseligkeiten werden zerst\u00f6rt. Brandl\u00f6cher zieren nun das wenige Hab und Gut der Obdachlosen.<\/p>\n<p>Lisa A. und Tom B. gelingt es, einen der Tatverd\u00e4chtigen zu schnappen und diesen bis zum Eintreffen der Polizei festzuhalten. Der andere entwischt jedoch. Eine weitr\u00e4umige Suche der Polizei blieb ohne Erfolg. Das Feuer, welches sich gl\u00fccklicherweise nicht stark ausgebreitet hatte, konnte vollst\u00e4ndig gel\u00f6scht werden, die Erinnerung daran aber bleibt.<\/p>\n<p><img loading=\"lazy\" decoding=\"async\" src=\"https:\/\/www.europesays.com\/de\/wp-content\/uploads\/2025\/06\/3381838_1_articledetail_obdachloser-brand-hall-of-fame.jpeg\" alt=\"Obdachloser Brand Hall of Fame\" width=\"670\" height=\"423\"\/> Die Matratze und der Schlafsack wurden bei dem Feuer in Mitleidenschaft gezogen. \u00a9 PrivatProblem: Obdachlose alarmieren nicht immer die Polizei<\/p>\n<p>Das Polizeipr\u00e4sidium Stuttgart konnte den Vorfall an der \u201eHall of Fame\u201c best\u00e4tigen. Es wurde eine Anzeige wegen des Verdachts der gef\u00e4hrlichen K\u00f6rperverletzung erstattet. Wie Lisa A. und Tom B. erz\u00e4hlen, handelt es sich bei den T\u00e4tern um Jugendliche. \u00dcber das genaue Alter konnte die Polizei keine weitere Auskunft geben. Auch nicht dar\u00fcber, ob der zweite T\u00e4ter noch fl\u00fcchtig ist. Generell liegen zum Fall nicht viele Informationen vor. Laut <a href=\"https:\/\/www.zvw.de\/blaulicht\/\" rel=\"noopener nofollow\" target=\"_blank\">Polizei<\/a> laufen die Ermittlungen noch.<\/p>\n<p>Auf die Frage hin, ob solche Vorf\u00e4lle des \u00d6fteren geschehen, kommt eine ern\u00fcchternde Antwort: \u201eMir ist jetzt kein konkreter Fall bekannt, aber das kann man auch schlecht auswerten\u201c, so eine Pressesprecherin der Polizei. \u201eDas gro\u00dfe Problem ist, dass Obdachlose h\u00e4ufig gar nicht erst die Polizei informieren, wenn etwas passiert.\u201c<\/p>\n<p><a class=\"nfy-teaser nfy-ar-teaser\" id=\"nfy-teaser-inline\" data-upscore-url=\"\" href=\"https:\/\/www.zvw.de\/rems-murr-kreis\/ich-wog-nur-noch-28-kilogramm-claudia-g-%C3%BCber-ihren-weg-aus-der-magersucht_arid-507686?utm_source=empfehlungslink&amp;utm_campaign=empfehlungslink\" data-upscore-object-id=\"507686\" rel=\"nofollow noopener\" target=\"_blank\"><img loading=\"lazy\" decoding=\"async\" src=\"\/cms_media\/module_img\/5099\/2549645_1_gridmobile_WhatsApp_Image_2022-05-25_at_17.10.23.jpeg\" alt=\"Claudia G. Magersucht\" width=\"370\" height=\"229\" class=\"lazyload\" data-tmpl=\"gridmobile\"\/><img loading=\"lazy\" decoding=\"async\" src=\"https:\/\/www.europesays.com\/de\/wp-content\/uploads\/2025\/04\/icon_zvwplus.png\" width=\"75\" height=\"15\" alt=\"ZVW Plus Artikel\"\/> Rems-Murr-Kreis\u201eIch wog nur noch 28 Kilogramm\u201c \u2013 Claudia G. \u00fcber ihren Weg aus der Magersucht<\/a><br \/>\nGewalt gegen Obdachlose in Deutschland keine Seltenheit<\/p>\n<p>F\u00e4lle, bei denen Obdachlose zum Ziel werden, sind keine Seltenheit. Im November 2018 sind in Berlin zwei obdachlose Menschen von einem Mann angez\u00fcndet worden, einer verliert dabei sein Leben. In <a href=\"https:\/\/www.zvw.de\/stuttgart-region\/\" rel=\"noopener nofollow\" target=\"_blank\">Stuttgart <\/a> hat es in 2022 eine Serie von Farbattacken gegeben. Physisch verletzt wurden die Personen dabei nicht, aber psychisch ging der Vorfall sicher nicht an ihnen vorbei. Im vergangenen Jahr ist eine obdachlose Frau in Dortmund Opfer eines Brandanschlags geworden &#8211; sie \u00fcberlebt, weil sie sich noch gerade rechtzeitig aus ihrem brennenden Zelt retten konnte.<\/p>\n<p>Das sind F\u00e4lle, die es in die Schlagzeilen geschafft haben, doch die Dunkelziffer d\u00fcrfte weitaus h\u00f6her sein. \u201eBereits viermal haben wir miterlebt, wie Obdachlosen Gewalt angetan wurde \u2013 Raub\u00fcberf\u00e4lle, Dem\u00fctigungen und jetzt der Brand\u201c, sagt Lisa A.. Die zwei wohnen in Stuttgart und schauen mittlerweile mehrfach die Woche bei einem der Obdachlosen vorbei, aus Mitgef\u00fchl.<\/p>\n<p><a class=\"nfy-teaser nfy-ar-teaser\" id=\"nfy-teaser-inline\" data-upscore-url=\"\" href=\"https:\/\/www.zvw.de\/stuttgart-region\/hotdogs-mit-schw%C3%A4bischem-flair-hotdogle-in-stuttgart-bringt-klassiker-zur%C3%BCck_arid-958624?utm_source=empfehlungslink&amp;utm_campaign=empfehlungslink\" data-upscore-object-id=\"958624\" rel=\"nofollow noopener\" target=\"_blank\"><img loading=\"lazy\" decoding=\"async\" src=\"\/cms_media\/module_img\/6738\/3369001_2_gridmobile_hotdogle-stuttgart.jpeg\" alt=\"Hotdogle Stuttgart\" width=\"370\" height=\"229\" class=\"lazyload\" data-tmpl=\"gridmobile\"\/><\/p>\n<p> Stuttgart &amp; RegionHotdogs mit schw\u00e4bischem Flair: \u201eHotdogle\u201c in Stuttgart bringt Klassiker zur\u00fcck<\/p>\n<p><\/a><br \/>\nLeben auf der Stra\u00dfe nicht nur hart, sondern auch gef\u00e4hrlich<\/p>\n<p>Der Mann, der von Lisa A. und Tom B. hin und wieder versorgt wird, ist ihren Angaben nach etwa 70 Jahre alt und lebt seit geraumer Zeit auf der Stra\u00dfe. \u201eEr will dort (\u201eHall of Fame)  eigentlich nicht mehr bleiben, aber er wei\u00df auch nicht, wohin sonst\u201c, sagt Tom B.. Er habe sich da sein Leben eingerichtet. \u201eDer Mann hat seine festen Stationen, die er am Tag abklappert und wei\u00df, wo er mal eine Bratwurst oder \u00c4hnliches gratis bekommt\u201c, so Lisa A. \u00fcber ihren neu gewonnen Bekannten. \u201eManchmal bringen wir ihm was zu <a href=\"https:\/\/www.zvw.de\/stuttgart-region\/hotdogs-mit-schw%C3%A4bischem-flair-hotdogle-in-stuttgart-bringt-klassiker-zur%C3%BCck_arid-958624\" rel=\"noopener nofollow\" target=\"_blank\">essen <\/a> \u2013 ein Sandwich, mal Pizza\u201c, sagt Tom B.. Es ginge einfach darum, etwas Menschlichkeit zu zeigen. Pl\u00f6tzlich ohne alles dazustehen \u2013 ohne Wohnung, ohne Sicherheit &#8211; kann jeden treffen, wie sie finden.<\/p>\n<p>Ein Leben auf der Stra\u00dfe ist nicht nur hart, sondern auch gef\u00e4hrlich, wie eine Studie des Bundesministeriums f\u00fcr Arbeit und Soziales (BMAS) in 2022 belegen konnte. Zwei Drittel der Befragten gaben dabei an bereits Gewalterfahrungen gemacht zu haben. Auch wenn es in Stuttgart Notunterk\u00fcnfte gibt, werden diese von <a href=\"https:\/\/www.zvw.de\/lokales\/schorndorf\/schorndorf-inmitten-von-kunst-zu-tisch-mit-obdachlosen_arid-902960\" rel=\"noopener nofollow\" target=\"_blank\">Obdachlosen<\/a> nicht immer genutzt. Die Gr\u00fcnde daf\u00fcr sind vielf\u00e4ltig. Laut Teilnehmern der Studie seien zum einen zu viele Menschen untergebracht oder die Unterk\u00fcnfte w\u00e4ren alles andere als sicher. Die Befragten gaben zudem an, dass sie woanders bessere Schlafpl\u00e4tze finden w\u00fcrden, da Notunterk\u00fcnfte oftmals dreckig seien.<\/p>\n<p><a class=\"nfy-teaser nfy-ar-teaser\" id=\"nfy-teaser-inline\" data-upscore-url=\"\" href=\"https:\/\/www.zvw.de\/stuttgart-region\/wenn-das-geld-f%C3%BCr-essen-nicht-reicht-heilsarmee-stuttgart-hilft-bed%C3%BCrftigen_arid-905011?utm_source=empfehlungslink&amp;utm_campaign=empfehlungslink\" data-upscore-object-id=\"905011\" rel=\"nofollow noopener\" target=\"_blank\"><img loading=\"lazy\" decoding=\"async\" src=\"\/cms_media\/module_img\/6485\/3242593_1_gridmobile_img_1361.jpeg\" alt=\"img_1361\" width=\"370\" height=\"229\" class=\"lazyload\" data-tmpl=\"gridmobile\"\/><\/p>\n<p> Stuttgart &amp; RegionWenn das Geld f\u00fcr Essen nicht reicht: Heilsarmee Stuttgart hilft Bed\u00fcrftigen<\/p>\n<p><\/a><br \/>\nZivilcourage zeigen, f\u00fcr Lisa A. und Tom B. selbstverst\u00e4ndlich<\/p>\n<p>Dass viele Menschen auf der Stra\u00dfe Schutz eher im Freien als in offiziellen Einrichtungen suchen, macht sie umso verletzlicher \u2013 gerade nachts, wenn kaum jemand hinschaut. Umso wichtiger sind jene, die nicht wegsehen. F\u00fcr Lisa A. und Tom B. ist Zivilcourage zu zeigen selbstverst\u00e4ndlich. Sie sind mittlerweile ein eingespieltes Team und schreiten ein, wenn es n\u00f6tig ist. Gef\u00e4hrlich werden kann es immer, dass wissen sie, aber: \u201eSelbst kleine Gesten helfen: Wenn man an der gleichen Haltestelle aussteigt und fragt: \u201eHey, alles okay bei dir?\u201c \u2013 das kann schon einen Unterschied machen\u201c, findet Lisa A.. Leider sei nicht mal das f\u00fcr viele selbstredend.<\/p>\n<p>Ob auf den gefassten Tatverd\u00e4chtigen am Ende eine Strafe zukommt und der Komplize noch ergriffen wird, liegt nun in den H\u00e4nden der Justiz und der Polizei. Wie es in diesem Fall weitergeht, bleibt abzuwarten.<\/p>\n","protected":false},"excerpt":{"rendered":"Stuttgart. Im Mai 2025 ist ein Obdachlosenlager in Bad Cannstatt in Brand geraten. Das Feuer, kein Zufall. Zwei&hellip;\n","protected":false},"author":2,"featured_media":172494,"comment_status":"","ping_status":"","sticky":false,"template":"","format":"standard","meta":{"footnotes":""},"categories":[1830],"tags":[14208,11421,1634,1950,2919,3364,29,987,30,2917,5266,121,1441],"class_list":{"0":"post-172493","1":"post","2":"type-post","3":"status-publish","4":"format-standard","5":"has-post-thumbnail","7":"category-stuttgart","8":"tag-zivilcourage","9":"tag-bad-cannstatt","10":"tag-baden-wuerttemberg","11":"tag-blaulicht","12":"tag-brand","13":"tag-de","14":"tag-deutschland","15":"tag-feuer","16":"tag-germany","17":"tag-hilfe","18":"tag-obdachlose","19":"tag-polizei","20":"tag-stuttgart"},"share_on_mastodon":{"url":"https:\/\/pubeurope.com\/@de\/114643875058161296","error":""},"_links":{"self":[{"href":"https:\/\/www.europesays.com\/de\/wp-json\/wp\/v2\/posts\/172493","targetHints":{"allow":["GET"]}}],"collection":[{"href":"https:\/\/www.europesays.com\/de\/wp-json\/wp\/v2\/posts"}],"about":[{"href":"https:\/\/www.europesays.com\/de\/wp-json\/wp\/v2\/types\/post"}],"author":[{"embeddable":true,"href":"https:\/\/www.europesays.com\/de\/wp-json\/wp\/v2\/users\/2"}],"replies":[{"embeddable":true,"href":"https:\/\/www.europesays.com\/de\/wp-json\/wp\/v2\/comments?post=172493"}],"version-history":[{"count":0,"href":"https:\/\/www.europesays.com\/de\/wp-json\/wp\/v2\/posts\/172493\/revisions"}],"wp:featuredmedia":[{"embeddable":true,"href":"https:\/\/www.europesays.com\/de\/wp-json\/wp\/v2\/media\/172494"}],"wp:attachment":[{"href":"https:\/\/www.europesays.com\/de\/wp-json\/wp\/v2\/media?parent=172493"}],"wp:term":[{"taxonomy":"category","embeddable":true,"href":"https:\/\/www.europesays.com\/de\/wp-json\/wp\/v2\/categories?post=172493"},{"taxonomy":"post_tag","embeddable":true,"href":"https:\/\/www.europesays.com\/de\/wp-json\/wp\/v2\/tags?post=172493"}],"curies":[{"name":"wp","href":"https:\/\/api.w.org\/{rel}","templated":true}]}}