{"id":172521,"date":"2025-06-07T20:20:14","date_gmt":"2025-06-07T20:20:14","guid":{"rendered":"https:\/\/www.europesays.com\/de\/172521\/"},"modified":"2025-06-07T20:20:14","modified_gmt":"2025-06-07T20:20:14","slug":"wie-die-rock-stars-der-urbanen-kunstszene-diese-stadt-verwandeln","status":"publish","type":"post","link":"https:\/\/www.europesays.com\/de\/172521\/","title":{"rendered":"Wie die &#8222;Rock-Stars&#8220; der urbanen Kunstszene diese Stadt verwandeln"},"content":{"rendered":"<p class=\"paragraph tw-mx-auto tw-mb-6\">Die Reuterstadt riecht nach Farbe. An allen Ecken hinterlassen die Stars der Graffiti-Szene und Fassadenkunst ihre Spuren in Stavenhagen. So viele K\u00fcnstler auf einmal in Aktion hat die Stadt noch nie erlebt. Sie bringen beim <a data-li-document-ref=\"3636743\" href=\"https:\/\/www.nordkurier.de\/regional\/mecklenburgische-schweiz\/diese-mecklenburgische-stadt-veraendert-jetzt-jeden-tag-ihr-aussehen-3636743\" target=\"_blank\" rel=\"noopener\">FritzArt-Festival<\/a> ganz unterschiedliche Kunstformen in die Stadt. \u201eEs ist so beeindruckend sch\u00f6n\u201c, schw\u00e4rmte K\u00fcnstler DJ Tranz (52). Er begleitete DJ Bad Leroy aus dem Hip Hop Cave Berlin, der im Schlossgarten live Airbrush zeigt und Kleidungsst\u00fccke bespr\u00fcht.<\/p>\n<p>In Berlin flippen die Leute aus, wenn Leroy auftaucht<\/p>\n<p class=\"paragraph tw-mx-auto tw-mb-6\">Um ihn bildet sich st\u00e4ndig eine Traube mit Menschen, die sich ein T-Shirt vom Meister gestalten lassen wollen. \u201eIn Berlin flippen die Leute aus, wenn er auftaucht\u201c, sagte DJ Tranz \u00fcber Leroy. Gekreische gab es in Stavenhagen zwar nicht, daf\u00fcr habe er Material von ihm in der Stadtbibliothek Material gefunden. \u201eDas erwartet man hier gar nicht\u201c, meinte der Berliner. \u201eIch bin gl\u00fccklich, dass ich mich auf den Weg hierher gemacht habe.\u201c Die Leute seien sehr freundlich und neugierig. \u201eWir sind bestimmt nicht das letzte Mal hier\u201c, meinte er.<\/p>\n<p><img decoding=\"async\" src=\"https:\/\/www.europesays.com\/de\/wp-content\/uploads\/2025\/06\/278bf8ca-b1ca-48a4-8a2c-ba48e5ed8c8b.jpeg\" loading=\"lazy\" alt=\"K\u00fcnstler DJ Bad Leroy aus dem Hip Hop Cave Berlin ist einer der umringten Stars im Schlossgarten Stavenhagen.\"\/><img decoding=\"async\" class=\"sm:tw-w-9 sm:tw-h-9\" src=\"https:\/\/www.europesays.com\/de\/wp-content\/uploads\/2025\/05\/1748158990_290_imageExpand.10dba927.svg.svg+xml\"\/><\/p>\n<p>K\u00fcnstler DJ Bad Leroy aus dem Hip Hop Cave Berlin ist einer der umringten Stars im Schlossgarten Stavenhagen. (Foto: Kirsten Gehrke)<\/p>\n<p class=\"paragraph tw-mx-auto tw-mb-6\">Auf rund 4000 Quadratmeter Fl\u00e4che &#8211; W\u00e4nde, Giebel, Fassaden &#8211; entsteht eine Freiluft-Galerie \u201eF\u00fcr meine Begriffe ist es das gr\u00f6\u00dfte Fassadenkunst-Festival der Welt\u201c, sagte B\u00fcrgermeister Stefan Guzu, der das Event dem k\u00fcnstlerischen Leiter Toralf Zoldan und dem Graffiti-K\u00fcnstler <a data-li-document-ref=\"3467474\" href=\"https:\/\/www.nordkurier.de\/regional\/mecklenburgische-schweiz\/dieser-graffiti-kuenstler-bewegt-etwas-in-seiner-stadt-und-holt-den-king-3467474\" target=\"_blank\" rel=\"noopener\">Tony Schumalla<\/a> zu verdanken hat. Die beiden haben die Rockstars der Wandmalerei in die Reuterstadt geholt &#8211; Fassadenkunst, Streetart und Graffiti.<\/p>\n<p>Menschen haben anderen Blick auf die Kunstwerke<\/p>\n<p class=\"paragraph tw-mx-auto tw-mb-6\">Welche Unterschiede es dabei gibt, das erkl\u00e4rte Kunsthistorikerin Katia Hermann bei Stadtkunstf\u00fchrungen. Solche machte sie bisher nur in Berlin. \u201eEs war angenehm in der Kleinstadt\u201c, meinte sie. \u201eGanz anders als in Berlin, wo es sehr laut ist.\u201c Hier habe sie konzentriert auf die Arbeiten der K\u00fcnstler eingehen k\u00f6nnen. Bei ihrem Rundgang wollte sie zwischen K\u00fcnstlern und Publikum vermitteln. \u201eVielleicht sehen die Menschen jetzt anders darauf\u201c, meinte sie. Die Bildsprache der Wandmalerei sei lebendig und vielf\u00e4ltig, f\u00fcr alle Menschen zug\u00e4nglich.<\/p>\n<p><img decoding=\"async\" src=\"https:\/\/www.europesays.com\/de\/wp-content\/uploads\/2025\/06\/225fb073-813a-470f-9eab-e8783c0d5427.jpeg\" loading=\"lazy\" alt=\"Im Schlossgarten kann man den K\u00fcnstlern beim Spr\u00fchen zuschauen.\"\/><img decoding=\"async\" class=\"sm:tw-w-9 sm:tw-h-9\" src=\"https:\/\/www.europesays.com\/de\/wp-content\/uploads\/2025\/05\/1748158990_290_imageExpand.10dba927.svg.svg+xml\"\/><\/p>\n<p>Im Schlossgarten kann man den K\u00fcnstlern beim Spr\u00fchen zuschauen. (Foto: Kirsten Gehrke)<\/p>\n<p class=\"paragraph tw-mx-auto tw-mb-6\">Gitta Schildberg aus Pribbenow gefallen die Giebel, die von sechs internationalen K\u00fcnstlern in der Weststadt bemalt wurden. \u201eEs sieht einfach sch\u00f6n aus\u201c, meinte sie und freute sich \u00fcber das Hintergrund-Wissen, das die Stadtf\u00fchrerin vermittelt hat. \u201eIch sehe die Bilder jetzt ganz anders an.\u201c Sie finde es toll, dass solche K\u00fcnstler nach Stavenhagen geholt und so ein Festival organisiert wurde. \u201eWir sind ja nicht der Nabel der Welt\u201c, gab sie zu bedenken.<\/p>\n<p><img decoding=\"async\" src=\"https:\/\/www.europesays.com\/de\/wp-content\/uploads\/2025\/06\/27d57566-8ae1-4891-a16f-2d678c933dbd.jpeg\" loading=\"lazy\" alt=\"Kunsthistorikerin Katia Hermann (rechts) unternahm mit den FritzArt-G\u00e4sten Stadtkunstf\u00fchrungen. Jede bemalte Fassade, war ein beliebtes Fotomotiv.\"\/><img decoding=\"async\" class=\"sm:tw-w-9 sm:tw-h-9\" src=\"https:\/\/www.europesays.com\/de\/wp-content\/uploads\/2025\/05\/1748158990_290_imageExpand.10dba927.svg.svg+xml\"\/><\/p>\n<p>Kunsthistorikerin Katia Hermann (rechts) unternahm mit den FritzArt-G\u00e4sten Stadtkunstf\u00fchrungen. Jede bemalte Fassade, war ein beliebtes Fotomotiv. (Foto: Kirsten Gehrke)<\/p>\n<p>Leben ist interessant, wenn man nachdenken muss<\/p>\n<p class=\"paragraph tw-mx-auto tw-mb-6\">Fassadenk\u00fcnstler N.O. Madski aus Hamburg gab zu, dass er auf die Landkarte gucken musste, wo Stavenhagen liegt. Das Gesamtprojekt des Festivals finde er gut. \u201eKunst ist spannend, wenn sie nicht sofort durchschaubar ist\u201c, sagte er. Seine Handschrift tragen jetzt die gegen\u00fcberliegenden Giebel am Wasserturm 24 und 26. Auch wenn Anwohner sagten, sie k\u00f6nnen auf den ersten Blick gar nichts erkennen, h\u00e4tten sie sich schon mit der Kunst auseinandergesetzt.<\/p>\n<p class=\"paragraph tw-mx-auto tw-mb-6\">Das Leben sei immer dann interessant, wenn man nachdenken m\u00fcsse und nicht alles vorgefertigt bekomme. \u201eDas Leben ist eine Herausforderung\u201c, sagte Madski. Und als solche sehe er das Festival.<\/p>\n<p class=\"paragraph tw-mx-auto tw-mb-6\">Das FritzArt-Festival l\u00e4uft noch bis Pfingstmontag.<\/p>\n","protected":false},"excerpt":{"rendered":"Die Reuterstadt riecht nach Farbe. An allen Ecken hinterlassen die Stars der Graffiti-Szene und Fassadenkunst ihre Spuren in&hellip;\n","protected":false},"author":2,"featured_media":172522,"comment_status":"","ping_status":"","sticky":false,"template":"","format":"standard","meta":{"footnotes":""},"categories":[1775],"tags":[1793,29,214,8211,59000,30,12530,1794,8208,215],"class_list":{"0":"post-172521","1":"post","2":"type-post","3":"status-publish","4":"format-standard","5":"has-post-thumbnail","7":"category-kunst-und-design","8":"tag-art-and-design","9":"tag-deutschland","10":"tag-entertainment","11":"tag-fassadenkunst","12":"tag-fritzart-festival","13":"tag-germany","14":"tag-graffiti","15":"tag-kunst-und-design","16":"tag-stavenhagen","17":"tag-unterhaltung"},"share_on_mastodon":{"url":"https:\/\/pubeurope.com\/@de\/114643942113625202","error":""},"_links":{"self":[{"href":"https:\/\/www.europesays.com\/de\/wp-json\/wp\/v2\/posts\/172521","targetHints":{"allow":["GET"]}}],"collection":[{"href":"https:\/\/www.europesays.com\/de\/wp-json\/wp\/v2\/posts"}],"about":[{"href":"https:\/\/www.europesays.com\/de\/wp-json\/wp\/v2\/types\/post"}],"author":[{"embeddable":true,"href":"https:\/\/www.europesays.com\/de\/wp-json\/wp\/v2\/users\/2"}],"replies":[{"embeddable":true,"href":"https:\/\/www.europesays.com\/de\/wp-json\/wp\/v2\/comments?post=172521"}],"version-history":[{"count":0,"href":"https:\/\/www.europesays.com\/de\/wp-json\/wp\/v2\/posts\/172521\/revisions"}],"wp:featuredmedia":[{"embeddable":true,"href":"https:\/\/www.europesays.com\/de\/wp-json\/wp\/v2\/media\/172522"}],"wp:attachment":[{"href":"https:\/\/www.europesays.com\/de\/wp-json\/wp\/v2\/media?parent=172521"}],"wp:term":[{"taxonomy":"category","embeddable":true,"href":"https:\/\/www.europesays.com\/de\/wp-json\/wp\/v2\/categories?post=172521"},{"taxonomy":"post_tag","embeddable":true,"href":"https:\/\/www.europesays.com\/de\/wp-json\/wp\/v2\/tags?post=172521"}],"curies":[{"name":"wp","href":"https:\/\/api.w.org\/{rel}","templated":true}]}}