{"id":172621,"date":"2025-06-07T21:15:15","date_gmt":"2025-06-07T21:15:15","guid":{"rendered":"https:\/\/www.europesays.com\/de\/172621\/"},"modified":"2025-06-07T21:15:15","modified_gmt":"2025-06-07T21:15:15","slug":"niedersachsen-bremen-tausende-bei-christopher-street-day-in-hannover","status":"publish","type":"post","link":"https:\/\/www.europesays.com\/de\/172621\/","title":{"rendered":"Niedersachsen &#038; Bremen: Tausende bei Christopher Street Day in Hannover"},"content":{"rendered":"<p>                    Niedersachsen &amp; Bremen<br \/>\n                Tausende bei Christopher Street Day in Hannover<\/p>\n<p>\t\t\t\t              07.06.2025, 17:25 Uhr<\/p>\n<p><strong>Angriffe gegen queere Menschen nehmen zu &#8211; ein buntes Fest setzt ein Signal f\u00fcr die Rechte der Community. Mehr als 6.000 Menschen feierten in Hannover den Christopher Street Day.<\/strong><\/p>\n<p>Hannover (dpa\/lni) &#8211; Erst regnete es, aber dann brach die Sonne durch: Tausende Menschen feierten in der Innenstadt von Hannover den Christopher Street Day (CSD). An dem Demonstrationszug nahmen laut Veranstaltern und der Polizei rund 6.500 Menschen teil, auf der vorher stattgefundenen Kundgebung z\u00e4hlte die Polizei rund 5.500 Menschen. &#8222;Es ist alles ruhig und friedlich abgelaufen&#8220;, sagte ein Polizeisprecher.<\/p>\n<p>&#8222;Die Stimmung ist gut&#8220;, erkl\u00e4rte Nadine Rochlitzer vom Vorstand des CSD in der nieders\u00e4chsischen Landeshauptstadt. Auf der Kundgebung sei ein Zeichen f\u00fcr die Rechte queerer Menschen gesetzt worden. &#8222;Das ist wichtiger denn je, weil wir auch zunehmend Hasskriminalit\u00e4t gegen queere Menschen sehen und zus\u00e4tzlich, dass die Toleranz weiter sinkt&#8220;, sagte Rochlitzer.\u00a0<\/p>\n<p>Gru\u00dfwort vom Ministerpr\u00e4sidenten<\/p>\n<p>Schirmherr Olaf Lies, nieders\u00e4chsischer Ministerpr\u00e4sident, sprach zwar nicht auf der Kundgebung. Der SPD-Politiker habe aber ein Gru\u00dfwort geschickt und damit auch ein Zeichen f\u00fcr Vielfalt und Gleichberechtigung gesetzt, sagte Rochlitzer.<\/p>\n<p>Am Samstag sollte das Fest bis in die sp\u00e4ten Abendstunden in der Hannoveraner Innenstadt weitergehen &#8211; mit Musikbands, Infost\u00e4nden, Speise und Getr\u00e4nken. Am Pfingstsonntag will die queere Gemeinschaft in der Landeshauptstadt erneut von 13.00 bis 22.00 Uhr feiern.<\/p>\n","protected":false},"excerpt":{"rendered":"Niedersachsen &amp; Bremen Tausende bei Christopher Street Day in Hannover 07.06.2025, 17:25 Uhr Angriffe gegen queere Menschen nehmen&hellip;\n","protected":false},"author":2,"featured_media":172622,"comment_status":"","ping_status":"","sticky":false,"template":"","format":"standard","meta":{"footnotes":""},"categories":[1824],"tags":[2420,19008,3105,3364,29,30,46,1411,20179,7903],"class_list":{"0":"post-172621","1":"post","2":"type-post","3":"status-publish","4":"format-standard","5":"has-post-thumbnail","7":"category-bremen","8":"tag-bremen","9":"tag-christopher","10":"tag-day","11":"tag-de","12":"tag-deutschland","13":"tag-germany","14":"tag-hannover","15":"tag-niedersachsen","16":"tag-street","17":"tag-tausende"},"share_on_mastodon":{"url":"https:\/\/pubeurope.com\/@de\/114644158191971884","error":""},"_links":{"self":[{"href":"https:\/\/www.europesays.com\/de\/wp-json\/wp\/v2\/posts\/172621","targetHints":{"allow":["GET"]}}],"collection":[{"href":"https:\/\/www.europesays.com\/de\/wp-json\/wp\/v2\/posts"}],"about":[{"href":"https:\/\/www.europesays.com\/de\/wp-json\/wp\/v2\/types\/post"}],"author":[{"embeddable":true,"href":"https:\/\/www.europesays.com\/de\/wp-json\/wp\/v2\/users\/2"}],"replies":[{"embeddable":true,"href":"https:\/\/www.europesays.com\/de\/wp-json\/wp\/v2\/comments?post=172621"}],"version-history":[{"count":0,"href":"https:\/\/www.europesays.com\/de\/wp-json\/wp\/v2\/posts\/172621\/revisions"}],"wp:featuredmedia":[{"embeddable":true,"href":"https:\/\/www.europesays.com\/de\/wp-json\/wp\/v2\/media\/172622"}],"wp:attachment":[{"href":"https:\/\/www.europesays.com\/de\/wp-json\/wp\/v2\/media?parent=172621"}],"wp:term":[{"taxonomy":"category","embeddable":true,"href":"https:\/\/www.europesays.com\/de\/wp-json\/wp\/v2\/categories?post=172621"},{"taxonomy":"post_tag","embeddable":true,"href":"https:\/\/www.europesays.com\/de\/wp-json\/wp\/v2\/tags?post=172621"}],"curies":[{"name":"wp","href":"https:\/\/api.w.org\/{rel}","templated":true}]}}