{"id":172662,"date":"2025-06-07T21:38:08","date_gmt":"2025-06-07T21:38:08","guid":{"rendered":"https:\/\/www.europesays.com\/de\/172662\/"},"modified":"2025-06-07T21:38:08","modified_gmt":"2025-06-07T21:38:08","slug":"anhaenger-loest-sich-und-verursacht-verkehrsunfall-kind-und-zwei-erwachsene-verletzt","status":"publish","type":"post","link":"https:\/\/www.europesays.com\/de\/172662\/","title":{"rendered":"Anh\u00e4nger l\u00f6st sich und verursacht Verkehrsunfall \u2013 Kind und zwei Erwachsene verletzt"},"content":{"rendered":"<p>\n    <strong>Nr. 1610<\/strong><br \/>Gestern Mittag ereignete sich ein Verkehrsunfall mit vier beteiligten Fahrzeugen in Frohnau. Gegen 13:20 Uhr fuhr ein 64-J\u00e4hriger mit einem VW Touareg samt Anh\u00e4nger die Oranienburger Chaussee aus der Sch\u00f6nflie\u00dfer Stra\u00dfe kommend in Richtung Hubertusweg. Ersten Erkenntnissen zufolge l\u00f6ste sich kurz vor der Einm\u00fcndung zum J\u00e4gerstieg der Anh\u00e4nger von dessen Kupplung, geriet in den Gegenverkehr und stie\u00df dort gegen einen entgegenkommenden VW Golf einer 66-J\u00e4hrigen, der daraufhin gegen einen Baum geschleudert wurde. Der Anh\u00e4nger kollidierte in der Folge mit einem ebenfalls entgegenkommenden Seat eines 76-J\u00e4hrigen, der ins Schleudern kam und sich \u00fcberschlug. Ein 47-J\u00e4hriger, der dahinter mit einem Smart unterwegs war, fuhr \u00fcber auf der Fahrbahn liegende Tr\u00fcmmerteile, wodurch sein Auto besch\u00e4digt wurde. Ein siebenj\u00e4hriges M\u00e4dchen, das im Seat mitfuhr, erlitt Prellungen und kam zur station\u00e4ren Behandlung in ein Krankenhaus. Bei ihrer Rettung aus dem \u00fcberschlagenem<br \/>\n    Wagen, an der sich der 47-J\u00e4hrige beteiligte, erlitt dieser Schnittverletzungen an der Hand und H\u00e4matome am Knie. Er wurde ambulant am Unfallort behandelt. Die 66-J\u00e4hrige trug eine Prellung davon. Alarmierte Rettungskr\u00e4fte brachten sie zur ambulanten Behandlung in ein Krankenhaus. Der Unfallort blieb bis etwa 16 Uhr gesperrt. Von der Sperrung war auch der Busverkehr der BVG-Linie 125 betroffen. Das Verkehrsunfallkommando der Polizeidirektion 1 (Nord) \u00fcbernahm die Ermittlungen am Unfallort und stellte den Anh\u00e4nger sowie dessen Zugfahrzeug zum Zwecke der Erstellung eines technischen Gutachtens sicher.\n  <\/p>\n","protected":false},"excerpt":{"rendered":"Nr. 1610Gestern Mittag ereignete sich ein Verkehrsunfall mit vier beteiligten Fahrzeugen in Frohnau. Gegen 13:20 Uhr fuhr ein&hellip;\n","protected":false},"author":2,"featured_media":2288,"comment_status":"","ping_status":"","sticky":false,"template":"","format":"standard","meta":{"footnotes":""},"categories":[1825],"tags":[296,29,30,59030,58894,2331,2332,601],"class_list":{"0":"post-172662","1":"post","2":"type-post","3":"status-publish","4":"format-standard","5":"has-post-thumbnail","7":"category-berlin","8":"tag-berlin","9":"tag-deutschland","10":"tag-germany","11":"tag-ii1567939","12":"tag-meldung-polizei-berlin-vom-07-06-2025","13":"tag-polizeimeldung","14":"tag-transport","15":"tag-verkehr"},"share_on_mastodon":{"url":"https:\/\/pubeurope.com\/@de\/114644248444728733","error":""},"_links":{"self":[{"href":"https:\/\/www.europesays.com\/de\/wp-json\/wp\/v2\/posts\/172662","targetHints":{"allow":["GET"]}}],"collection":[{"href":"https:\/\/www.europesays.com\/de\/wp-json\/wp\/v2\/posts"}],"about":[{"href":"https:\/\/www.europesays.com\/de\/wp-json\/wp\/v2\/types\/post"}],"author":[{"embeddable":true,"href":"https:\/\/www.europesays.com\/de\/wp-json\/wp\/v2\/users\/2"}],"replies":[{"embeddable":true,"href":"https:\/\/www.europesays.com\/de\/wp-json\/wp\/v2\/comments?post=172662"}],"version-history":[{"count":0,"href":"https:\/\/www.europesays.com\/de\/wp-json\/wp\/v2\/posts\/172662\/revisions"}],"wp:featuredmedia":[{"embeddable":true,"href":"https:\/\/www.europesays.com\/de\/wp-json\/wp\/v2\/media\/2288"}],"wp:attachment":[{"href":"https:\/\/www.europesays.com\/de\/wp-json\/wp\/v2\/media?parent=172662"}],"wp:term":[{"taxonomy":"category","embeddable":true,"href":"https:\/\/www.europesays.com\/de\/wp-json\/wp\/v2\/categories?post=172662"},{"taxonomy":"post_tag","embeddable":true,"href":"https:\/\/www.europesays.com\/de\/wp-json\/wp\/v2\/tags?post=172662"}],"curies":[{"name":"wp","href":"https:\/\/api.w.org\/{rel}","templated":true}]}}