{"id":172719,"date":"2025-06-07T22:09:32","date_gmt":"2025-06-07T22:09:32","guid":{"rendered":"https:\/\/www.europesays.com\/de\/172719\/"},"modified":"2025-06-07T22:09:32","modified_gmt":"2025-06-07T22:09:32","slug":"weinmarkt-schuetzenfest-und-festivals-das-ist-am-pfingstwochenende-in-owl-los","status":"publish","type":"post","link":"https:\/\/www.europesays.com\/de\/172719\/","title":{"rendered":"Weinmarkt, Sch\u00fctzenfest und Festivals: Das ist am Pfingstwochenende in OWL los"},"content":{"rendered":"<p id=\"absatz1\" class=\"em_text\">In Sachen Veranstaltungen und Events ist in Ostwestfalen-Lippe das ganze Jahr viel los, egal ob Kultur in einer Ausstellung oder Schauspiel im Theater. Von Party bis Entspannung: Wir fassen abwechslungsreiche Veranstaltungstipps f\u00fcr das Wochenende f\u00fcr Sie zusammen. Nichts Passendes dabei? Schauen Sie auch bei unserem \u201e<a href=\"https:\/\/www.nw.de\/events\" target=\"_blank\" rel=\"noopener\">NW\u201c-Eventportal<\/a> vorbei.<\/p>\n<p id=\"absatz2\"><b class=\"bold\">Verkaufsoffene Sonntage:<\/b> <a href=\"https:\/\/www.nw.de\/nachrichten\/zwischen_weser_und_rhein\/23882342_Verkaufsoffener-Sonntag-Hier-in-OWL-haben-die-Geschaefte-geoeffnet.html\" target=\"_blank\" rel=\"noopener\">Hier in OWL haben die Gesch\u00e4fte ge\u00f6ffnet<\/a><\/p>\n<p>Lakeside: \u201eUmsonst-und-drau\u00dfen-Minifestival\u201c in Bielefeld<\/p>\n<p>        <a href=\"https:\/\/www.nw.de\/_em_daten\/_cache\/image\/1xM09NM2dtbm1PTTFTWlJxT0RsbWFWeThxV0ZXdHk5bHh1WFB2czh5UGpiNFIyNHVBM01LcXBxQ1ZtNURaa2tMWHJpRnRoR3VtRTkxTGVvT3ZZWXVoNEE9PQ\/250605-1440-621173203.jpg\" class=\"nw-article-image\" title=\"Das Open-Air-Festival am Stauteich III findet an diesem Freitag statt.\" data-glightbox=\"type: image; description: Das Open-Air-Festival am Stauteich III findet an diesem Freitag statt.  | \u00a9 Aljoscha Heidemann \" target=\"_blank\" rel=\"noopener\"><br \/>\n            <img decoding=\"async\" src=\"https:\/\/www.europesays.com\/de\/wp-content\/uploads\/2025\/06\/250605-1440-621173203.jpg\" class=\"nw-img-fluid nw-w-full nw-lazy nw-rounded-t-md\" alt=\"Das Open-Air-Festival am Stauteich III findet an diesem Freitag statt. - \u00a9 Aljoscha Heidemann\" data-format=\"16:9\"\/><br \/>\n        <\/a><\/p>\n<p>                Das Open-Air-Festival am Stauteich III findet an diesem Freitag statt.<br \/>\n                                    | \u00a9 Aljoscha Heidemann<\/p>\n<p id=\"absatz4\"><b class=\"bold\">Freitag, 6. Juni <\/b><\/p>\n<p id=\"absatz5\" class=\"em_text\">In entspannter Atmosph\u00e4re auf Picknickdecken und in Liegest\u00fchlen Live-Musik genie\u00dfen \u2013 das kann man an der Aussichtsplattform am Stauteich III.<\/p>\n<p>\n        \u00d7\n    <\/p>\n<p>\n            Sie erhalten in wenigen Minuten eine E-Mail zur Best\u00e4tigung Ihrer Anmeldung.\n        <\/p>\n<p>Erst danach ist diese abgeschlossen.<\/p>\n<p>Bitte pr\u00fcfen Sie auch den Spam-Ordner.<\/p>\n<p>\n        \u00d7\n    <\/p>\n<p>\n            Sie haben bisher Ihre E-Mail-Adresse noch nicht best\u00e4tigt.\n        <\/p>\n<p>Erst danach ist diese abgeschlossen.<\/p>\n<p>Bitte pr\u00fcfen Sie auch den Spam-Ordner.<\/p>\n<p>\n        \u00d7\n    <\/p>\n<p>\n            Es ist einen Fehler aufgetreten\n        <\/p>\n<p>Bei Fragen hilft unser Newsletter-Support<\/p>\n<p> Newsletter<\/p>\n<p> Update zum Mittag<\/p>\n<p>Top-News, t\u00e4glich aus der Chefredaktion zusammengestellt.<\/p>\n<p>                Jetzt anmelden<\/p>\n<p id=\"absatz7\" class=\"em_text\">Direkt am Wasser, umgeben von Gr\u00fcn, l\u00e4dt das beliebte \u201eUmsonst-und-drau\u00dfen-Minifestival\u201c des Jugendzentrums HOT Billabong zum Zuh\u00f6ren, Entdecken und Verweilen ein. Bereits im vierten Jahr begeistert \u201eLakeside\u201c mit einem vielf\u00e4ltigen Programm junger Bands und Solisten, die eigene Songs und kreative Coverversionen auf die B\u00fchne bringen \u2013 frisch, authentisch und voller Energie. Dieses Mal dabei sind der Musiker \u201eDeyan\u201c und die Bands \u201eUnited\u201c und \u201eFramed Words\u201c.<\/p>\n<p class=\"em_text\">Musik von der Ukulele bis zum Klavier, von Bierf\u00e4ssern als Schlagzeug bis zur Rockoper kommt von Deyan. United, die Schulband des Carl-Severing-Berufskollegs verbindet unterschiedliche Stilrichtungen zu einem kraftvollen Soundmix zwischen Indie, Pop und Retro-Vibes. Und Framed Words liefern Indie-Pop aus Bielefeld mit eigenen Songs, klarer Stimme und eing\u00e4ngigen Melodien.<\/p>\n<ul>\n<li>\n<b class=\"bold\">\ud83d\udcc5 Datum &amp; Uhrzeit: <\/b>6. Juni, ab 17 Uhr<\/li>\n<li>\n<b class=\"bold\">\ud83d\udccd Veranstaltungsort:<\/b> Aussichtsplattform am Stauteich III, Br\u00fcckenstra\u00dfe 15, 33607 Bielefeld<\/li>\n<li>\n<b class=\"bold\">\ud83c\udfab <\/b><b class=\"bold\">Eintritt: <\/b>frei<\/li>\n<\/ul>\n<p id=\"absatz9\"><b class=\"bold\">&gt;&gt;&gt; Im \u00dcberblick: <\/b><a href=\"https:\/\/www.nw.de\/lokal\/bielefeld\/mitte\/23511913_Wochenendtipps-fuer-Bielefeld-Alice-im-Wunderland-ein-Flohmarkt-und-ein-kostenloses-Festival-ET.html\" target=\"_blank\" rel=\"noopener\">Wochenendtipps f\u00fcr Bielefeld<\/a><\/p>\n<p>Weinmarkt in G\u00fctersloh<\/p>\n<p>        <a href=\"https:\/\/www.nw.de\/_em_daten\/_cache\/image\/1xdktqZWszUWNVRkNCZmJPQXhyZ3N2a3BqOTQwb0l3d05ybFVXMDFMeWRlSDYrNjYwNnYwK0Q3aFVFZFlLTTN0Y3p1K3RUakFIVVVZbWEwdStoSzlvMHc9PQ\/250605-1439-621212666.jpg\" class=\"nw-article-image\" title=\"Der G\u00fctersloher Weinmarkt findet traditionell zu Pfingsten von Freitag bis Pfingstmontag auf dem Theater Vorplatz mit einem umfangreichen Musik Angebot, heimischer Gastronomie und vielen Weinst\u00e4nden statt.\" data-glightbox=\"type: image; description: Der G\u00fctersloher Weinmarkt findet traditionell zu Pfingsten von Freitag bis Pfingstmontag auf dem Theater Vorplatz mit einem umfangreichen Musik Angebot, heimischer Gastronomie und vielen Weinst\u00e4nden statt.  | \u00a9 Andreas Fr\u00fccht \" target=\"_blank\" rel=\"noopener\"><br \/>\n            <img decoding=\"async\" src=\"https:\/\/www.europesays.com\/de\/wp-content\/uploads\/2025\/06\/250605-1439-621212666.jpg\" class=\"nw-img-fluid nw-w-full nw-lazy nw-rounded-t-md\" alt=\"Der G\u00fctersloher Weinmarkt findet traditionell zu Pfingsten von Freitag bis Pfingstmontag auf dem Theater Vorplatz mit einem umfangreichen Musik Angebot, heimischer Gastronomie und vielen Weinst\u00e4nden statt. - \u00a9 Andreas Fr\u00fccht\" data-format=\"16:9\"\/><br \/>\n        <\/a><\/p>\n<p>                Der G\u00fctersloher Weinmarkt findet traditionell zu Pfingsten von Freitag bis Pfingstmontag auf dem Theater Vorplatz mit einem umfangreichen Musik Angebot, heimischer Gastronomie und vielen Weinst\u00e4nden statt.<br \/>\n                                    | \u00a9 Andreas Fr\u00fccht<\/p>\n<p id=\"absatz11\"><b class=\"bold\">Freitag, 6. Juni, bis Montag, 9. Juni<\/b><\/p>\n<p id=\"absatz12\" class=\"em_text\">Das Gel\u00e4nde zwischen Theater und Wasserturm in der G\u00fctersloher Innenstadt verwandelt sich in den Tagen rund um Pfingsten zum Hotspot f\u00fcr Weinliebhaber. Auf dem Weinmarkt k\u00f6nnen bis Montag diverse Weine probiert werden; dazu ist ein abwechslungsreiches Programm mit zahlreichen Liveacts geplant. Die Band \u201eNext One\u201c er\u00f6ffnet das Musikprogramm am Freitagabend mit Rock, Pop und Partysound. Am Samstag folgt \u201ePatchwork Noise\u201c mit einem Mix aus Klassikern, Deutschpop und Rocksongs. Am Pfingstsonntag gibt es tags\u00fcber franz\u00f6sische Chansons und Pop mit dem Duo \u201eA-Mie\u201c, abends folgen dann Soul, Funk und Pop mit \u201eJoy 5\u201c. Den musikalischen Abschluss liefert am Montag das Duo \u201eTouch of Sound\u201c mit Rock, Blues und Reggae.<\/p>\n<p id=\"absatz13\">\ud83d\udcc5 <b class=\"bold\">Datum &amp; <\/b><b class=\"bold\">Uhrzeit: <\/b>Freitag, 18 bis 24 Uhr; Samstag, 16 bis 24 Uhr; Sonntag, 12 bis 24 Uhr; Montag, 12 bis 20 Uhr<\/p>\n<p id=\"absatz14\">\ud83d\udccd <b class=\"bold\">Adresse:<\/b> Hans-Werner-Henze-Platz, 33330 G\u00fctersloh<\/p>\n<p id=\"absatz15\">\ud83c\udfab <b class=\"bold\">Kosten: <\/b>frei<\/p>\n<p id=\"absatz16\"><b class=\"bold\">&gt;&gt;&gt; Im \u00dcberblick: <\/b><a href=\"https:\/\/www.nw.de\/lokal\/kreis_guetersloh\/guetersloh\/23545113_Magie-und-Artistik-beim-Neujahrsvariete-Das-ist-am-Wochenende-im-Kreis-Guetersloh-los-ET-v1.html\" target=\"_blank\" rel=\"noopener\">Wochenendtipps f\u00fcr den Kreis G\u00fctersloh<\/a><\/p>\n<p>Parkfestival in Bad Lippspringe<\/p>\n<p>        <a href=\"https:\/\/www.nw.de\/_em_daten\/_cache\/image\/1xTGFIcVRGSGlKQTNxaklmT2tRVi82aVdMK0lGNE55K2w5ak1vaTU0TjhtbVZLRnRwTkE5bDJoeGRJRWVYQ0xnSFlpdm1ML3A2eXlIeWJQTkRNUjhtK0E9PQ\/250605-1439-621179050.jpg\" class=\"nw-article-image\" title=\"Voxxclub rocken das Parkfestival 2025 in Bad Lippspringe.\" data-glightbox=\"type: image; description: Voxxclub rocken das Parkfestival 2025 in Bad Lippspringe.  | \u00a9 Maria Marz \" target=\"_blank\" rel=\"noopener\"><br \/>\n            <img decoding=\"async\" src=\"https:\/\/www.europesays.com\/de\/wp-content\/uploads\/2025\/06\/250605-1439-621179050.jpg\" class=\"nw-img-fluid nw-w-full nw-lazy nw-rounded-t-md\" alt=\"Voxxclub rocken das Parkfestival 2025 in Bad Lippspringe. - \u00a9 Maria Marz\" data-format=\"16:9\"\/><br \/>\n        <\/a><\/p>\n<p>                Voxxclub rocken das Parkfestival 2025 in Bad Lippspringe.<br \/>\n                                    | \u00a9 Maria Marz<\/p>\n<p id=\"absatz18\"><b class=\"bold\">Samstag, 7. Juni, bis Montag, 9. Juni<\/b><\/p>\n<p id=\"absatz19\" class=\"em_text\">Zehn verschiedene Live-Bands, ein Mittelalter- und Kunsthandwerkermarkt sowie zahlreiche Gastronomieangebote kommen am Pfingstwochenende f\u00fcr drei Tage nach Bad Lippspringe. An allen Tagen finden zudem ein Weinfest der Winzergemeinschaft und ein gro\u00dfes Kinderprogramm statt. Der Arminiuspark wird in der Zeit zur gro\u00dfen Konzertarena. Weitere Infos zum Parkfestival gibt es <a href=\"https:\/\/www.nw.de\/lokal\/kreis_paderborn\/bad_lippspringe\/24111114_VoXXclub-beim-Parkfestival-in-Bad-Lippspringe-Arminiuspark-wird-zur-Konzertarena.html\" target=\"_blank\" rel=\"noopener\">in unserem \u201eNW\u201c-Artikel.<\/a><\/p>\n<p id=\"absatz20\">\ud83d\udcc5 <b class=\"bold\">Datum &amp; Uhrzeit: <\/b>Samstag, 7. Juni, ab 15 Uhr, Sonntag, 8. Juni, ab 11 Uhr, Montag, 9. Juni, ab 10.30 Uhr<\/p>\n<p id=\"absatz21\">\ud83d\udccd <b class=\"bold\">Adresse: <\/b>Franz-Kleine-Park in Salzkotten<\/p>\n<p id=\"absatz22\">\ud83c\udfab <b class=\"bold\">Kosten:<\/b> Eintritt frei<\/p>\n<p id=\"absatz23\"><b class=\"bold\">&gt;&gt;&gt; Im \u00dcberblick: <\/b><a href=\"https:\/\/www.nw.de\/lokal\/kreis_paderborn\/paderborn\/23711480_Veranstaltungstipps-im-Kreis-Paderborn-Bierfest-Paderbrunch-und-offene-Ateliers-v1.html\" target=\"_blank\" rel=\"noopener\">Wochenendtipps f\u00fcr den Kreis Paderborn<\/a><\/p>\n<p>Internationales Stra\u00dfentheater Festival in Holzminden<\/p>\n<p>        <a href=\"https:\/\/www.nw.de\/_em_daten\/_cache\/image\/1xdktqZWszUWNVRkNCZmJPQXhyZ3N2dURDc3hPWjIvT3E5a2dmbWFUR2haRlhmOVUyWUlXb2preGx2ditCUjc5UWRyaU5ra3ZEQWZhU2M3aDJRUzdtWXc9PQ\/250605-1440-621202637.jpg\" class=\"nw-article-image\" title=\"Adrian Schvarzstein aus Spanien und Jurate Sirvyte Rukstele aus Litauen laden in \u0084Arrived\u0093 als Neuank\u00f6mmlinge das Publikum ein, gemeinsam Holzminden zu erkunden. Stra\u00dfentheater ohne Worte \u00fcber Migration, Leben im Exil und Neuankommende.\" data-glightbox=\"type: image; description: Adrian Schvarzstein aus Spanien und Jurate Sirvyte Rukstele aus Litauen laden in \u0084Arrived\u0093 als Neuank\u00f6mmlinge das Publikum ein, gemeinsam Holzminden zu erkunden. Stra\u00dfentheater ohne Worte \u00fcber Migration, Leben im Exil und Neuankommende.  | \u00a9 Stadt Holzminden \" target=\"_blank\" rel=\"noopener\"><br \/>\n            <img decoding=\"async\" src=\"https:\/\/www.europesays.com\/de\/wp-content\/uploads\/2025\/06\/250605-1440-621202637.jpg\" class=\"nw-img-fluid nw-w-full nw-lazy nw-rounded-t-md\" alt=\"Adrian Schvarzstein aus Spanien und Jurate Sirvyte Rukstele aus Litauen laden in \u0084Arrived\u0093 als Neuank\u00f6mmlinge das Publikum ein, gemeinsam Holzminden zu erkunden. Stra\u00dfentheater ohne Worte \u00fcber Migration, Leben im Exil und Neuankommende. - \u00a9 Stadt Holzminden\" data-format=\"16:9\"\/><br \/>\n        <\/a><\/p>\n<p>                Adrian Schvarzstein aus Spanien und Jurate Sirvyte Rukstele aus Litauen laden in \u0084Arrived\u0093 als Neuank\u00f6mmlinge das Publikum ein, gemeinsam Holzminden zu erkunden. Stra\u00dfentheater ohne Worte \u00fcber Migration, Leben im Exil und Neuankommende.<br \/>\n                                    | \u00a9 Stadt Holzminden<\/p>\n<p id=\"absatz25\"><b class=\"bold\">Freitag, 6. Juni, bis Sonntag, 8. Juni<\/b><\/p>\n<p id=\"absatz26\" class=\"em_text\">Am Pfingstwochenende werden zum 17. Mal hochklassige internationale K\u00fcnstlergruppen und Solo-K\u00fcnstler die Stra\u00dfen und Pl\u00e4tze der Stadt Holzminden unsicher machen. Die Vorbereitungen laufen laut Veranstalter auf Hochtouren. Besucherinnen und Besucher sollen am Wochenende die ganz besondere Atmosph\u00e4re, die so typisch f\u00fcr das Holzmindener Stra\u00dfentheater Festival ist, aufnehmen k\u00f6nnen.<\/p>\n<p id=\"absatz27\">\ud83d\udcc5 <b class=\"bold\">Datum &amp; <\/b><b class=\"bold\">Uhrzeit:<\/b> Samstag, 7. Juni, um 14.30 und 18 Uhr, Sonntag, 8. Juni, um 16.15 und 19.15 Uhr<\/p>\n<p id=\"absatz28\">\ud83d\udccd <b class=\"bold\">Adresse:<\/b> Innenstadtbereich Holzminden<\/p>\n<p id=\"absatz29\">\ud83c\udfab <b class=\"bold\">Kosten:<\/b> Eintritt frei<\/p>\n<p id=\"absatz30\"><b class=\"bold\">&gt;&gt;&gt; Im \u00dcberblick: <\/b><a href=\"https:\/\/www.nw.de\/lokal\/kreis_hoexter\/hoexter\/23700125_Wochenendtipps-fuer-den-Kreis-Hoexter-Strassen-Festival-Sportfotografie-und-Pfingstvesper.html\" target=\"_blank\" rel=\"noopener\">Wochenendtipps f\u00fcr den Kreis H\u00f6xter<\/a><\/p>\n<p>Tag der offenen T\u00fcr im GOP Variet\u00e9 Bad Oeynhausen<\/p>\n<p>        <a href=\"https:\/\/www.nw.de\/_em_daten\/_cache\/image\/1xM0RrQzF0TkFlY3JaZmhIODF4NkRNbVZ2QVd0bVJVZ2ZwdDhydThVZnFsQW5BYk1SelFtY1F4WE1WR1hBMm5KTHV4NnNkcHAvU2xSVXZUNDFCRkpCbGc9PQ\/250605-1439-621204333.jpg\" class=\"nw-article-image\" title=\"An Pfingstmontag \u00f6ffnet das GOP Variet\u00e9 Theater seine T\u00fcren. Highlight des Tages: eine Fahrt im Kaltluftballon \u00fcber den Kurpark.\" data-glightbox=\"type: image; description: An Pfingstmontag \u00f6ffnet das GOP Variet\u00e9 Theater seine T\u00fcren. Highlight des Tages: eine Fahrt im Kaltluftballon \u00fcber den Kurpark.  | \u00a9 GOP Variet\u00e9 Theater \" target=\"_blank\" rel=\"noopener\"><br \/>\n            <img decoding=\"async\" src=\"https:\/\/www.europesays.com\/de\/wp-content\/uploads\/2025\/06\/250605-1439-621204333.jpg\" class=\"nw-img-fluid nw-w-full nw-lazy nw-rounded-t-md\" alt=\"An Pfingstmontag \u00f6ffnet das GOP Variet\u00e9 Theater seine T\u00fcren. Highlight des Tages: eine Fahrt im Kaltluftballon \u00fcber den Kurpark. - \u00a9 GOP Variet\u00e9 Theater\" data-format=\"16:9\"\/><br \/>\n        <\/a><\/p>\n<p>                An Pfingstmontag \u00f6ffnet das GOP Variet\u00e9 Theater seine T\u00fcren. Highlight des Tages: eine Fahrt im Kaltluftballon \u00fcber den Kurpark.<br \/>\n                                    | \u00a9 GOP Variet\u00e9 Theater<\/p>\n<p id=\"absatz32\"><b class=\"bold\">Montag, 9. Juni <\/b><\/p>\n<p id=\"absatz33\" class=\"em_text\">An Pfingstmontag, \u00f6ffnet das GOP Variet\u00e9 Theater in Bad Oeynhausen von 12 bis 18 Uhr seine T\u00fcren f\u00fcr alle. Unter dem Motto \u201eKunstgenuss und Genusskunst\u201c wartet ein buntes Programm auf gro\u00dfe und kleine G\u00e4ste: Es gibt Showeinblicke in die neue Variet\u00e9-Show \u201eStreng geheim\u201c, leckeres Essen von Pizza bis Lachs, eine Lasershow im Adiamo Club, Musik von Schierbaum &amp; Friends \u2013 und ein echtes Highlight: eine Fahrt im Kaltluftballon \u00fcber den Kurpark.<\/p>\n<p id=\"absatz34\" class=\"bodytext\">F\u00fcr Kinder gibt es einen gro\u00dfen Spielbereich, f\u00fcr die Gro\u00dfen, Getr\u00e4nke auf der Sonnenterrasse. Und wer gerade am Heiraten ist oder\u2019s vorhat \u2013 auch eine Hochzeitsmesse ist am Start.<\/p>\n<p id=\"absatz35\">\ud83d\udcc5 <b class=\"bold\">Datum &amp; <\/b><b class=\"bold\">Uhrzeit:<\/b> Montag, 9. Juni, von 12 bis 18 Uhr<\/p>\n<p id=\"absatz36\">\ud83d\udccd <b class=\"bold\">Adresse:<\/b> Im Kurgarten 8, 32545 Bad Oeynhausen<\/p>\n<p id=\"absatz37\">\ud83c\udfab <b class=\"bold\">Kosten: <\/b>Eintritt frei<\/p>\n<p>Sch\u00fctzenverein Espelkamp<\/p>\n<p id=\"absatz38\"><b class=\"bold\">Samstag, 7. Juni, bis Montag, 9. Juni <\/b><\/p>\n<p id=\"absatz39\" class=\"em_text\">An diesem Wochenende wird in Rahden wieder kr\u00e4ftig gefeiert: Am Pfingstsamstag startet das Fest um 22 Uhr mit Musik-Feuerwerk und Party, am Pfingstsonntag folgt ab 14.30 Uhr das Kindersch\u00fctzenfest mit Laserschie\u00dfen und kostenlosem Eis f\u00fcr alle teilnehmenden Kinder \u2013 abends ab 21 Uhr wieder Party. Der Pfingstmontag steht im Zeichen des traditionellen Adlerschie\u00dfens, begleitet von Stimmung bis in den Abend.<\/p>\n<ul>\n<li>\ud83d\udcc5 <b class=\"bold\">Datum &amp; Uhrzeit: <\/b>Samstag, 7. Juni, um 22 Uhr, Sonntag, 8. Juni, um 14.30 Uhr, Montag, 9. Juni, ab 11.30 Uhr<\/li>\n<li>\ud83d\udccd <b class=\"bold\">Adresse: <\/b>Am Espelk\u00e4mper Feld 5\/B239, 32369 Rahden\n<\/li>\n<li>\ud83c\udfab <b class=\"bold\">Eintritt:<\/b> Freier Eintritt<\/li>\n<\/ul>\n<p>125 Jahre Feuerwehr Gro\u00dfenmarpe in Blomberg<\/p>\n<p>        <a href=\"https:\/\/www.nw.de\/_em_daten\/_cache\/image\/1xTjNUakpzVHMzOC9IRjdjbEppRWl2QWtXaTRjMG5uMEsraWloYmRkKzhiSSt4UE1RKytWR2I0ZGhJVGRzKzhKcERTQWV0TGlydncydkZyUXl3aU5xZEE9PQ\/250605-1439-621210208.jpg\" class=\"nw-article-image\" title=\"Die L\u00f6schgruppe Gro\u00dfenmarpe feiert am 7. Juni ihren 125. Geburtstag.\" data-glightbox=\"type: image; description: Die L\u00f6schgruppe Gro\u00dfenmarpe feiert am 7. Juni ihren 125. Geburtstag.  | \u00a9 Feuerwehr Blomberg \" target=\"_blank\" rel=\"noopener\"><br \/>\n            <img decoding=\"async\" src=\"https:\/\/www.europesays.com\/de\/wp-content\/uploads\/2025\/06\/250605-1439-621210208.jpg\" class=\"nw-img-fluid nw-w-full nw-lazy nw-rounded-t-md\" alt=\"Die L\u00f6schgruppe Gro\u00dfenmarpe feiert am 7. Juni ihren 125. Geburtstag. - \u00a9 Feuerwehr Blomberg\" data-format=\"16:9\"\/><br \/>\n        <\/a><\/p>\n<p>                Die L\u00f6schgruppe Gro\u00dfenmarpe feiert am 7. Juni ihren 125. Geburtstag.<br \/>\n                                    | \u00a9 Feuerwehr Blomberg<\/p>\n<p id=\"absatz41\"><b class=\"bold\">Samstag, 7. Juni <\/b><\/p>\n<p id=\"absatz42\" class=\"em_text\">Die L\u00f6schgruppe Gro\u00dfenmarpe der Freiwilligen Feuerwehr Blomberg feiert am 7. Juni ihren 125. Geburtstag. Das Programm verspricht viel Abwechslung. Neben einer \u00dcbung der Jugendfeuerwehr wird es eine H\u00fcpfburg sowie eine Fahrzeugschau geben.<\/p>\n<p id=\"absatz43\" class=\"em_text\">F\u00fcr ausreichend Essen und Getr\u00e4nke sowie Kaffee und Kuchen ist ebenfalls gesorgt. F\u00fcr musikalische Unterhaltung sorgt der Spielmannszug Istrup.<\/p>\n<ul>\n<li>\ud83d\udcc5 <b class=\"bold\">Datum &amp; Uhrzeit: <\/b>Samstag, 7. Juni, um 14 Uhr<\/li>\n<li>\ud83d\udccd <b class=\"bold\">Adresse: <\/b>Feuerwehrger\u00e4tehaus, Neustadt 33, 32825 Blomberg\n<\/li>\n<li>\ud83c\udfab <b class=\"bold\">Eintritt:<\/b> freier Eintritt<\/li>\n<li>\n<b class=\"bold\">&gt;&gt;&gt; Im \u00dcberblick: <\/b><a href=\"https:\/\/www.lz.de\/lippe\/kreis_lippe\/23920269_Was-ist-los-in-Lippe-15.-bis-17.-November.html\" target=\"_blank\" rel=\"noopener\">Wochenendtipps f\u00fcr den Kreis Lippe<\/a><\/li>\n<\/ul>\n<p>Trampolinhallen in Ostwestfalen-Lippe<\/p>\n<p>        <a href=\"https:\/\/www.nw.de\/_em_daten\/_cache\/image\/1xKy9uTXBqekZZNGU2ZXlPS2FaNEl6MStEejZ6S1VaNkladUd3UG1pTG5KL2pDeVBjeWNsZHBMbEpoQXlvSERQNmZWeGlpSUZESWppMlBxMDRCU1RqRVE9PQ\/250227-1654-517571468.jpg\" class=\"nw-article-image\" title=\"In der bekannten Trampolinhalle \" springolino=\"\" in=\"\" herford=\"\" werden=\"\" geburtstagsfeiern=\"\" f=\"\" kinder=\"\" angeboten.=\"\" data-glightbox=\"type: image; description: In der bekannten Trampolinhalle &quot;Springolino&quot; in Herford werden Geburtstagsfeiern f\u00fcr Kinder angeboten.  | \u00a9 Ralf Bittner \" target=\"_blank\" rel=\"noopener\"><br \/>\n            <img decoding=\"async\" src=\"https:\/\/www.europesays.com\/de\/wp-content\/uploads\/2025\/04\/250227-1654-517571468.jpg\" class=\"nw-img-fluid nw-w-full nw-lazy nw-rounded-t-md\" alt=\"In der bekannten Trampolinhalle &quot;Springolino&quot; in Herford werden Geburtstagsfeiern f\u00fcr Kinder angeboten. - \u00a9 Ralf Bittner\" data-format=\"16:9\"\/><br \/>\n        <\/a><\/p>\n<p>                In der bekannten Trampolinhalle &#8222;Springolino&#8220; in Herford werden Geburtstagsfeiern f\u00fcr Kinder angeboten.<br \/>\n                                    | \u00a9 Ralf Bittner<\/p>\n<p id=\"absatz45\" class=\"em_text\">Hoch hinaus geht es nicht nur im Kletterpark, sondern auch in den Trampolinhallen in Ostwestfalen-Lippe. Springen, Saltos und Parcours \u2013 alles sicher abgefedert von Schaumstoff und Trampolinnetzen. Jumping-Begeisterte werden unter anderem an diesen Orten f\u00fcndig:<\/p>\n<p id=\"absatz46\"><b class=\"bold\">Superfly in Bielefeld: <\/b><\/p>\n<p id=\"absatz47\">\ud83d\udccd<b class=\"bold\">Adresse<\/b>: Babenhauser Str. 325, 33619 Bielefeld<\/p>\n<p id=\"absatz48\">\ud83d\udd52<b class=\"bold\">\u00d6ffnungszeiten<\/b>: Donnerstag, 29. Mai, und Freitag, 30. Mai, 10 bis 20 Uhr; generell montags bis freitags 15 bis 20 Uhr; samstags 10 bis 20 Uhr; sonntags 10 bis 19 Uhr<\/p>\n<p id=\"absatz49\"><b class=\"bold\">Springolino in Herford: <\/b><\/p>\n<p id=\"absatz50\">\ud83d\udccd<b class=\"bold\">Adresse<\/b>: Kiebitzstra\u00dfe 42, 32051 Herford<\/p>\n<p id=\"absatz51\">\ud83d\udd52<b class=\"bold\">\u00d6ffnungszeiten<\/b>: Mittwoch bis Freitag von 14.30 bis 19 Uhr; samstags und sonntags von 11 bis 19 Uhr<\/p>\n<p id=\"absatz52\"><b class=\"bold\">Hi! Jump Park in Minden: <\/b><\/p>\n<p id=\"absatz53\">\ud83d\udccd<b class=\"bold\">Adresse<\/b>: Gesellenweg 7, 32427 Minden<\/p>\n<p id=\"absatz54\">\ud83d\udd52<b class=\"bold\">\u00d6ffnungszeiten<\/b>: Donnerstag, 29. Mai, 15 bis 19 Uhr; generell t\u00e4glich von 15 bis 19 Uhr, am Wochenende bereits um 10 Uhr<\/p>\n<p id=\"absatz55\"><b class=\"bold\">Activity Park in Paderborn:<\/b><\/p>\n<p id=\"absatz56\">\ud83d\udccd<b class=\"bold\">Adresse<\/b>: Pamplonastra\u00dfe 15, 33106 Paderborn<\/p>\n<p id=\"absatz57\">\ud83d\udd52<b class=\"bold\">\u00d6ffnungszeiten<\/b>: Donnerstag, 29. Mai, 11 bis 19 Uhr; freitags 15 bis 20 Uhr; samstags 11 bis 20 Uhr; sonntags 11 bis 19 Uhr<\/p>\n<p>Kletterparks und Hochseilg\u00e4rten<\/p>\n<p>        <a href=\"https:\/\/www.nw.de\/_em_daten\/_cache\/image\/1xblY5ZWlKTjJTYjUwc1NOV3NJVFAyZmVHRUMwbUdBOUYwS0dBZ2N5MXR0bnZCN2llZ3k3TlRsOGxnYUdYUHFvNTNwZ3lIczNmMjk1NlIyOG9YY2l5QkE9PQ\/250227-1654-517571609.jpg\" class=\"nw-article-image\" title=\"Kletterpark Bielefeld\" data-glightbox=\"type: image; description: Kletterpark Bielefeld  | \u00a9 Andreas Zobe \" target=\"_blank\" rel=\"noopener\"><br \/>\n            <img decoding=\"async\" src=\"https:\/\/www.europesays.com\/de\/wp-content\/uploads\/2025\/04\/250227-1654-517571609.jpg\" class=\"nw-img-fluid nw-w-full nw-lazy nw-rounded-t-md\" alt=\"Kletterpark Bielefeld - \u00a9 Andreas Zobe\" data-format=\"16:9\"\/><br \/>\n        <\/a><\/p>\n<p>                Kletterpark Bielefeld<br \/>\n                                    | \u00a9 Andreas Zobe<\/p>\n<p id=\"absatz59\" class=\"em_text\">Wer keine H\u00f6henangst hat, kann sich in einem der zahlreichen Kletterparks und Hochseilg\u00e4rten in Ostwestfalen-Lippe ins n\u00e4chste Abenteuer st\u00fcrzen. Der \u00dcberblick:<\/p>\n<p id=\"absatz60\">F\u00fcr Indoor-Kletterfans ist die <b class=\"bold\">Boulderhalle Bielefeld<\/b> ein gutes Ausflugsziel. Auf 1.300 Quadratmeter Fl\u00e4che gibt es mehr als 300 Routen in verschiedenen Schwierigkeitsgraden.<\/p>\n<p id=\"absatz61\">\ud83d\udccd <b class=\"bold\">Adresse<\/b>: Am Waldbad 60, 33659 Bielefeld<\/p>\n<p id=\"absatz62\">\ud83d\udd52 \ud83c\udfab <b class=\"bold\">\u00d6ffnungszeiten und Preise<\/b>: <a href=\"https:\/\/www.boulderhalle-bielefeld.de\/zeiten-preise.html\" rel=\"noopener\" target=\"_blank\">zum Buchungssystem<\/a><\/p>\n<p id=\"absatz63\">Im Kreis G\u00fctersloh kann im <b class=\"bold\">Kletterpark Rietberg<\/b> geklettert werden. Hier wird zudem auch noch Bogenschie\u00dfen angeboten.<\/p>\n<p id=\"absatz64\">\ud83d\udccd <b class=\"bold\">Adresse<\/b>: Torfweg 53, 33397 Rietberg<\/p>\n<p id=\"absatz65\">\ud83d\udd52 \ud83c\udfab <b class=\"bold\">\u00d6ffnungszeiten und Preise<\/b>: <a href=\"https:\/\/www.schnurstracks-kletterparks.de\/rietberg\/oeffnungszeiten\" rel=\"noopener\" target=\"_blank\">zum Buchungssystem<\/a><\/p>\n<p id=\"absatz66\">Der <b class=\"bold\">Kletterpark Detmold<\/b> am Hermannsdenkmal bietet laut eigener Aussage sechs verschiedene Parcours mit unterschiedlichen Schwierigkeitsgraden an. Spezielle Bambini-Parcours sind f\u00fcr Kinder ab drei Jahren geeignet.<\/p>\n<p id=\"absatz67\">\ud83d\udccd <b class=\"bold\">Adresse<\/b>: Grotenburg 50, 32760 Detmold<\/p>\n<p id=\"absatz68\">\ud83d\udd52 \ud83c\udfab <b class=\"bold\">\u00d6ffnungszeiten und Preise<\/b>: <a href=\"https:\/\/www.interakteam.de\/kletterpark-detmold\/online-buchung\/\" rel=\"noopener\" target=\"_blank\">zum Buchungssystem<\/a><\/p>\n<p id=\"absatz69\">Der <b class=\"bold\">Kletterpark Bielefeld<\/b> geh\u00f6rt laut Beschreibung auf der Firmen-Homepage zu den gr\u00f6\u00dften in NRW und bietet zehn H\u00f6hen- und vier \u00dcbungsparcours. F\u00fcr Kinder ab drei Jahren und unter einer K\u00f6rpergr\u00f6\u00dfe von 120 cm gibt es mehrere Bambini-Parcours.<\/p>\n<p id=\"absatz70\">\ud83d\udccd <b class=\"bold\">Adresse<\/b>: Am Johannisberg 3, 33615 Bielefeld<\/p>\n<p id=\"absatz71\">\ud83d\udd52 \ud83c\udfab <b class=\"bold\">\u00d6ffnungszeiten und Preise<\/b>: <a href=\"https:\/\/www.interakteam.de\/kletterpark-bielefeld\/online-buchung\/\" rel=\"noopener\" target=\"_blank\">zum Buchungssystem<\/a><\/p>\n<p id=\"absatz72\">Der <b class=\"bold\">Kletterpark Paderborn<\/b> bietet eine Vielzahl von Herausforderungen f\u00fcr Anf\u00e4nger und Fortgeschrittene. F\u00fcr Kindergeburtstage ist ab sechs Kindern eine Anmeldung n\u00f6tig.<\/p>\n<p id=\"absatz73\">\ud83d\udccd <b class=\"bold\">Adresse<\/b>: Dubelohstra\u00dfe 79, 33102 Paderborn<\/p>\n<p id=\"absatz74\">\ud83d\udd52 \ud83c\udfab <b class=\"bold\">\u00d6ffnungszeiten und Preise<\/b>: <a href=\"https:\/\/www.paderkletterpark.de\/\" rel=\"noopener\" target=\"_blank\">zum Buchungssystem<\/a><\/p>\n<p>Zoos und Tierparks in OWL<\/p>\n<p>        <a href=\"https:\/\/www.nw.de\/_em_daten\/_cache\/image\/1xRDhlVms3Mk03Y3o2VzVYUUVVNzVjVTdlYVR3eGpjaFpyNWhpYTR3K2t1THZRV3BaWUpZSGl3R0taYmhCR29IeDI4QmQyYitIc0J2R2c5SjczdkFSZ3pVVm9PWHpJb284SFRRbkQ2dVE2UGs9\/250227-1654-517572874.jpg\" class=\"nw-article-image\" title=\"Tierpark Olderdissen im Nebel.\" data-glightbox=\"type: image; description: Tierpark Olderdissen im Nebel.  | \u00a9 Sarah Jonek \" target=\"_blank\" rel=\"noopener\"><br \/>\n            <img decoding=\"async\" src=\"https:\/\/www.europesays.com\/de\/wp-content\/uploads\/2025\/04\/250227-1654-517572874.jpg\" class=\"nw-img-fluid nw-w-full nw-lazy nw-rounded-t-md\" alt=\"Tierpark Olderdissen im Nebel. - \u00a9 Sarah Jonek\" data-format=\"16:9\"\/><br \/>\n        <\/a><\/p>\n<p>                Tierpark Olderdissen im Nebel.<br \/>\n                                    | \u00a9 Sarah Jonek<\/p>\n<p id=\"absatz76\" class=\"em_text\">Tierparks sind nicht nur genau das Richtige f\u00fcr viele Familien, sondern f\u00fcr alle, die gerne ein bisschen spazieren gehen und dabei Tiere beobachten. In Ostwestfalen-Lippe gibt es vier Tierparks, in manchen leben eher heimische Tierarten, in anderen sind auch Zebras, Tiger und Co. zu Hause.<\/p>\n<p id=\"absatz77\">Im <b class=\"bold\">Heimat-Tierpark Olderdissen<\/b> sind vor allem heimische Tiere zu Hause. Zu den Attraktionen geh\u00f6ren beispielsweise W\u00f6lfe, B\u00e4ren und Luchse.<\/p>\n<p id=\"absatz78\">\ud83d\udccd<b class=\"bold\">Adresse<\/b>: Dornberger Str. 151, 33619 Bielefeld<\/p>\n<p id=\"absatz79\">\ud83d\udd52<b class=\"bold\">\u00d6ffnungszeiten<\/b>: <a href=\"https:\/\/www.bielefeld.de\/tierpark\" rel=\"noopener\" target=\"_blank\">alle wichtigen Informationen<\/a><\/p>\n<p id=\"absatz80\">Im <b class=\"bold\">Tierpark in Herford<\/b> sind regionale und exotische Tiere zu Hause.<\/p>\n<p id=\"absatz81\">\ud83d\udccd<b class=\"bold\">Adresse<\/b>: Stadtholzstra\u00dfe 234, 32049 Herford<\/p>\n<p id=\"absatz82\">\ud83d\udd52<b class=\"bold\">\u00d6ffnungszeiten und Preise<\/b>: <a href=\"https:\/\/www.tierpark-herford.de\/oeffnungszeiten-und-preise\" rel=\"noopener\" target=\"_blank\">alle wichtigen Informationen<\/a><\/p>\n<p id=\"absatz83\">Auch die <b class=\"bold\">Adlerwarte Berlebeck<\/b> bietet ein umfangreiches Programm an: Es k\u00f6nnen 200 verschiedene V\u00f6gel aus etwa 40 verschiedenen Arten bewundert werden.<\/p>\n<p id=\"absatz84\">\ud83d\udccd<b class=\"bold\">Adresse<\/b>: Hangsteinstra\u00dfe (Parkplatz), 32760 Detmold<\/p>\n<p id=\"absatz85\">\ud83d\udd52<b class=\"bold\">\u00d6ffnungszeiten und Preise<\/b>: <a href=\"https:\/\/www.detmold-adlerwarte.de\/programme-preise\/\" rel=\"noopener\" target=\"_blank\">alle wichtigen Informationen<\/a><\/p>\n<p id=\"absatz86\">Das <b class=\"bold\">Safariland Stukenbrock <\/b>lockt mit 600 exotischen Tieren und rund 30 Attraktionen.<\/p>\n<p id=\"absatz87\">\ud83d\udccd<b class=\"bold\">Adresse<\/b>: Mittelweg 16, 33758 Schlo\u00df Holte-Stukenbrock<\/p>\n<p id=\"absatz88\">\ud83d\udd52<b class=\"bold\">\u00d6ffnungszeiten und Preise<\/b>: <a href=\"https:\/\/safariland-stukenbrock.de\/infos\" rel=\"noopener\" target=\"_blank\">alle wichtigen Informationen<\/a><\/p>\n<p>F\u00fcr Aktive und Wanderfreunde: Ausfl\u00fcge in OWL<\/p>\n<p>        <a href=\"https:\/\/www.nw.de\/_em_daten\/_cache\/image\/1xTGUyZXpzUmFNM2NoeUdJVnJOQngvNjZvZWsrb2xSVVpCaW8zU1g2ZHo4dFZWNy9wbXRIWWNFOGNIRjliNnBOQlRoSVVjTG02S1VrYWZaNCtnclptb3c9PQ\/250227-1654-517573198.jpg\" class=\"nw-article-image\" title=\"Wandern ist auch f\u00fcr Kinder ein Erlebnis.\" data-glightbox=\"type: image; description: Wandern ist auch f\u00fcr Kinder ein Erlebnis.  | \u00a9 Micha\u0142 auf Pixabay \" target=\"_blank\" rel=\"noopener\"><br \/>\n            <img decoding=\"async\" src=\"https:\/\/www.europesays.com\/de\/wp-content\/uploads\/2025\/04\/250227-1654-517573198.jpg\" class=\"nw-img-fluid nw-w-full nw-lazy nw-rounded-t-md\" alt=\"Wandern ist auch f\u00fcr Kinder ein Erlebnis. - \u00a9 Micha\u0142 auf Pixabay\" data-format=\"16:9\"\/><br \/>\n        <\/a><\/p>\n<p>                Wandern ist auch f\u00fcr Kinder ein Erlebnis.<br \/>\n                                    | \u00a9 Micha\u0142 auf Pixabay<\/p>\n<p id=\"absatz90\" class=\"em_text\">Um sch\u00f6ne und spannende Orte zu entdecken, muss man OWL nicht verlassen. M\u00f6glichkeiten f\u00fcr Tagesausfl\u00fcge gibt es gen\u00fcgend. Auch Wanderer und Radfahrer, die schon viele Routen in der Region in- und auswendig kennen, k\u00f6nnen noch neue Strecken entdecken. F\u00fcr uns haben Leserinnen und Leser weniger bekannte <a href=\"https:\/\/www.nw.de\/nachrichten\/zwischen_weser_und_rhein\/23000643_Fuenf-weniger-bekannte-Rad-und-Wanderwege-in-OWL-ET.html\" target=\"_blank\" rel=\"noopener\">Rad- und Wanderwege<\/a> empfohlen. Und noch ein paar Geheimtipps: <a href=\"https:\/\/www.nw.de\/lokal\/bielefeld\/mitte\/22438153_Geheimtipps-in-Bielefeld-Diese-10-Orte-muss-jeder-gesehen-haben-ET.html\" target=\"_blank\" rel=\"noopener\">Zehn Orte<\/a>, die man in Bielefeld gesehen haben muss, wenn man Sparrenburg, Teutoburger Wald und Co. schon oft genug bewundert hat.<\/p>\n<p id=\"absatz91\" class=\"em_text\">Wer doch lieber mit Freunden und Familie ein gem\u00fctliches Grillen veranstalten will, findet in OWL viele Grillfleischautomaten \u2013 sollte die Idee spontan kommen und der Metzger schon geschlossen haben:<\/p>\n<p id=\"absatz92\">\ud83d\udc49<b class=\"bold\">Grillfleisch to go:<\/b> <a href=\"https:\/\/www.nw.de\/nachrichten\/zwischen_weser_und_rhein\/21830173_Grillwurst-to-go-Hier-finden-Sie-in-OWL-Fleischautomaten.html\" target=\"_blank\" rel=\"noopener\">Hier finden Sie in OWL Fleischautomaten<\/a><\/p>\n<p id=\"absatz93\" class=\"em_text\">\u00dcber Konzerte und Comedy bis zu Theaterst\u00fccken und Kunstausstellungen: Das Eventportal \u201e<a href=\"https:\/\/www.nw.de\/events\" target=\"_blank\" rel=\"noopener\">Erwin<\/a>\u201c bietet eine \u00dcbersicht zu vielen Veranstaltungen in der Region. Veranstaltungen und Events in den Regionen:<\/p>\n<p id=\"absatz94\" class=\"em_text\"><a href=\"https:\/\/www.nw.de\/events\/city\/bielefeld\" target=\"_blank\" rel=\"noopener\">Veranstaltungen und Events \ud83c\udfab in Bielefeld<\/a><\/p>\n<p id=\"absatz95\" class=\"em_text\"><a href=\"https:\/\/www.nw.de\/events\/city\/guetersloh\" target=\"_blank\" rel=\"noopener\">Veranstaltungen und Events \ud83c\udfab in G\u00fctersloh<\/a><\/p>\n<p id=\"absatz96\" class=\"em_text\"><a href=\"https:\/\/www.nw.de\/events\/city\/herford\" target=\"_blank\" rel=\"noopener\">Veranstaltungen und Events \ud83c\udfab in Herford<\/a>, <a href=\"https:\/\/www.nw.de\/events\/city\/bad-oeynhausen\" target=\"_blank\" rel=\"noopener\">Bad Oeynhausen<\/a>, <a href=\"https:\/\/www.nw.de\/events\/city\/luebbecke\" target=\"_blank\" rel=\"noopener\">L\u00fcbbecke<\/a> und <a href=\"https:\/\/www.nw.de\/events\/city\/minden\" target=\"_blank\" rel=\"noopener\">Minden<\/a><\/p>\n<p id=\"absatz97\" class=\"em_text\"><a href=\"https:\/\/www.nw.de\/events\/search?term=h%C3%B6xter\" target=\"_blank\" rel=\"noopener\">Veranstaltungen und Events \ud83c\udfab in H\u00f6xter<\/a><\/p>\n<p id=\"absatz98\" class=\"em_text\"><a href=\"https:\/\/www.nw.de\/events\/city\/paderborn\" target=\"_blank\" rel=\"noopener\">Veranstaltungen und Events \ud83c\udfab in Paderborn<\/a> <\/p>\n","protected":false},"excerpt":{"rendered":"In Sachen Veranstaltungen und Events ist in Ostwestfalen-Lippe das ganze Jahr viel los, egal ob Kultur in einer&hellip;\n","protected":false},"author":2,"featured_media":172720,"comment_status":"","ping_status":"","sticky":false,"template":"","format":"standard","meta":{"footnotes":""},"categories":[1841],"tags":[22050,21103,25207,42650,26861,1605,45986,57292,3364,16397,29,4115,10120,30,22049,59041,22056,16398,59044,22051,25700,9311,9307,730,16359,1609,2379,9308,2377,1608,16896,9309,16466,2381,9312,16362,22055,16395,1209,22058,22059,727,42487,55548,56487,59042,59043,59039,10123,7764,10842,59040,16455],"class_list":{"0":"post-172719","1":"post","2":"type-post","3":"status-publish","4":"format-standard","5":"has-post-thumbnail","7":"category-bielefeld","8":"tag-ffnungszeit","9":"tag-pfingsten","10":"tag-weinfest","11":"tag-bad-lippspringe","12":"tag-bad-oeynhausen","13":"tag-bielefeld","14":"tag-blomberg","15":"tag-brckenstrae","16":"tag-de","17":"tag-detmold","18":"tag-deutschland","19":"tag-event","20":"tag-gtersloh","21":"tag-germany","22":"tag-getrnke","23":"tag-groenmarpe","24":"tag-hxter","25":"tag-herford","26":"tag-holzminden","27":"tag-kletterpark","28":"tag-kreis-paderborn","29":"tag-label_familie-freizeit","30":"tag-label_foto","31":"tag-label_grafik","32":"tag-label_inspiriere-mich","33":"tag-label_plus-ok","34":"tag-label_push","35":"tag-label_republish","36":"tag-label_startseite","37":"tag-label_top-news","38":"tag-label_xl-160","39":"tag-label_zeitboost","40":"tag-meta_artikelklasse_service","41":"tag-meta_copyrights_rgowl_freier_mitarbeiter","42":"tag-meta_themen_familie_bildung_freizeit","43":"tag-meta_userneeds_inspirieremich","44":"tag-minden","45":"tag-neue-westflische","46":"tag-nordrhein-westfalen","47":"tag-ostwestfalen-lippe","48":"tag-owl","49":"tag-paderborn","50":"tag-pfingstmontag","51":"tag-pfingstsonntag","52":"tag-pfingstwochenende","53":"tag-rahden","54":"tag-salzkotten","55":"tag-schtzenfest","56":"tag-serie_nlmittagsnotiz","57":"tag-uhrzeit","58":"tag-veranstaltungsort","59":"tag-weinmarkt","60":"tag-wochenendtipp"},"share_on_mastodon":{"url":"","error":"Validation failed: Text character limit of 500 exceeded"},"_links":{"self":[{"href":"https:\/\/www.europesays.com\/de\/wp-json\/wp\/v2\/posts\/172719","targetHints":{"allow":["GET"]}}],"collection":[{"href":"https:\/\/www.europesays.com\/de\/wp-json\/wp\/v2\/posts"}],"about":[{"href":"https:\/\/www.europesays.com\/de\/wp-json\/wp\/v2\/types\/post"}],"author":[{"embeddable":true,"href":"https:\/\/www.europesays.com\/de\/wp-json\/wp\/v2\/users\/2"}],"replies":[{"embeddable":true,"href":"https:\/\/www.europesays.com\/de\/wp-json\/wp\/v2\/comments?post=172719"}],"version-history":[{"count":0,"href":"https:\/\/www.europesays.com\/de\/wp-json\/wp\/v2\/posts\/172719\/revisions"}],"wp:featuredmedia":[{"embeddable":true,"href":"https:\/\/www.europesays.com\/de\/wp-json\/wp\/v2\/media\/172720"}],"wp:attachment":[{"href":"https:\/\/www.europesays.com\/de\/wp-json\/wp\/v2\/media?parent=172719"}],"wp:term":[{"taxonomy":"category","embeddable":true,"href":"https:\/\/www.europesays.com\/de\/wp-json\/wp\/v2\/categories?post=172719"},{"taxonomy":"post_tag","embeddable":true,"href":"https:\/\/www.europesays.com\/de\/wp-json\/wp\/v2\/tags?post=172719"}],"curies":[{"name":"wp","href":"https:\/\/api.w.org\/{rel}","templated":true}]}}