{"id":172721,"date":"2025-06-07T22:10:08","date_gmt":"2025-06-07T22:10:08","guid":{"rendered":"https:\/\/www.europesays.com\/de\/172721\/"},"modified":"2025-06-07T22:10:08","modified_gmt":"2025-06-07T22:10:08","slug":"zimmerbrand-in-mehrfamilienhaus-zwei-personen-verletzt","status":"publish","type":"post","link":"https:\/\/www.europesays.com\/de\/172721\/","title":{"rendered":"Zimmerbrand in Mehrfamilienhaus &#8211; Zwei Personen verletzt."},"content":{"rendered":"<p>Am Samstagabend, den 07.06.2025 wurde die Feuerwehr Remscheid um 18:54 Uhr zu einem gemeldeten Zimmerbrand in einem Mehrfamilienhaus an der Solinger Stra\u00dfe alarmiert.<\/p>\n<p>Bereits beim Eintreffen der ersten Einsatzkr\u00e4fte war eine starke Rauchentwicklung aus dem 1. Obergeschoss des Geb\u00e4udes sichtbar.<\/p>\n<p>Ein Trupp ging umgehend unter Atemschutz zur Brandbek\u00e4mpfung in die betroffene Wohnung vor. Zeitgleich wurden zwei Drehleitern in Stellung gebracht, um bei Bedarf eine Menschenrettung oder eine Brandbek\u00e4mpfung von au\u00dfen \u00fcber Wenderohre zu erm\u00f6glichen.<\/p>\n<p>Zwei Personen &#8211; der Bewohner der betroffenen Wohnung sowie eine weitere Bewohnerin aus der angrenzenden Wohnung &#8211; wurden mit Verdacht auf eine Rauchgasintoxikation in ein nahegelegenes Krankenhaus transportiert.<\/p>\n<p>Auf Grund des schnellen und gezielten Eingreifens der Feuerwehr konnte der Brand z\u00fcgig unter Kontrolle gebracht und eine Ausbreitung verhindert werden. Die betroffene Wohnung ist jedoch bis auf Weiteres nicht bewohnbar. Zum Zeitpunkt des Brandausbruchs befand sich niemand mehr im Geb\u00e4ude.<\/p>\n<p>Die Feuerwehr Remscheid war mit 34 Einsatzkr\u00e4ften vor Ort. Der Einsatz konnte gegen 20:45 Uhr beendet werden. F\u00fcr die Dauer der Ma\u00dfnahmen musste die Solinger Stra\u00dfe zeitweise vollst\u00e4ndig gesperrt werden.<\/p>\n<p>R\u00fcckfragen bitte an:<\/p>\n<p>Feuerwehr Remscheid Einsatzleitung: Mathias Fertsch   Telefon: 02191\/ 16 2400 E-Mail: presse.feuerwehr@remscheid.de<\/p>\n<p> Original-Content von: Feuerwehr Remscheid, \u00fcbermittelt durch news aktuell<\/p>\n","protected":false},"excerpt":{"rendered":"Am Samstagabend, den 07.06.2025 wurde die Feuerwehr Remscheid um 18:54 Uhr zu einem gemeldeten Zimmerbrand in einem Mehrfamilienhaus&hellip;\n","protected":false},"author":2,"featured_media":172722,"comment_status":"","ping_status":"","sticky":false,"template":"","format":"standard","meta":{"footnotes":""},"categories":[1840],"tags":[3364,29,30,1209,12925,4418],"class_list":{"0":"post-172721","1":"post","2":"type-post","3":"status-publish","4":"format-standard","5":"has-post-thumbnail","7":"category-wuppertal","8":"tag-de","9":"tag-deutschland","10":"tag-germany","11":"tag-nordrhein-westfalen","12":"tag-polizeimeldungen","13":"tag-wuppertal"},"share_on_mastodon":{"url":"","error":""},"_links":{"self":[{"href":"https:\/\/www.europesays.com\/de\/wp-json\/wp\/v2\/posts\/172721","targetHints":{"allow":["GET"]}}],"collection":[{"href":"https:\/\/www.europesays.com\/de\/wp-json\/wp\/v2\/posts"}],"about":[{"href":"https:\/\/www.europesays.com\/de\/wp-json\/wp\/v2\/types\/post"}],"author":[{"embeddable":true,"href":"https:\/\/www.europesays.com\/de\/wp-json\/wp\/v2\/users\/2"}],"replies":[{"embeddable":true,"href":"https:\/\/www.europesays.com\/de\/wp-json\/wp\/v2\/comments?post=172721"}],"version-history":[{"count":0,"href":"https:\/\/www.europesays.com\/de\/wp-json\/wp\/v2\/posts\/172721\/revisions"}],"wp:featuredmedia":[{"embeddable":true,"href":"https:\/\/www.europesays.com\/de\/wp-json\/wp\/v2\/media\/172722"}],"wp:attachment":[{"href":"https:\/\/www.europesays.com\/de\/wp-json\/wp\/v2\/media?parent=172721"}],"wp:term":[{"taxonomy":"category","embeddable":true,"href":"https:\/\/www.europesays.com\/de\/wp-json\/wp\/v2\/categories?post=172721"},{"taxonomy":"post_tag","embeddable":true,"href":"https:\/\/www.europesays.com\/de\/wp-json\/wp\/v2\/tags?post=172721"}],"curies":[{"name":"wp","href":"https:\/\/api.w.org\/{rel}","templated":true}]}}