{"id":172904,"date":"2025-06-07T23:51:28","date_gmt":"2025-06-07T23:51:28","guid":{"rendered":"https:\/\/www.europesays.com\/de\/172904\/"},"modified":"2025-06-07T23:51:28","modified_gmt":"2025-06-07T23:51:28","slug":"kostenlose-fuehrungen-friedhoefe-gartenkunst-und-mehr-erleben","status":"publish","type":"post","link":"https:\/\/www.europesays.com\/de\/172904\/","title":{"rendered":"Kostenlose F\u00fchrungen \u2013 Friedh\u00f6fe, Gartenkunst und mehr erleben"},"content":{"rendered":"<p>Gr\u00fcne Vielfalt entdecken <\/p>\n<p>Hannover l\u00e4dt zu besonderen F\u00fchrungen ein<\/p>\n<p>07.06.2025 &#8211; 09:35 UhrLesedauer: 2 Min.<\/p>\n<p><a href=\"#focus-0\" class=\"transition-colors duration-200 focus-within:text-magenta block text-current relative\" data-sctrack=\"FocusGalleryImage.Reference\"><img fetchpriority=\"high\" data-testid=\"Opener.Image\" style=\"--lqipURL:url('https:\/\/images.t-online.de\/2025\/06\/HbCovHgxu9BO\/85x0:3455x1944\/fit-in\/150x0\/filters:blur(25)\/rueckseite-vom-neuen-rathaus-am-maschteich-in-hannover-archivbild-die-stadt-hannover-oeffnet-in-der-kommenden-woche-die-tore-zu-ungewoehnlichen-gruenen-orten.jpg')\"   loading=\"eager\" src=\"https:\/\/www.europesays.com\/de\/wp-content\/uploads\/2025\/06\/rueckseite-vom-neuen-rathaus-am-maschteich-in-hannover-archivbild-die-stadt-hannover-oeffnet-in-der-.jpeg\" alt=\"imago images 0765956949\" title=\"imago images 0765956949\" width=\"3455\" height=\"1944\" class=\"bg-[url:var(--lqipURL)] bg-cover bg-center flex w-full max-w-full h-full\" decoding=\"async\"\/><img style=\"--width:32;--height:32\" loading=\"lazy\" src=\"https:\/\/www.europesays.com\/de\/wp-content\/uploads\/2025\/05\/zoom-in.f7dae02f.svg.svg+xml\" alt=\"Vergr\u00f6\u00dfern des Bildes\" title=\"Vergr\u00f6\u00dfern des Bildes\" class=\"&#10;        block&#10;        h-[calc(var(--height)_\/_16_*_1rem)]&#10;        w-[calc(var(--width)_\/_16_*_1rem)]&#10;        max-w-none&#10;        absolute bottom-8 right-8 rounded-4 bg-snow p-8\" decoding=\"async\"\/><\/a><\/p>\n<p>R\u00fcckseite vom Neuen Rathaus am Maschteich in Hannover (Archivbild): Die Stadt Hannover \u00f6ffnet in der kommenden Woche die Tore zu ungew\u00f6hnlichen gr\u00fcnen Orten. (Quelle: IMAGO\/imageBROKER\/Rolf Fischer)<\/p>\n<p class=\"font-bold text-18 leading-17\">Die Stadt Hannover \u00f6ffnet in der kommenden Woche die Tore zu ungew\u00f6hnlichen gr\u00fcnen Orten \u2013 von Friedh\u00f6fen bis zur Kunst im Park.<\/p>\n<p class=\"text-18 leading-17\">In <a class=\"transition-colors duration-200 cursor-pointer text-inherit no-underline text-salemsfur md:hover:text-magenta md:hover:border-magenta md:focus:text-magenta border-current border-b border-solid break-words\" href=\"https:\/\/www.t-online.de\/region\/hannover\/\" data-sctrack=\"BodyAnchor\" target=\"_blank\" rel=\"noopener\">Hannover<\/a> gibt es noch freie Pl\u00e4tze f\u00fcr vier F\u00fchrungen im Rahmen des Programms &#8222;Gr\u00fcnes Hannover&#8220; und des Jubil\u00e4umsprojekts &#8222;700 Jahre Gartenkultur&#8220;. Die kostenlosen Veranstaltungen des Fachbereichs Umwelt und Stadtgr\u00fcn richten sich an alle, die Hannovers gr\u00fcne Seiten aus neuen Blickwinkeln erleben m\u00f6chten \u2013 sachlich, k\u00fcnstlerisch oder literarisch interpretiert.<\/p>\n<p class=\"text-18 leading-17\">Los geht\u2019s am <strong class=\"font-bold\">Mittwoch, 11. Juni, um 15.30 Uhr<\/strong> auf dem <strong class=\"font-bold\">Stadtfriedhof Ricklingen<\/strong>. Unter dem Titel &#8222;Sarg oder Urne?&#8220; erkl\u00e4rt Joachim Noll von der Landeshauptstadt Hannover die Unterschiede zwischen Grabarten, informiert \u00fcber Pflege, Kosten und Auswahlm\u00f6glichkeiten.<\/p>\n<p class=\"text-18 leading-17\">Am <strong class=\"font-bold\">Sonnabend, 14. Juni<\/strong>, gibt es gleich zwei Termine: Um 14 Uhr f\u00fchrt Landschaftsarchitektin Angelika Wei\u00dfmann \u00fcber den historischen <strong class=\"font-bold\">Gartenfriedhof<\/strong> aus dem Jahr 1741 und zeigt die symboltr\u00e4chtigen Grabmale.<\/p>\n<p class=\"text-18 leading-17\">Direkt im Anschluss, von <strong class=\"font-bold\">15.30 bis etwa 17.30 Uhr<\/strong>, begleitet Kulturhistoriker Peter Struck Interessierte durch den <strong class=\"font-bold\">Maschpark<\/strong> \u2013 eine gef\u00fchrte Tour durch Hannovers &#8222;Kunst-Landschaft&#8220; mit Fokus auf Skulpturen und Installationen rund ums Rathaus. Im Anschluss an die F\u00fchrung lohnt sich ein Besuch der zahlreichen Ausstellungsh\u00e4user im Rahmen der &#8222;Nacht der Museen&#8220;.<\/p>\n<p class=\"text-18 leading-17\">Am <strong class=\"font-bold\">Sonntag, 15. Juni<\/strong>, um 15 Uhr wird der <strong class=\"font-bold\">Gartenfriedhof<\/strong> erneut zur B\u00fchne: Die literarische Komponistin und Rezitatorin Marie Dettmer bringt mit Texten und Gedichten vergangener Jahrhunderte die Biografien bedeutender Pers\u00f6nlichkeiten zum Klingen \u2013 direkt an deren historischen Grabst\u00e4tten.<\/p>\n<p class=\"text-18 leading-17\">Eine Anmeldung ist erforderlich per E-Mail an: umweltkommunikation@hannover-stadt.de.<br \/>Die genauen Treffpunkte werden bei der Anmeldung mitgeteilt. Dauer: rund 90 Minuten, wenn nicht anders angegeben.<\/p>\n<p class=\"text-18 leading-17\">Das komplette F\u00fchrungsprogramm mit weiteren Terminen bis in den Herbst ist online zu finden unter: www.hannover.de\/gruenes-hannover<\/p>\n","protected":false},"excerpt":{"rendered":"Gr\u00fcne Vielfalt entdecken Hannover l\u00e4dt zu besonderen F\u00fchrungen ein 07.06.2025 &#8211; 09:35 UhrLesedauer: 2 Min. R\u00fcckseite vom Neuen&hellip;\n","protected":false},"author":2,"featured_media":172905,"comment_status":"","ping_status":"","sticky":false,"template":"","format":"standard","meta":{"footnotes":""},"categories":[1836],"tags":[722,3364,29,30,46,1411,18529,61],"class_list":{"0":"post-172904","1":"post","2":"type-post","3":"status-publish","4":"format-standard","5":"has-post-thumbnail","7":"category-hannover","8":"tag-722","9":"tag-de","10":"tag-deutschland","11":"tag-germany","12":"tag-hannover","13":"tag-niedersachsen","14":"tag-ricklingen","15":"tag-vielfalt"},"share_on_mastodon":{"url":"https:\/\/pubeurope.com\/@de\/114644771401397785","error":""},"_links":{"self":[{"href":"https:\/\/www.europesays.com\/de\/wp-json\/wp\/v2\/posts\/172904","targetHints":{"allow":["GET"]}}],"collection":[{"href":"https:\/\/www.europesays.com\/de\/wp-json\/wp\/v2\/posts"}],"about":[{"href":"https:\/\/www.europesays.com\/de\/wp-json\/wp\/v2\/types\/post"}],"author":[{"embeddable":true,"href":"https:\/\/www.europesays.com\/de\/wp-json\/wp\/v2\/users\/2"}],"replies":[{"embeddable":true,"href":"https:\/\/www.europesays.com\/de\/wp-json\/wp\/v2\/comments?post=172904"}],"version-history":[{"count":0,"href":"https:\/\/www.europesays.com\/de\/wp-json\/wp\/v2\/posts\/172904\/revisions"}],"wp:featuredmedia":[{"embeddable":true,"href":"https:\/\/www.europesays.com\/de\/wp-json\/wp\/v2\/media\/172905"}],"wp:attachment":[{"href":"https:\/\/www.europesays.com\/de\/wp-json\/wp\/v2\/media?parent=172904"}],"wp:term":[{"taxonomy":"category","embeddable":true,"href":"https:\/\/www.europesays.com\/de\/wp-json\/wp\/v2\/categories?post=172904"},{"taxonomy":"post_tag","embeddable":true,"href":"https:\/\/www.europesays.com\/de\/wp-json\/wp\/v2\/tags?post=172904"}],"curies":[{"name":"wp","href":"https:\/\/api.w.org\/{rel}","templated":true}]}}