{"id":172921,"date":"2025-06-08T00:01:10","date_gmt":"2025-06-08T00:01:10","guid":{"rendered":"https:\/\/www.europesays.com\/de\/172921\/"},"modified":"2025-06-08T00:01:10","modified_gmt":"2025-06-08T00:01:10","slug":"beratungsangebot-mit-der-verbraucherzentrale-%c2%b7-leipziger-zeitung-2","status":"publish","type":"post","link":"https:\/\/www.europesays.com\/de\/172921\/","title":{"rendered":"Beratungsangebot mit der Verbraucherzentrale \u00b7 Leipziger Zeitung"},"content":{"rendered":"<p>Am Dienstag, dem 10. Juni, bietet das Umweltinformationszentrum (UiZ) zwischen 15:45 Uhr und 18 Uhr zusammen mit der Verbraucherzentrale Sachsen im Technischen Rathaus eine anbieterunabh\u00e4ngige und kostenlose Energieberatung sowie die Ausleihe von Strommessger\u00e4ten an.<\/p>\n<p>Die Schwerpunkte werden Energiesparen im Haushalt, baulicher W\u00e4rmeschutz, Einsatz regenerativer Energien sowie F\u00f6rderm\u00f6glichkeiten und Strom- bzw. Heizkostenabrechnungen sein. Beratungstermine k\u00f6nnen nur mit vorheriger telefonischer Anmeldung unter (0341) 696 2929 vergeben werden.<\/p>\n<p>Weitere Informationen sind unter <strong>(0341) 123-6711<\/strong>, <a href=\"http:\/\/www.leipzig.de\/umwelt-und-verkehr\/umwelt-und-naturschutz\/umweltinformationszentrum-uiz\" target=\"_blank\" rel=\"noreferrer noopener nofollow\">www.leipzig.de\/uiz<\/a> oder pers\u00f6nlich im UiZ in der Prager Stra\u00dfe 118-136, Haus A.II (dienstags, 14 bis 17 Uhr) erh\u00e4ltlich.<\/p>\n","protected":false},"excerpt":{"rendered":"Am Dienstag, dem 10. Juni, bietet das Umweltinformationszentrum (UiZ) zwischen 15:45 Uhr und 18 Uhr zusammen mit der&hellip;\n","protected":false},"author":2,"featured_media":172922,"comment_status":"","ping_status":"","sticky":false,"template":"","format":"standard","meta":{"footnotes":""},"categories":[1832],"tags":[3364,29,7316,30,71,859,7314,7315],"class_list":{"0":"post-172921","1":"post","2":"type-post","3":"status-publish","4":"format-standard","5":"has-post-thumbnail","7":"category-leipzig","8":"tag-de","9":"tag-deutschland","10":"tag-energiesparen","11":"tag-germany","12":"tag-leipzig","13":"tag-sachsen","14":"tag-uiz","15":"tag-verbraucherzentrale"},"share_on_mastodon":{"url":"https:\/\/pubeurope.com\/@de\/114644810727020242","error":""},"_links":{"self":[{"href":"https:\/\/www.europesays.com\/de\/wp-json\/wp\/v2\/posts\/172921","targetHints":{"allow":["GET"]}}],"collection":[{"href":"https:\/\/www.europesays.com\/de\/wp-json\/wp\/v2\/posts"}],"about":[{"href":"https:\/\/www.europesays.com\/de\/wp-json\/wp\/v2\/types\/post"}],"author":[{"embeddable":true,"href":"https:\/\/www.europesays.com\/de\/wp-json\/wp\/v2\/users\/2"}],"replies":[{"embeddable":true,"href":"https:\/\/www.europesays.com\/de\/wp-json\/wp\/v2\/comments?post=172921"}],"version-history":[{"count":0,"href":"https:\/\/www.europesays.com\/de\/wp-json\/wp\/v2\/posts\/172921\/revisions"}],"wp:featuredmedia":[{"embeddable":true,"href":"https:\/\/www.europesays.com\/de\/wp-json\/wp\/v2\/media\/172922"}],"wp:attachment":[{"href":"https:\/\/www.europesays.com\/de\/wp-json\/wp\/v2\/media?parent=172921"}],"wp:term":[{"taxonomy":"category","embeddable":true,"href":"https:\/\/www.europesays.com\/de\/wp-json\/wp\/v2\/categories?post=172921"},{"taxonomy":"post_tag","embeddable":true,"href":"https:\/\/www.europesays.com\/de\/wp-json\/wp\/v2\/tags?post=172921"}],"curies":[{"name":"wp","href":"https:\/\/api.w.org\/{rel}","templated":true}]}}