{"id":173081,"date":"2025-06-08T01:33:10","date_gmt":"2025-06-08T01:33:10","guid":{"rendered":"https:\/\/www.europesays.com\/de\/173081\/"},"modified":"2025-06-08T01:33:10","modified_gmt":"2025-06-08T01:33:10","slug":"muenchen-polizei-erschiesst-frau-nach-messerangriff","status":"publish","type":"post","link":"https:\/\/www.europesays.com\/de\/173081\/","title":{"rendered":"M\u00fcnchen: Polizei erschie\u00dft Frau nach Messerangriff"},"content":{"rendered":"<p class=\"paragraph article__item\">In M\u00fcnchen ist eine Frau nach Messerangriffen von der <a class=\"rtr-entity\" href=\"https:\/\/www.zeit.de\/thema\/polizei\" rel=\"nofollow noopener\" target=\"_blank\">Polizei<\/a> erschossen worden. Die 30 Jahre alte Frau wurde nach Angaben der Polizei nach den Sch\u00fcssen der Beamten in ein\u00a0Krankenhaus gebracht. Dort erlag sie ihren Verletzungen.\n<\/p>\n<p class=\"paragraph article__item\">Die Polizei teilte mit, dass die Frau in der M\u00fcnchner Innenstadt einen 56 Jahre alten Mann mit einem Messer leicht verletzt hatte. Wenig sp\u00e4ter verletzte sie in der N\u00e4he des ersten Tatorts\u00a0eine 25-j\u00e4hrige Frau. Ihr Verletzungsgrad war zun\u00e4chst unklar, jedoch bestehe keine Lebensgefahr, hie\u00df es. Die Polizei konnte nicht sicher sagen, ob die Frau mit den beiden Opfern in Beziehung stand \u2013 dies sei aber eher unwahrscheinlich.\u00a0\n<\/p>\n<p class=\"paragraph article__item\">Mehrere Polizeistreifen r\u00fcckten aus, um die<br \/>\nFrau festzunehmen, die aber laut den Beh\u00f6rden weiter mit dem Messer hantierte.\u00a0Daraufhin habe die Polizei geschossen. Wie viele Sch\u00fcsse fielen, teilte die Polizei zun\u00e4chst nicht mit.<\/p>\n<p>        Parallele zu Tat in Hamburg        <\/p>\n<p class=\"paragraph article__item\">Der Fall zeigt Parallelen zu der Tat im Hamburger Hauptbahnhof<br \/>\nvor rund zwei Wochen. Eine <a href=\"https:\/\/www.zeit.de\/gesellschaft\/zeitgeschehen\/2025-05\/mehrere-verletzte-bei-messerangriff-in-hamburg\" class=\"\" target=\"_blank\" rel=\"nofollow noopener\">Frau hatte auf einem Bahnsteig f\u00fcr Fernz\u00fcge wahllos um sich gestochen<\/a>. Bei dem Angriff<br \/>\nwurden laut Polizei 18 Menschen verletzt. Beamte nahmen die 39-J\u00e4hrige<br \/>\nfest. Ein Haftrichter ordnete die Unterbringung der <a href=\"https:\/\/www.zeit.de\/gesellschaft\/zeitgeschehen\/2025-05\/messerangriff-hamburg-tschentscher-verletzte-klinik\" class=\"\" target=\"_blank\" rel=\"nofollow noopener\">Verd\u00e4chtigen in<br \/>\neiner psychiatrischen Klinik<\/a> an.\n<\/p>\n<p class=\"paragraph article__item\">Die M\u00fcnchner Polizei teilte mit, dass f\u00fcr die Allgemeinheit keine Gefahr mehr besteht. In <a class=\"rtr-entity\" href=\"https:\/\/www.zeit.de\/thema\/muenchen\" rel=\"nofollow noopener\" target=\"_blank\">M\u00fcnchen<\/a> gilt bereits an bestimmten Orten ein <a href=\"https:\/\/www.zeit.de\/thema\/waffenrecht\" class=\"\" target=\"_blank\" rel=\"nofollow noopener\">Messerverbot<\/a>, unter anderem an gro\u00dfen Bahnh\u00f6fen.\u00a0\n<\/p>\n<p>            Messerangriffe        <\/p>\n<p>Mehr zu diesem Thema <\/p>\n<p>                <a href=\"https:\/\/www.zeit.de\/hamburg\/2025-05\/messerangriff-hamburg-hauptbahnhof-verletzte\" data-ct-label=\"Messerangriff in Hamburg: Wahllos, unvermittelt, aus dem Nichts\" rel=\"nofollow noopener\" target=\"_blank\"><\/p>\n<p>        Z+ (abopflichtiger Inhalt);<\/p>\n<p>    Messerangriff in Hamburg:<br \/>\n                        Wahllos, unvermittelt, aus dem Nichts<\/p>\n<p>                <\/a><\/p>\n<p>                <a href=\"https:\/\/www.zeit.de\/gesellschaft\/zeitgeschehen\/2025-04\/berlin-u-bahn-messerangriff\" data-ct-label=\"Angriff in U-Bahn: Angeschossener Verd\u00e4chtiger stirbt nach Messerangriff in Berlin\" rel=\"nofollow noopener\" target=\"_blank\"><\/p>\n<p>                        Angriff in U-Bahn:<br \/>\n                        Angeschossener Verd\u00e4chtiger stirbt nach Messerangriff in Berlin<\/p>\n<p>                <\/a><\/p>\n<p>                <a href=\"https:\/\/www.zeit.de\/2024\/47\/stichverletzungen-messergewalt-erste-hilfe-notfallmedizin-andreas-seekamp\" data-ct-label=\"Stichverletzungen: &quot;Man muss wirklich kr\u00e4ftig draufdr\u00fccken&quot;\" rel=\"nofollow noopener\" target=\"_blank\"><\/p>\n<p>        Z+ (abopflichtiger Inhalt);<\/p>\n<p>    Stichverletzungen:<br \/>\n                        &#8222;Man muss wirklich kr\u00e4ftig draufdr\u00fccken&#8220;<\/p>\n<p>                <\/a><\/p>\n","protected":false},"excerpt":{"rendered":"In M\u00fcnchen ist eine Frau nach Messerangriffen von der Polizei erschossen worden. Die 30 Jahre alte Frau wurde&hellip;\n","protected":false},"author":2,"featured_media":173082,"comment_status":"","ping_status":"","sticky":false,"template":"","format":"standard","meta":{"footnotes":""},"categories":[1827],"tags":[772,29,30,1724,2841,1268,121,2466,6319],"class_list":{"0":"post-173081","1":"post","2":"type-post","3":"status-publish","4":"format-standard","5":"has-post-thumbnail","7":"category-muenchen","8":"tag-bayern","9":"tag-deutschland","10":"tag-germany","11":"tag-gesellschaft","12":"tag-messerangriff","13":"tag-muenchen","14":"tag-polizei","15":"tag-schusswaffe","16":"tag-verletzung"},"share_on_mastodon":{"url":"https:\/\/pubeurope.com\/@de\/114645172495716724","error":""},"_links":{"self":[{"href":"https:\/\/www.europesays.com\/de\/wp-json\/wp\/v2\/posts\/173081","targetHints":{"allow":["GET"]}}],"collection":[{"href":"https:\/\/www.europesays.com\/de\/wp-json\/wp\/v2\/posts"}],"about":[{"href":"https:\/\/www.europesays.com\/de\/wp-json\/wp\/v2\/types\/post"}],"author":[{"embeddable":true,"href":"https:\/\/www.europesays.com\/de\/wp-json\/wp\/v2\/users\/2"}],"replies":[{"embeddable":true,"href":"https:\/\/www.europesays.com\/de\/wp-json\/wp\/v2\/comments?post=173081"}],"version-history":[{"count":0,"href":"https:\/\/www.europesays.com\/de\/wp-json\/wp\/v2\/posts\/173081\/revisions"}],"wp:featuredmedia":[{"embeddable":true,"href":"https:\/\/www.europesays.com\/de\/wp-json\/wp\/v2\/media\/173082"}],"wp:attachment":[{"href":"https:\/\/www.europesays.com\/de\/wp-json\/wp\/v2\/media?parent=173081"}],"wp:term":[{"taxonomy":"category","embeddable":true,"href":"https:\/\/www.europesays.com\/de\/wp-json\/wp\/v2\/categories?post=173081"},{"taxonomy":"post_tag","embeddable":true,"href":"https:\/\/www.europesays.com\/de\/wp-json\/wp\/v2\/tags?post=173081"}],"curies":[{"name":"wp","href":"https:\/\/api.w.org\/{rel}","templated":true}]}}