{"id":173521,"date":"2025-06-08T05:48:20","date_gmt":"2025-06-08T05:48:20","guid":{"rendered":"https:\/\/www.europesays.com\/de\/173521\/"},"modified":"2025-06-08T05:48:20","modified_gmt":"2025-06-08T05:48:20","slug":"klassenfahrt-ins-weisse-haus-474-wdr-5-satire-deluxe-wdr-5-podcasts-und-audios-mediathek","status":"publish","type":"post","link":"https:\/\/www.europesays.com\/de\/173521\/","title":{"rendered":"Klassenfahrt ins Wei\u00dfe Haus (474) &#8211; WDR 5 Satire Deluxe &#8211; WDR 5 &#8211; Podcasts und Audios &#8211; Mediathek"},"content":{"rendered":"<p>\nWDR 5 Satire Deluxe.<br \/>\n07.06.2025.<br \/>\n49:12 Min..<br \/>\nVerf\u00fcgbar bis 07.06.2026.<br \/>\nWDR 5.\n<\/p>\n<p>\nDer selbsternannte Schulsprecher Europas trifft den Pausenhof-Populisten. Fazit: H\u00e4tte schlimmer laufen k\u00f6nnen, oder?\n<\/p>\n<p>\nModeratoren: Henning Bornemann und Axel Naumer &#8211; Gast: Herr Schr\u00f6der &#8211; Mitwirkende: Friedemann Weise, Christoph Tiemann, Tom Beinlich, Carolin Courts, Antonia von Romatowski, Nick Placzek &#8211; Redaktion: Michael Lohse\n<\/p>\n<p>Trump vergleicht den Ukraine-Krieg mit \u201ezwei Kindern, die sich im Park pr\u00fcgeln\u201c, w\u00e4hrend Merz versucht, diplomatisch den Zeigestock zu schwingen. Aber nicht zu dolle \u2013 wir wollen den Jahrgangsbesten in Eigenlob ja nicht unn\u00f6tig reizen. Immerhin sind wir noch Freunde. \u201eFreundschaft\u201c ist allerdings ein dehnbarer Begriff \u2013 in etwa so dehnbar wie ein speichelfeuchtes Kaugummi unter der Schulbank.<\/p>\n<p>Immerhin hat die U.N. mit Annalena Baerbock eine neue Klassenpflegschaftsvorsitzende aus Deutschland. Irgendjemand muss den Stuhlkreis ja leiten. In ihrer ersten Woche durfte sie sich gleich mal anh\u00f6ren, wie 193 Staaten das Wort \u201egemeinsam\u201c unterschiedlich buchstabieren. Sch\u00f6n w\u00e4re es, wenn da wenigstens Europa mit einer Stimme sprechen w\u00fcrde. Das k\u00f6nnte mit Polens neuem Klassensprecher allerdings etwas schwerer werden. Karol Nawrockis Lieblingsf\u00e4cher sind Geschichte und Sport &#8211; vor allem boxen. Laut Lebenslauf liebt er die Freiheit \u2013 allerdings nur, wenn sie polnisch spricht, katholisch denkt und keine Westmedien konsumiert. Klingt etwas betreuungsintensiv, der neue Mitsch\u00fcler.<\/p>\n<p>Und aus dem Lehrerzimmer riecht es nach Muckefuck weil der Kaffee einfach viel zu teuer geworden ist. Notfalls muss unser Studiogast die Klassenkasse pl\u00fcndern. Kein Kaffee ist ja auch keine L\u00f6sung. Johannes Schr\u00f6der war Lehrer, bevor er sein inneres \u201elyrisches Ich\u201c entdeckte und auf die Comedy-B\u00fchne wechselte. In seinem neuen Programm gibt er dem deutschen Schulsystem Nachhilfe in K.I. und Digitalisierung. Bitte mitschreiben \u2013 das ist alles Klausurrelevant.<\/p>\n<p><strong>Moderatoren<\/strong>: Henning Bornemann und Axel Naumer<\/p>\n<p><a href=\"https:\/\/www.korrekturensohn.de\/herr-schroeder.html\" rel=\"nofollow noopener\" target=\"_blank\"><strong>Gast:<\/strong> Herr Schr\u00f6der<\/a><\/p>\n<p><strong>Redaktion<\/strong>: Michael Lohse<\/p>\n<p><strong>Mitwirkende<\/strong>: Friedemann Weise, Christoph Tiemann, Tom Beinlich, Carolin Courts, Antonia von Romatowski, Nick Placzek<\/p>\n<p><strong>Musik:<\/strong><\/p>\n<ul>\n<li>Thomas Pigor &#8211; Ladekabel<\/li>\n<li>Adult Mom \u2013 You in June<\/li>\n<li>Eliza Shadded \u2013 Daydreaming<\/li>\n<li>Magic Bullets &#8211; Heatstroke<\/li>\n<\/ul>\n<p><a href=\"https:\/\/www1.wdr.de\/radio\/wdr5\/sendungen\/satire-deluxe\/index.html\" rel=\"nofollow noopener\" target=\"_blank\">Alle Sendungen, alle Infos &#8211; Satire Deluxe auf wdr5.de<\/a><\/p>\n","protected":false},"excerpt":{"rendered":"WDR 5 Satire Deluxe. 07.06.2025. 49:12 Min.. Verf\u00fcgbar bis 07.06.2026. WDR 5. Der selbsternannte Schulsprecher Europas trifft den&hellip;\n","protected":false},"author":2,"featured_media":173522,"comment_status":"","ping_status":"","sticky":false,"template":"","format":"standard","meta":{"footnotes":""},"categories":[1772],"tags":[29,214,30,1779,810,215],"class_list":{"0":"post-173521","1":"post","2":"type-post","3":"status-publish","4":"format-standard","5":"has-post-thumbnail","7":"category-musik","8":"tag-deutschland","9":"tag-entertainment","10":"tag-germany","11":"tag-music","12":"tag-musik","13":"tag-unterhaltung"},"share_on_mastodon":{"url":"https:\/\/pubeurope.com\/@de\/114646175289468452","error":""},"_links":{"self":[{"href":"https:\/\/www.europesays.com\/de\/wp-json\/wp\/v2\/posts\/173521","targetHints":{"allow":["GET"]}}],"collection":[{"href":"https:\/\/www.europesays.com\/de\/wp-json\/wp\/v2\/posts"}],"about":[{"href":"https:\/\/www.europesays.com\/de\/wp-json\/wp\/v2\/types\/post"}],"author":[{"embeddable":true,"href":"https:\/\/www.europesays.com\/de\/wp-json\/wp\/v2\/users\/2"}],"replies":[{"embeddable":true,"href":"https:\/\/www.europesays.com\/de\/wp-json\/wp\/v2\/comments?post=173521"}],"version-history":[{"count":0,"href":"https:\/\/www.europesays.com\/de\/wp-json\/wp\/v2\/posts\/173521\/revisions"}],"wp:featuredmedia":[{"embeddable":true,"href":"https:\/\/www.europesays.com\/de\/wp-json\/wp\/v2\/media\/173522"}],"wp:attachment":[{"href":"https:\/\/www.europesays.com\/de\/wp-json\/wp\/v2\/media?parent=173521"}],"wp:term":[{"taxonomy":"category","embeddable":true,"href":"https:\/\/www.europesays.com\/de\/wp-json\/wp\/v2\/categories?post=173521"},{"taxonomy":"post_tag","embeddable":true,"href":"https:\/\/www.europesays.com\/de\/wp-json\/wp\/v2\/tags?post=173521"}],"curies":[{"name":"wp","href":"https:\/\/api.w.org\/{rel}","templated":true}]}}