{"id":173781,"date":"2025-06-08T08:21:09","date_gmt":"2025-06-08T08:21:09","guid":{"rendered":"https:\/\/www.europesays.com\/de\/173781\/"},"modified":"2025-06-08T08:21:09","modified_gmt":"2025-06-08T08:21:09","slug":"berlin-brandenburg-spreewaelder-sagennacht-in-burg-gestartet","status":"publish","type":"post","link":"https:\/\/www.europesays.com\/de\/173781\/","title":{"rendered":"Berlin &#038; Brandenburg: Spreew\u00e4lder Sagennacht in Burg gestartet"},"content":{"rendered":"<p>                    Berlin &amp; Brandenburg<br \/>\n                Spreew\u00e4lder Sagennacht in Burg gestartet<\/p>\n<p>\t\t\t\t              08.06.2025, 10:04 Uhr<\/p>\n<p><strong>Im vergangenen Jahr musste die Premiere der Spreew\u00e4lder Sagennacht am Bismarckturm in Burg wegen Regens abgebrochen werden. Hatten die Veranstalter in diesem Jahr mehr Gl\u00fcck?<\/strong><\/p>\n<p>Burg (dpa\/bb) &#8211; Trotz gelegentlichen Regens beim Einlass ist die Premiere der diesj\u00e4hrige Spreew\u00e4lder Sagennacht laut Veranstaltern erfolgreich verlaufen. Nach ersten Sch\u00e4tzungen fanden rund 1.500 Besucher den Weg zum Bismarckturm in Burg (Spreewald) &#8211; ein deutliches Zeichen f\u00fcr die anhaltende Beliebtheit des Events, wie das Amt der Deutschen Presse-Agentur mitteilte.\u00a0<\/p>\n<p>Zur Erleichterung aller Beteiligter hielt das Wetter demnach w\u00e4hrend des Programms. Allerdings sei die Ticketnachfrage im Vorfeld verhalten gewesen &#8211; was vermutlich auf die ung\u00fcnstige Wetterprognose zur\u00fcckzuf\u00fchren gewesen sei, erkl\u00e4rte das Amt.<\/p>\n<p>Die Spreew\u00e4lder Sagennacht findet j\u00e4hrlich zu Pfingsten auf der Freilichtb\u00fchne am Bismarckturm statt. Im vergangenen Jahr war die Premiere wegen starken Regens abgebrochen worden.\u00a0<\/p>\n<p>Diesj\u00e4hriges St\u00fcck erz\u00e4hlt die Geschichte von Pawlina<\/p>\n<p>Im Mittelpunkt des diesj\u00e4hrigen St\u00fccks &#8222;Der gestohlene Schatz oder wie die Kartoffel in den Spreewald kam&#8220; steht Pawlina. Die Tochter eines wendischen Wirts in Burg w\u00fcnscht sich nichts sehnlicher, als einmal den Schlangenk\u00f6nig zu sehen und findet sich pl\u00f6tzlich in einer abenteuerlichen Rettungsaktion wieder, bei der sie tief in die Welt bekannter sorbischer Sagenfiguren eintaucht.<\/p>\n<p>Aufgef\u00fchrt wird das St\u00fcck von Schauspielern und T\u00e4nzern des Sorbischen National-Ensembles &#8211; und stie\u00df beim Publikum laut Veranstaltern auf gro\u00dfe Resonanz. Weitere Auff\u00fchrungen sind am Sonntag und Montag geplant. &#8222;Die gelungene Premiere l\u00e4sst auf ein ebenso erfolgreiches Veranstaltungswochenende hoffen&#8220;, teilte das Amt mit. Zum Abschluss der Premiere gab es ein Feuerwerk.<\/p>\n","protected":false},"excerpt":{"rendered":"Berlin &amp; Brandenburg Spreew\u00e4lder Sagennacht in Burg gestartet 08.06.2025, 10:04 Uhr Im vergangenen Jahr musste die Premiere der&hellip;\n","protected":false},"author":2,"featured_media":173782,"comment_status":"","ping_status":"","sticky":false,"template":"","format":"standard","meta":{"footnotes":""},"categories":[1816],"tags":[1960,1958,1959,1957,296,1956,1890,4452,29,30,59217,59216],"class_list":{"0":"post-173781","1":"post","2":"type-post","3":"status-publish","4":"format-standard","5":"has-post-thumbnail","7":"category-brandenburg","8":"tag-aktuelle-nachrichten-aus-berlin-und-brandenburg","9":"tag-aktuelle-nachrichten-aus-brandenburg","10":"tag-aktuelle-news-aus-berlin-und-brandenburg","11":"tag-aktuelle-news-aus-brandenburg","12":"tag-berlin","13":"tag-berlin-und-brandenburg","14":"tag-brandenburg","15":"tag-burg","16":"tag-deutschland","17":"tag-germany","18":"tag-sagennacht","19":"tag-spreewaelder"},"share_on_mastodon":{"url":"https:\/\/pubeurope.com\/@de\/114646776791096313","error":""},"_links":{"self":[{"href":"https:\/\/www.europesays.com\/de\/wp-json\/wp\/v2\/posts\/173781","targetHints":{"allow":["GET"]}}],"collection":[{"href":"https:\/\/www.europesays.com\/de\/wp-json\/wp\/v2\/posts"}],"about":[{"href":"https:\/\/www.europesays.com\/de\/wp-json\/wp\/v2\/types\/post"}],"author":[{"embeddable":true,"href":"https:\/\/www.europesays.com\/de\/wp-json\/wp\/v2\/users\/2"}],"replies":[{"embeddable":true,"href":"https:\/\/www.europesays.com\/de\/wp-json\/wp\/v2\/comments?post=173781"}],"version-history":[{"count":0,"href":"https:\/\/www.europesays.com\/de\/wp-json\/wp\/v2\/posts\/173781\/revisions"}],"wp:featuredmedia":[{"embeddable":true,"href":"https:\/\/www.europesays.com\/de\/wp-json\/wp\/v2\/media\/173782"}],"wp:attachment":[{"href":"https:\/\/www.europesays.com\/de\/wp-json\/wp\/v2\/media?parent=173781"}],"wp:term":[{"taxonomy":"category","embeddable":true,"href":"https:\/\/www.europesays.com\/de\/wp-json\/wp\/v2\/categories?post=173781"},{"taxonomy":"post_tag","embeddable":true,"href":"https:\/\/www.europesays.com\/de\/wp-json\/wp\/v2\/tags?post=173781"}],"curies":[{"name":"wp","href":"https:\/\/api.w.org\/{rel}","templated":true}]}}