{"id":17395,"date":"2025-04-09T04:47:12","date_gmt":"2025-04-09T04:47:12","guid":{"rendered":"https:\/\/www.europesays.com\/de\/17395\/"},"modified":"2025-04-09T04:47:12","modified_gmt":"2025-04-09T04:47:12","slug":"viel-sonne-und-wenige-wolken-erwartet","status":"publish","type":"post","link":"https:\/\/www.europesays.com\/de\/17395\/","title":{"rendered":"Viel Sonne und wenige Wolken erwartet"},"content":{"rendered":"<p>Prognose und Unwetterwarnung <\/p>\n<p>Wetter in M\u00fcnchen: Viel Sonne und wenige Wolken<\/p>\n<p>08.04.2025 &#8211; 06:00 UhrLesedauer: 1 Min.<\/p>\n<p class=\"font-bold text-18 leading-17\"><strong class=\"font-bold\">Gibt es heute Sonne, Regen oder Sturm in M\u00fcnchen? Hier finden Sie die Wettervorhersage und Unwetterwarnungen f\u00fcr Bayerns Landeshauptstadt.<\/strong><\/p>\n<p class=\"text-18 leading-17\">Der Deutsche Wetterdienst (DWD) warnt in M\u00fcnchen und dem Landkreis bis etwa 8 Uhr vor leichtem Frost bis -4 Grad. Danach zeigt sich der Tag meist freundlich mit nur wenigen Wolken.<\/p>\n<p class=\"text-18 leading-17\">Laut dem Wetterportal &#8222;wetter.com&#8220; steigen die Temperaturen nach einem kalten Start bei rund 1 Grad am Morgen langsam an. Am Nachmittag erwarten die Experten H\u00f6chstwerte von etwa 11 Grad. Die Sonne zeigt sich \u00fcber weite Strecken des Tages, gegen Nachmittag k\u00f6nnen leichte Wolken auftreten. Es bleibt trocken. Der Wind aus \u00f6stlicher Richtung erreicht in B\u00f6en bis zu 10 km\/h.<\/p>\n<p class=\"text-18 leading-17\">In der Nacht zu Mittwoch sinken die Temperaturen wieder auf Werte um 4 Grad. Der Himmel bleibt \u00fcberwiegend klar, was die Frostgefahr erneut ansteigen l\u00e4sst. Der Wind bleibt schwach bis m\u00e4\u00dfig.<\/p>\n<p class=\"text-18 leading-17\">F\u00fcr Mittwoch und Donnerstag rechnet der Deutsche Wetterdienst mit stabilem Hochdruckwetter in M\u00fcnchen. Die Temperaturen steigen am Mittwoch auf bis zu 11 Grad. W\u00e4hrend der Tag sonnig beginnt, ziehen am Nachmittag vermehrt Wolken auf. Nachts bleibt es k\u00fchl mit m\u00f6glichem Bodenfrost. Am Donnerstag lockern die Wolken bei H\u00f6chstwerten von 14 Grad wieder auf.<\/p>\n<p class=\"text-18 leading-17\">Das aktuelle Wetter f\u00fcr M\u00fcnchen heute und in den kommenden Tagen finden Sie immer auf <a class=\"transition-colors duration-200 cursor-pointer text-inherit no-underline text-salemsfur md:hover:text-magenta md:hover:border-magenta md:focus:text-magenta border-current border-b border-solid break-words\" href=\"https:\/\/www.t-online.de\/wetter\/deutschland\/muenchen\/jd138hq576\/wetter-heute\" data-sctrack=\"BodyAnchor\" rel=\"nofollow noopener\" target=\"_blank\">der t-online-Wetterseite<\/a> oder in unserem Video oben.<\/p>\n","protected":false},"excerpt":{"rendered":"Prognose und Unwetterwarnung Wetter in M\u00fcnchen: Viel Sonne und wenige Wolken 08.04.2025 &#8211; 06:00 UhrLesedauer: 1 Min. Gibt&hellip;\n","protected":false},"author":2,"featured_media":17396,"comment_status":"","ping_status":"","sticky":false,"template":"","format":"standard","meta":{"footnotes":""},"categories":[1827],"tags":[722,772,29,4906,30,3467,11388,1268,2007,2256,2257,2255],"class_list":{"0":"post-17395","1":"post","2":"type-post","3":"status-publish","4":"format-standard","5":"has-post-thumbnail","7":"category-muenchen","8":"tag-722","9":"tag-bayern","10":"tag-deutschland","11":"tag-dwd","12":"tag-germany","13":"tag-landeshauptstadt","14":"tag-mariensaeule","15":"tag-muenchen","16":"tag-olympiapark","17":"tag-wetterausblick","18":"tag-wetterlage","19":"tag-wettervorhersage"},"share_on_mastodon":{"url":"https:\/\/pubeurope.com\/@de\/114306196734175065","error":""},"_links":{"self":[{"href":"https:\/\/www.europesays.com\/de\/wp-json\/wp\/v2\/posts\/17395","targetHints":{"allow":["GET"]}}],"collection":[{"href":"https:\/\/www.europesays.com\/de\/wp-json\/wp\/v2\/posts"}],"about":[{"href":"https:\/\/www.europesays.com\/de\/wp-json\/wp\/v2\/types\/post"}],"author":[{"embeddable":true,"href":"https:\/\/www.europesays.com\/de\/wp-json\/wp\/v2\/users\/2"}],"replies":[{"embeddable":true,"href":"https:\/\/www.europesays.com\/de\/wp-json\/wp\/v2\/comments?post=17395"}],"version-history":[{"count":0,"href":"https:\/\/www.europesays.com\/de\/wp-json\/wp\/v2\/posts\/17395\/revisions"}],"wp:featuredmedia":[{"embeddable":true,"href":"https:\/\/www.europesays.com\/de\/wp-json\/wp\/v2\/media\/17396"}],"wp:attachment":[{"href":"https:\/\/www.europesays.com\/de\/wp-json\/wp\/v2\/media?parent=17395"}],"wp:term":[{"taxonomy":"category","embeddable":true,"href":"https:\/\/www.europesays.com\/de\/wp-json\/wp\/v2\/categories?post=17395"},{"taxonomy":"post_tag","embeddable":true,"href":"https:\/\/www.europesays.com\/de\/wp-json\/wp\/v2\/tags?post=17395"}],"curies":[{"name":"wp","href":"https:\/\/api.w.org\/{rel}","templated":true}]}}