{"id":173954,"date":"2025-06-08T09:56:09","date_gmt":"2025-06-08T09:56:09","guid":{"rendered":"https:\/\/www.europesays.com\/de\/173954\/"},"modified":"2025-06-08T09:56:09","modified_gmt":"2025-06-08T09:56:09","slug":"brescia-calcio-droht-insolvenzverfahren-und-aus-nach-114-jahren","status":"publish","type":"post","link":"https:\/\/www.europesays.com\/de\/173954\/","title":{"rendered":"Brescia Calcio droht Insolvenzverfahren und Aus nach 114 Jahren"},"content":{"rendered":"<p class=\"font-bold text-18 leading-17\">Vor acht Jahren sollte Massimo Cellino den Zweitligisten Brescia Calcio voranbringen. Stattdessen trieb er den Klub an den Abgrund.<\/p>\n<p class=\"text-18 leading-17\">Der italienische Traditionsklub Brescia Calcio steht nach 114 Jahren Vereinsgeschichte vor einem Insolvenzverfahren. Der Grund: finanzielle Unregelm\u00e4\u00dfigkeiten. Wie die Nachrichtenagentur ANSA berichtet, hat Vereinspr\u00e4sident Massimo Cellino abgelehnt, ausstehende Spielergeh\u00e4lter der vergangenen zwei Monate zu begleichen. Das Sportgericht FIGC setzte ihm neben einer sechsmonatigen Berufssperre eine Frist. Diese lief am Freitag ab \u2013 ohne Zahlungseingang. Nun droht der Ausschluss aus dem Profifu\u00dfball.<\/p>\n<p class=\"text-18 leading-17\">Denn der lombardische Verein hat Medienberichten zufolge Schulden in H\u00f6he von drei Millionen Euro. Bereits in der vergangenen Woche hatte Cellino, der Brescia vor acht Jahren \u00fcbernommen hat, angek\u00fcndigt, dem Klub keine finanziellen Mittel mehr zur Verf\u00fcgung stellen zu wollen. Die italienische Zeitung &#8222;Gazzetta dello Sport&#8220; schrieb: &#8222;Wenn nichts Unvorhergesehenes passiert, wird Cellino eine Spur der Verw\u00fcstung hinterlassen und 114 Jahre Geschichte mit einem Schlag ausl\u00f6schen.&#8220;<\/p>\n<p class=\"text-18 leading-17\">Die &#8222;Gazzetta&#8220; kommentierte: &#8222;Der Pr\u00e4sident selbst hat den Stecker gezogen.&#8220; Die Wut in einer &#8222;ungl\u00e4ubigen Stadt&#8220; sei gro\u00df. Auch Brescia-Kapit\u00e4n Dimitri Bisoli wandte sich in einem ver\u00e4rgerten Statement an die \u00d6ffentlichkeit: &#8222;Heute wurden 114 Jahre Geschichte mit F\u00fc\u00dfen getreten, aber Brescia ist nicht er (Cellino, Anm. d. Red.), Brescia sind wir, und deshalb wird Brescia niemals sterben&#8220;, schrieb er in den sozialen Netzwerken.<\/p>\n<p class=\"text-18 leading-17\">Der Klassenerhalt in der italienischen Serie B war eigentlich geschafft. Das Sportgericht verk\u00fcndete allerdings Ende Mai wegen der finanziellen Ungereimtheiten einen Punktabzug von vier Z\u00e4hlern. Damit st\u00fcrzte Brescia auf Rang 18 von 20 ab und stieg in die dritte Liga ab.<\/p>\n<p class=\"text-18 leading-17\">Durch den Abstieg w\u00fcrde sich auch die Relegation der Serie B neu formieren: Eigentlich h\u00e4tten Frosinone Calcio und US Salernitana die Entscheidungsspiele ausgetragen, Frosinone w\u00e4re durch den Abstieg Brescias gerettet. Der sportlich abgestiegene Traditionsverein Sampdoria Genua w\u00fcrde daf\u00fcr gegen Salernitana die Chance zur Rettung bekommen.<\/p>\n<p class=\"text-18 leading-17\">Nun steht Brescia, sollte sich kein Investor mehr finden, erstmalig vor einem Insolvenzverfahren und wird voraussichtlich aus dem professionellen Profifu\u00dfball ausgeschlossen. Am 10. Juni wird der Klub vor dem Bundesgericht in Berufung gehen. Bis zum 26. Juni soll einem Bericht von &#8222;Sport1&#8220; zufolge eine L\u00f6sung gefunden werden.<\/p>\n<p class=\"text-18 leading-17\">Ob Brescia, in dessen Vergangenheit fr\u00fchere Nationalspieler wie Andrea Pirlo, <a class=\"transition-colors duration-200 cursor-pointer text-inherit no-underline text-salemsfur md:hover:text-magenta md:hover:border-magenta md:focus:text-magenta border-current border-b border-solid break-words\" href=\"https:\/\/www.t-online.de\/themen\/luca-toni\/\" data-sctrack=\"BodyAnchor\" rel=\"nofollow noopener\" target=\"_blank\">Luca Toni<\/a> und Roberto Baggio das Trikot des lombardischen Klubs trugen, an den Start der Serie C gehen darf oder nicht, wird sich zeigen.<\/p>\n","protected":false},"excerpt":{"rendered":"Vor acht Jahren sollte Massimo Cellino den Zweitligisten Brescia Calcio voranbringen. Stattdessen trieb er den Klub an den&hellip;\n","protected":false},"author":2,"featured_media":173955,"comment_status":"","ping_status":"","sticky":false,"template":"","format":"standard","meta":{"footnotes":""},"categories":[136],"tags":[59245,29,30,9392,54666,59248,59246,23873,59247,265,23918],"class_list":{"0":"post-173954","1":"post","2":"type-post","3":"status-publish","4":"format-standard","5":"has-post-thumbnail","7":"category-sport","8":"tag-brescia","9":"tag-deutschland","10":"tag-germany","11":"tag-klub","12":"tag-la-gazzetta-dello-sport","13":"tag-luca-toni","14":"tag-massimo-cellino","15":"tag-profifussball","16":"tag-roberto-baggio","17":"tag-sport","18":"tag-traditionsklub"},"share_on_mastodon":{"url":"https:\/\/pubeurope.com\/@de\/114647150402220926","error":""},"_links":{"self":[{"href":"https:\/\/www.europesays.com\/de\/wp-json\/wp\/v2\/posts\/173954","targetHints":{"allow":["GET"]}}],"collection":[{"href":"https:\/\/www.europesays.com\/de\/wp-json\/wp\/v2\/posts"}],"about":[{"href":"https:\/\/www.europesays.com\/de\/wp-json\/wp\/v2\/types\/post"}],"author":[{"embeddable":true,"href":"https:\/\/www.europesays.com\/de\/wp-json\/wp\/v2\/users\/2"}],"replies":[{"embeddable":true,"href":"https:\/\/www.europesays.com\/de\/wp-json\/wp\/v2\/comments?post=173954"}],"version-history":[{"count":0,"href":"https:\/\/www.europesays.com\/de\/wp-json\/wp\/v2\/posts\/173954\/revisions"}],"wp:featuredmedia":[{"embeddable":true,"href":"https:\/\/www.europesays.com\/de\/wp-json\/wp\/v2\/media\/173955"}],"wp:attachment":[{"href":"https:\/\/www.europesays.com\/de\/wp-json\/wp\/v2\/media?parent=173954"}],"wp:term":[{"taxonomy":"category","embeddable":true,"href":"https:\/\/www.europesays.com\/de\/wp-json\/wp\/v2\/categories?post=173954"},{"taxonomy":"post_tag","embeddable":true,"href":"https:\/\/www.europesays.com\/de\/wp-json\/wp\/v2\/tags?post=173954"}],"curies":[{"name":"wp","href":"https:\/\/api.w.org\/{rel}","templated":true}]}}