{"id":175424,"date":"2025-06-08T23:43:10","date_gmt":"2025-06-08T23:43:10","guid":{"rendered":"https:\/\/www.europesays.com\/de\/175424\/"},"modified":"2025-06-08T23:43:10","modified_gmt":"2025-06-08T23:43:10","slug":"sachsen-pavillon-der-angst-startet-als-kunst-und-mitmachprojekt","status":"publish","type":"post","link":"https:\/\/www.europesays.com\/de\/175424\/","title":{"rendered":"Sachsen: &#8222;Pavillon der Angst&#8220; startet als Kunst- und Mitmachprojekt"},"content":{"rendered":"<p>                    Sachsen<br \/>\n                &#8222;Pavillon der Angst&#8220; startet als Kunst- und Mitmachprojekt<\/p>\n<p>\t\t\t\t              08.06.2025, 16:06 Uhr<\/p>\n<p><strong>Im Kulturhauptstadtjahr bereiten die Chemnitzer Kunstsammlungen eine gro\u00dfe Ausstellung zu Edvard Munch vor. Bevor sie im August f\u00fcr Besucher \u00f6ffnet, startet nun ein mobiles Kunst- und Mitmachprojekt.<\/strong><\/p>\n<p>Chemnitz (dpa\/sn) &#8211; Auf dem Weg zu ihrer gro\u00dfen Ausstellung zu Edvard Munch im August starten die Kunstsammlungen Chemnitz ein mobiles Kunst- und Mitmachprojekt zum Thema Angst. Der &#8222;Pavillon der Angst&#8220; solle ein besonderer Ort der Begegnung sein und Lern- und Erfahrungsprozesse ansto\u00dfen, teilten die Kunstsammlungen vorab mit. Dazu geh\u00f6rten pers\u00f6nliche Gespr\u00e4che, gemeinsames Singen und Malen, aber auch Lesung und Kino unter freiem Himmel. Angst sei ein ambivalentes menschliches Grundgef\u00fchl, das nicht nur ein Hindernis sei, sondern auch Antrieb geben k\u00f6nne.\u00a0<\/p>\n<p>Der Pavillon wird in den kommenden Wochen an verschiedenen Orten in der Stadt Station machen. Auftakt ist am Dienstag (10. Juni) im B\u00fcrgerpark Gablenz. Zu den weiteren Standorten geh\u00f6ren der Schlo\u00dfteich zum Kosmos-Festival, die Mensa Reichenhainer Stra\u00dfe der Technischen Universit\u00e4t, der Frei-Otto-Park im Stadtteil Siegmar sowie der Theaterplatz im Stadtzentrum.<\/p>\n<p>Besucher werden zu \u00c4ngsten befragt<\/p>\n<p>Begleitet wird das Projekt von Psychologen der TU Chemnitz. An einzelnen Tagen werden Studenten und wissenschaftliche Hilfskr\u00e4fte Besucher zu ihren \u00c4ngsten befragen. &#8222;Die Kooperation mit den Kunstsammlungen Chemnitz erm\u00f6glicht es uns, psychologische Forschung in einem sehr faszinierenden kulturellen Kontext durchzuf\u00fchren&#8220;, erkl\u00e4rte Projektleiter Udo Rudolph. &#8222;Wir sind gespannt darauf, wie Besucherinnen und Besucher auf die unterschiedlichen Darstellungen von Emotionen in der bildenden Kunst reagieren und welche neuen Erkenntnisse wir daraus gewinnen werden.&#8220;\u00a0<\/p>\n<p>Im aktuellen Kulturhauptstadtjahr werden die Kunstsammlungen unter dem Titel &#8222;Edvard Munch. Angst&#8220; dem Werk des norwegischen K\u00fcnstlers (&#8222;Der Schrei&#8220;) eine Ausstellung widmen. Munch war 1905 in der Stadt und portr\u00e4tierte hier die Textilfabrikantenfamilie Esche. In der Ausstellung sollen Gem\u00e4lde und Grafiken Munchs in Dialog mit Arbeiten zeitgen\u00f6ssischer K\u00fcnstler wie Marina Abramovi\u0107, Michael Morgner und Neo Rauch treten. Die Schau wird ab 10. August gezeigt.\u00a0<\/p>\n<p>Chemnitz ist dieses Jahr zusammen mit der Doppelstadt Nova Gorica &#8211; Gorizia an der Grenze zwischen Slowenien und Italien Kulturhauptstadt Europas.<\/p>\n","protected":false},"excerpt":{"rendered":"Sachsen &#8222;Pavillon der Angst&#8220; startet als Kunst- und Mitmachprojekt 08.06.2025, 16:06 Uhr Im Kulturhauptstadtjahr bereiten die Chemnitzer Kunstsammlungen&hellip;\n","protected":false},"author":2,"featured_media":175425,"comment_status":"","ping_status":"","sticky":false,"template":"","format":"standard","meta":{"footnotes":""},"categories":[1851],"tags":[18929,2770,3364,29,548,663,3934,30,13,2075,59485,14,15,34724,859,12],"class_list":{"0":"post-175424","1":"post","2":"type-post","3":"status-publish","4":"format-standard","5":"has-post-thumbnail","7":"category-chemnitz","8":"tag-angst","9":"tag-chemnitz","10":"tag-de","11":"tag-deutschland","12":"tag-eu","13":"tag-europa","14":"tag-europe","15":"tag-germany","16":"tag-headlines","17":"tag-kunst","18":"tag-mitmachprojekt","19":"tag-nachrichten","20":"tag-news","21":"tag-pavillon","22":"tag-sachsen","23":"tag-schlagzeilen"},"share_on_mastodon":{"url":"https:\/\/pubeurope.com\/@de\/114650402178689404","error":""},"_links":{"self":[{"href":"https:\/\/www.europesays.com\/de\/wp-json\/wp\/v2\/posts\/175424","targetHints":{"allow":["GET"]}}],"collection":[{"href":"https:\/\/www.europesays.com\/de\/wp-json\/wp\/v2\/posts"}],"about":[{"href":"https:\/\/www.europesays.com\/de\/wp-json\/wp\/v2\/types\/post"}],"author":[{"embeddable":true,"href":"https:\/\/www.europesays.com\/de\/wp-json\/wp\/v2\/users\/2"}],"replies":[{"embeddable":true,"href":"https:\/\/www.europesays.com\/de\/wp-json\/wp\/v2\/comments?post=175424"}],"version-history":[{"count":0,"href":"https:\/\/www.europesays.com\/de\/wp-json\/wp\/v2\/posts\/175424\/revisions"}],"wp:featuredmedia":[{"embeddable":true,"href":"https:\/\/www.europesays.com\/de\/wp-json\/wp\/v2\/media\/175425"}],"wp:attachment":[{"href":"https:\/\/www.europesays.com\/de\/wp-json\/wp\/v2\/media?parent=175424"}],"wp:term":[{"taxonomy":"category","embeddable":true,"href":"https:\/\/www.europesays.com\/de\/wp-json\/wp\/v2\/categories?post=175424"},{"taxonomy":"post_tag","embeddable":true,"href":"https:\/\/www.europesays.com\/de\/wp-json\/wp\/v2\/tags?post=175424"}],"curies":[{"name":"wp","href":"https:\/\/api.w.org\/{rel}","templated":true}]}}