{"id":175438,"date":"2025-06-08T23:50:13","date_gmt":"2025-06-08T23:50:13","guid":{"rendered":"https:\/\/www.europesays.com\/de\/175438\/"},"modified":"2025-06-08T23:50:13","modified_gmt":"2025-06-08T23:50:13","slug":"hagenbach-einbruch-in-protestantische-kirche-bleibt-ohne-beute-regional","status":"publish","type":"post","link":"https:\/\/www.europesays.com\/de\/175438\/","title":{"rendered":"Hagenbach: Einbruch in protestantische Kirche bleibt ohne Beute | Regional"},"content":{"rendered":"<p>Hagenbach \u2013 <b>Unbekannte sind in die protestantische Kirche eingebrochen und haben Schr\u00e4nke durchw\u00fchlt.<\/b><\/p>\n<p>Zwischen dem 05.06.2025 und dem 07.06.2025, jeweils zwischen 20:30 Uhr und 15:15 Uhr, verschafften sich die T\u00e4ter gewaltsam Zugang durch die Hintert\u00fcr. Trotz der durchsuchten R\u00e4umlichkeiten wurde nach aktuellem Stand nichts gestohlen.<\/p>\n<p><b>Die Kriminalpolizei hat die Ermittlungen aufgenommen und bittet um Hinweise. Zeugen k\u00f6nnen sich jederzeit an die Polizeiinspektion W\u00f6rth unter der Telefonnummer 07271-92210 oder per E-Mail an piwoerth@polizei.rlp.de wenden.<\/b><\/p>\n<p>Dieser Text basiert auf einer offiziellen Beh\u00f6rden-Information und wurde mit Hilfe von KI erstellt.<\/p>\n","protected":false},"excerpt":{"rendered":"Hagenbach \u2013 Unbekannte sind in die protestantische Kirche eingebrochen und haben Schr\u00e4nke durchw\u00fchlt. Zwischen dem 05.06.2025 und dem&hellip;\n","protected":false},"author":2,"featured_media":175439,"comment_status":"","ping_status":"","sticky":false,"template":"","format":"standard","meta":{"footnotes":""},"categories":[1844],"tags":[1634,3364,29,1686,30,8903,2509,1756,45,9026,1995],"class_list":{"0":"post-175438","1":"post","2":"type-post","3":"status-publish","4":"format-standard","5":"has-post-thumbnail","7":"category-karlsruhe","8":"tag-baden-wuerttemberg","9":"tag-de","10":"tag-deutschland","11":"tag-diebstahl","12":"tag-germany","13":"tag-karlsruhe","14":"tag-ki-ots","15":"tag-rheinland-pfalz","16":"tag-texttospeech","17":"tag-vandalismus","18":"tag-verbrechen"},"share_on_mastodon":{"url":"https:\/\/pubeurope.com\/@de\/114650429770919693","error":""},"_links":{"self":[{"href":"https:\/\/www.europesays.com\/de\/wp-json\/wp\/v2\/posts\/175438","targetHints":{"allow":["GET"]}}],"collection":[{"href":"https:\/\/www.europesays.com\/de\/wp-json\/wp\/v2\/posts"}],"about":[{"href":"https:\/\/www.europesays.com\/de\/wp-json\/wp\/v2\/types\/post"}],"author":[{"embeddable":true,"href":"https:\/\/www.europesays.com\/de\/wp-json\/wp\/v2\/users\/2"}],"replies":[{"embeddable":true,"href":"https:\/\/www.europesays.com\/de\/wp-json\/wp\/v2\/comments?post=175438"}],"version-history":[{"count":0,"href":"https:\/\/www.europesays.com\/de\/wp-json\/wp\/v2\/posts\/175438\/revisions"}],"wp:featuredmedia":[{"embeddable":true,"href":"https:\/\/www.europesays.com\/de\/wp-json\/wp\/v2\/media\/175439"}],"wp:attachment":[{"href":"https:\/\/www.europesays.com\/de\/wp-json\/wp\/v2\/media?parent=175438"}],"wp:term":[{"taxonomy":"category","embeddable":true,"href":"https:\/\/www.europesays.com\/de\/wp-json\/wp\/v2\/categories?post=175438"},{"taxonomy":"post_tag","embeddable":true,"href":"https:\/\/www.europesays.com\/de\/wp-json\/wp\/v2\/tags?post=175438"}],"curies":[{"name":"wp","href":"https:\/\/api.w.org\/{rel}","templated":true}]}}