{"id":175527,"date":"2025-06-09T00:40:14","date_gmt":"2025-06-09T00:40:14","guid":{"rendered":"https:\/\/www.europesays.com\/de\/175527\/"},"modified":"2025-06-09T00:40:14","modified_gmt":"2025-06-09T00:40:14","slug":"berlin-brandenburg-jugendlicher-ueberfaellt-tankstelle-in-berlin-festgenommen","status":"publish","type":"post","link":"https:\/\/www.europesays.com\/de\/175527\/","title":{"rendered":"Berlin &#038; Brandenburg: Jugendlicher \u00fcberf\u00e4llt Tankstelle in Berlin -festgenommen"},"content":{"rendered":"<p>                    Berlin &amp; Brandenburg<br \/>\n                Jugendlicher \u00fcberf\u00e4llt Tankstelle in Berlin -festgenommen<\/p>\n<p>\t\t\t\t              08.06.2025, 14:30 Uhr<\/p>\n<p><strong>Ein 15-J\u00e4hriger soll eine Tankstelle \u00fcberfallen und Bargeld im mittleren dreistelligen Bereich erbeutet haben. Doch er kommt nicht weit.<\/strong><\/p>\n<p>Berlin (dpa\/bb) &#8211; Ein 15-J\u00e4hriger soll am Samstag eine Tankstelle in Berlin-Wedding ausgeraubt haben. Laut Zeugenaussagen soll er maskiert eine Tankstellenmitarbeiterin mit einer Schusswaffe bedroht und Geld gefordert haben, so die Polizei. Die 19-J\u00e4hrige h\u00e4ndigte ihm daraufhin Geld aus der Kasse aus und der Jugendliche fl\u00fcchtete. Ein Zeuge beobachtete seine Fluchtrichtung. Alarmierte Einsatzkr\u00e4fte nahmen den 15-J\u00e4hrigen fest. Er f\u00fchrte Wechselkleidung, Bargeld im mittleren dreistelligen Bereich in einer Plastikt\u00fcte sowie eine Schreckschusswaffe mit sich.<\/p>\n","protected":false},"excerpt":{"rendered":"Berlin &amp; Brandenburg Jugendlicher \u00fcberf\u00e4llt Tankstelle in Berlin -festgenommen 08.06.2025, 14:30 Uhr Ein 15-J\u00e4hriger soll eine Tankstelle \u00fcberfallen&hellip;\n","protected":false},"author":2,"featured_media":175528,"comment_status":"","ping_status":"","sticky":false,"template":"","format":"standard","meta":{"footnotes":""},"categories":[1816],"tags":[1960,1958,1959,1957,296,1956,1890,29,30,4579,10934],"class_list":{"0":"post-175527","1":"post","2":"type-post","3":"status-publish","4":"format-standard","5":"has-post-thumbnail","7":"category-brandenburg","8":"tag-aktuelle-nachrichten-aus-berlin-und-brandenburg","9":"tag-aktuelle-nachrichten-aus-brandenburg","10":"tag-aktuelle-news-aus-berlin-und-brandenburg","11":"tag-aktuelle-news-aus-brandenburg","12":"tag-berlin","13":"tag-berlin-und-brandenburg","14":"tag-brandenburg","15":"tag-deutschland","16":"tag-germany","17":"tag-jugendlicher","18":"tag-tankstelle"},"share_on_mastodon":{"url":"https:\/\/pubeurope.com\/@de\/114650626605509139","error":""},"_links":{"self":[{"href":"https:\/\/www.europesays.com\/de\/wp-json\/wp\/v2\/posts\/175527","targetHints":{"allow":["GET"]}}],"collection":[{"href":"https:\/\/www.europesays.com\/de\/wp-json\/wp\/v2\/posts"}],"about":[{"href":"https:\/\/www.europesays.com\/de\/wp-json\/wp\/v2\/types\/post"}],"author":[{"embeddable":true,"href":"https:\/\/www.europesays.com\/de\/wp-json\/wp\/v2\/users\/2"}],"replies":[{"embeddable":true,"href":"https:\/\/www.europesays.com\/de\/wp-json\/wp\/v2\/comments?post=175527"}],"version-history":[{"count":0,"href":"https:\/\/www.europesays.com\/de\/wp-json\/wp\/v2\/posts\/175527\/revisions"}],"wp:featuredmedia":[{"embeddable":true,"href":"https:\/\/www.europesays.com\/de\/wp-json\/wp\/v2\/media\/175528"}],"wp:attachment":[{"href":"https:\/\/www.europesays.com\/de\/wp-json\/wp\/v2\/media?parent=175527"}],"wp:term":[{"taxonomy":"category","embeddable":true,"href":"https:\/\/www.europesays.com\/de\/wp-json\/wp\/v2\/categories?post=175527"},{"taxonomy":"post_tag","embeddable":true,"href":"https:\/\/www.europesays.com\/de\/wp-json\/wp\/v2\/tags?post=175527"}],"curies":[{"name":"wp","href":"https:\/\/api.w.org\/{rel}","templated":true}]}}