{"id":175547,"date":"2025-06-09T00:50:14","date_gmt":"2025-06-09T00:50:14","guid":{"rendered":"https:\/\/www.europesays.com\/de\/175547\/"},"modified":"2025-06-09T00:50:14","modified_gmt":"2025-06-09T00:50:14","slug":"johannes-oerding-laesst-die-waldbuehne-singen-hier-sind-69-bilder-von-seinem-3-auftritt-in-northeim","status":"publish","type":"post","link":"https:\/\/www.europesays.com\/de\/175547\/","title":{"rendered":"Johannes Oerding l\u00e4sst die Waldb\u00fchne singen, hier sind 69 Bilder von seinem 3. Auftritt in Northeim"},"content":{"rendered":"<p>Nun ist es wirklich ein Heimspiel. Zum dritten Mal speilte der Musiker Johannes Oerding nach <a href=\"https:\/\/northeim-jetzt.de\/johannes-oerding-legt-vor-und-verliebt-sich-in-die-waldbuehne-in-northeim\/\" rel=\"nofollow noopener\" target=\"_blank\">2022<\/a> und <a href=\"https:\/\/northeim-jetzt.de\/johannes-oerding-erklert-uns-wie-man-sich-in-northeim-verlieben-kann\/\" rel=\"nofollow noopener\" target=\"_blank\">2023<\/a> auf der Waldb\u00fchne in Northeim. W\u00e4hrend der Regen das erste Konzert auf der Waldb\u00fchne in diesem Jahr in eine bunte Poncho-Party verwandelte, waren die Fans Feuer und Flamme. Vers\u00f6hnlich: Sogar ein Regenbogen zeigte sich den 7.500 Fans.<\/p>\n<p>Reklame<\/p>\n<p><a href=\"https:\/\/city-center-northeim.de\" target=\"_blank\" aria-label=\"2025 01 CCN Banner Image 1000x1000px RZ\" rel=\"nofollow noopener\"><img loading=\"lazy\" alt=\"\" class=\"no-lazyload lazyload\" width=\"1000\" height=\"1000\" src=\"https:\/\/www.europesays.com\/de\/wp-content\/uploads\/2025\/06\/2025-01-CCN-Banner-Image-1000x1000px-RZ.jpeg\" decoding=\"async\"  data- data-eio-rwidth=\"1000\" data-eio-rheight=\"1000\"\/><\/a><\/p>\n<p>Nach einj\u00e4hriger B\u00fchnenpause f\u00fcllte der geb\u00fcrtige Westfale, im Rheinland aufgewachsene und heute in Hamburg lebende Johannes Oerding erneut das gro\u00dfe Rund der Waldb\u00fchne. Bereits um 18 Uhr waren die R\u00e4nge gef\u00fcllt \u2013 wer jetzt noch kam, musste sich ein Pl\u00e4tzchen im Innenraum oder an den Seiten suchen, um den S\u00e4nger und seine vierk\u00f6pfige Band \u00fcberhaupt sehen zu k\u00f6nnen. Denn der Veranstalter hatte im Innenraum ein gro\u00dfes Zelt f\u00fcr Sound- und Lichtmischer aufgebaut, das vielen Zuschauern die Sicht nahm \u2013 vielleicht reicht beim n\u00e4chsten Mal ein kleineres Zelt?<\/p>\n<p>Die undankbare Aufgabe, gegen den aufkommenden Regen anzusingen und das Publikum anzuheizen, \u00fcbernahm der erst 19-j\u00e4hrige Trierer Levin Moltschanow, der unter seinem K\u00fcnstlernamen \u201eLevka\u201c bereits mehrere Singles ver\u00f6ffentlich hat. Allein am Keyboard und mit gesampelten Liedern zeigte er mit variabler dunkler Stimme, dass in seinen Eigenkompositionen viel Hitpotential steckt und erntete viel ehrlichen Applaus.<\/p>\n<p>\u201eHier geh\u00f6r\u00b4 ich hin\u201c<\/p>\n<p>P\u00fcnktlich wie die Maurer erklomm dann um 20 Uhr die Band von Johannes Oerding die B\u00fchne: Die Soundanlage zeigte kurz, was sie k\u00f6nnte, wenn sie losgelassen wird und mit dem g\u00e4nzlich neuen Song \u201eHier geh\u00f6r\u00b4 ich hin\u201c sprang Oerding auf die B\u00fchne.<\/p>\n<p>Der 43-j\u00e4hrige hatte sich im 2024 noch ein Jahr Auszeit vom B\u00fchnenleben genommen, ausf\u00fchrlich die USA erkundet und hatte nach der letzten Staffel \u201eIch sing Dein Lied\u201c zwei neue Lieder im Gep\u00e4ck, die auf der neuen CD Anfang 2026 erscheinen werden \u2013 rechtzeitig, damit die Fans die Texte bis zur gro\u00dfen Arena-Tour im kommenden Jahr lernen k\u00f6nnen, wie Oerding schmunzelnd ank\u00fcndigte. Am 25. April will Oerding die ZAG-Arena in Hannover f\u00fcllen, neun Tage vorher am 14. April kann man ihn in der Frankfurter Festhalle h\u00f6ren: Dann mit noch mehr Licht- und LED-Effekten, weil \u201eman in Hallen ganz anders mit Licht spielen kann\u201c, wie Oerding im Vorgespr\u00e4ch verriet.<\/p>\n<p>F\u00fcr Northeim hatte Oerding 20 St\u00fccke auf der Setlist, am Ende wurden es 21, denn bevor das Konzert zum Ende mit den Hits \u201eHeimat\u201c, \u201eAlles brennt\u201c und \u201eAn guten Tagen\u201c noch einmal richtig Fahrt aufnahm, streute der S\u00e4nger noch \u201eWei\u00dfe Tauben\u201c ein: Auf ein Fingerschnippen und einen kurzen Ruf zu seiner exzellenten Begleitband hin kam auch dieser Rei\u00dfer noch ins Programm. Wie Oerding und seine Band mittlerweile seit 20 Jahren miteinander vertraut sind: Da versammelt sich die Creme der bundesdeutschen Studiomusiker, um Oerding einen transparenten, satten und nie zu lauten Sound zu geben.<\/p>\n<p>Ein eingespieltes Team<\/p>\n<p>Erst kurz vor der Tour hatte sich das Quartett in Buchholz in der Nordheide versammelt und das Programm f\u00fcr die Open-Air-Tour 2025 geprobt, aber wie Oerding andeutete: \u201eWir kennen uns schon so lange. Wir k\u00f6nnen auf die Stimmung des Publikums eingehen, Songs auswechseln oder einfach l\u00e4nger spielen, wenn das Publikum mitsingt. Open Airs sind eine gro\u00dfe Spielwiese, und gerade hier in Northeim lieben wir das Es gibt kaum eine sch\u00f6nere Umgebung wie die Waldb\u00fchne, es ist einfach begeisternd\u201c, so Oerding.<\/p>\n<p>Seinen Mitspielern l\u00e4\u00dft er auf der B\u00fchne viel Freiheit: Da darf Robin Engelhardt am Bass minutenlang slappen, der Schlagzeuger trommelt ein Blitzlichtgewitter zusammen und am Keyboard gibt es lange ruhige Passagen, die vor allem im Mittelteil gro\u00dfe Gef\u00fchle erzeugen, als Oerding zusammen mit Gitarrist Moritz Stahl unplugged \u201eHotel\u201c und \u201eLeuchtschrift\u201c spielten. Wie immer gab es beim Entertainer Oerding auch den einen, hei\u00dfersehnten Fan-Moment: Beim Rundgang mit Gitarre durch die Menge durfte sich Stefanie freuen, die von Oerding und der KI-Software ChatGPT ein St\u00e4ndchen bekamen. \u201eNoch nicht optimal, aber zumindest die Musik war original Oerding\u201c, freute sich Oerding.<\/p>\n<p>Der Chef der Waldb\u00fchne<\/p>\n<p>Nach dem gemeinsam gesungenen \u201eAn guten Tagen\u201c, vermutlich die einzige deutsche Stadionhymne, die alle 7.500 Zuschauer vereinte, erklatschte sich das Publikum mit \u201eWenn Du lebst\u201c und \u201eZur\u00fcck\u201c noch zwei Zugaben mit der Band. Aber Oerding w\u00e4re nicht der Publikumsliebling, wenn er nicht noch einmal ganz allein mit Gitarre auf die B\u00fchne zur\u00fcckk\u00e4me: \u201eF\u00fcr immer ab jetzt\u201c als rein akustische Version von der Suche nach diesem einen Moment, der alles f\u00fcr immer ver\u00e4ndert: Begeisterung im Publikum, bevor Band und S\u00e4nger im Nightliner zum n\u00e4chsten Termin verschwanden. Oerding bleibt der Chef der Waldb\u00fchne und hat sich bereits f\u00fcr den n\u00e4chsten Termin angek\u00fcndigt \u2013 Northeim darf sich freuen!<\/p>\n<p>Fotos: Leon H\u00e4nel f\u00fcr Northeim jetzt<br \/>Text: Axel Jan\u00dfen f\u00fcr Northeim jetzt<\/p>\n<p>\n\t\u00c4hnliche Beitr\u00e4ge<\/p>\n","protected":false},"excerpt":{"rendered":"Nun ist es wirklich ein Heimspiel. Zum dritten Mal speilte der Musiker Johannes Oerding nach 2022 und 2023&hellip;\n","protected":false},"author":2,"featured_media":175548,"comment_status":"","ping_status":"","sticky":false,"template":"","format":"standard","meta":{"footnotes":""},"categories":[1772],"tags":[29,214,30,1779,810,215],"class_list":{"0":"post-175547","1":"post","2":"type-post","3":"status-publish","4":"format-standard","5":"has-post-thumbnail","7":"category-musik","8":"tag-deutschland","9":"tag-entertainment","10":"tag-germany","11":"tag-music","12":"tag-musik","13":"tag-unterhaltung"},"share_on_mastodon":{"url":"https:\/\/pubeurope.com\/@de\/114650665687693693","error":""},"_links":{"self":[{"href":"https:\/\/www.europesays.com\/de\/wp-json\/wp\/v2\/posts\/175547","targetHints":{"allow":["GET"]}}],"collection":[{"href":"https:\/\/www.europesays.com\/de\/wp-json\/wp\/v2\/posts"}],"about":[{"href":"https:\/\/www.europesays.com\/de\/wp-json\/wp\/v2\/types\/post"}],"author":[{"embeddable":true,"href":"https:\/\/www.europesays.com\/de\/wp-json\/wp\/v2\/users\/2"}],"replies":[{"embeddable":true,"href":"https:\/\/www.europesays.com\/de\/wp-json\/wp\/v2\/comments?post=175547"}],"version-history":[{"count":0,"href":"https:\/\/www.europesays.com\/de\/wp-json\/wp\/v2\/posts\/175547\/revisions"}],"wp:featuredmedia":[{"embeddable":true,"href":"https:\/\/www.europesays.com\/de\/wp-json\/wp\/v2\/media\/175548"}],"wp:attachment":[{"href":"https:\/\/www.europesays.com\/de\/wp-json\/wp\/v2\/media?parent=175547"}],"wp:term":[{"taxonomy":"category","embeddable":true,"href":"https:\/\/www.europesays.com\/de\/wp-json\/wp\/v2\/categories?post=175547"},{"taxonomy":"post_tag","embeddable":true,"href":"https:\/\/www.europesays.com\/de\/wp-json\/wp\/v2\/tags?post=175547"}],"curies":[{"name":"wp","href":"https:\/\/api.w.org\/{rel}","templated":true}]}}