{"id":175553,"date":"2025-06-09T00:53:09","date_gmt":"2025-06-09T00:53:09","guid":{"rendered":"https:\/\/www.europesays.com\/de\/175553\/"},"modified":"2025-06-09T00:53:09","modified_gmt":"2025-06-09T00:53:09","slug":"nations-league-fan-stirbt-bei-sturz-von-der-tribuene-in-der-allianz-arena-sport","status":"publish","type":"post","link":"https:\/\/www.europesays.com\/de\/175553\/","title":{"rendered":"Nations League: Fan stirbt bei Sturz von der Trib\u00fcne in der Allianz Arena | Sport"},"content":{"rendered":"<p><b>Drama beim Nations-League-Finale in M\u00fcnchen. In der ersten Halbzeit der Verl\u00e4ngerung st\u00fcrzte ein Fan vom Oberrang etwa acht Meter in die Tiefe auf die Pressetrib\u00fcne, landete in Block 103. Der Bereich wurde von rund 40 Ordnern abgeschirmt, der Mann von medizinischem Personal notversorgt. Nach Abpfiff dann die traurige Gewissheit: Er ist tot.<\/b><\/p>\n<p>Der Mann stamme aus dem Landkreis Garmisch-Partenkirchen, teilte die Polizei in der Nacht zu Montag mit. Er sei an den Folgen des Absturzes von der Trib\u00fcne gestorben. Die Polizei ermittelt. Zeugen w\u00fcrden vernommen und Videos gesichtet. Derzeit gebe es keine Anhaltspunkte, die gegen ein tragisches Ungl\u00fcck sprechen w\u00fcrden, so ein Polizeisprecher.<\/p>\n<p><b>Ein Uefa-Sprecher teilte mit: <\/b>\u201eTrotz aller medizinischen Bem\u00fchungen, sein Leben zu retten, verstarb er leider um 0.06 Uhr. Unsere Gedanken sind in dieser schweren Zeit bei seinen Angeh\u00f6rigen.\u201c<\/p>\n<p>Lesen Sie auch<\/p>\n<p><b>Spaniens Nationaltrainer Luis de la Fuente sagt:<\/b> \u201eErlaubt mir vor Beginn der Pressekonferenz bitte, dass ich unser Beileid bekunde \u2013 und zwar der Familie eines Fans, der verstorben ist, wie man uns mitgeteilt hat. Das zeigt und, was im Leben wirklich wichtig ist. Unser herzlichstes Beileid.\u201c Auch Portugals Nationaltrainer Roberto Mart\u00ednez \u00e4u\u00dferte sich: \u201eWir trauern um den verstorbenen Fan. Das ist eine extrem traurige Nachricht.\u201c<\/p>\n<p>Augenzeugen berichten von Sturz<\/p>\n<p>Zahlreiche Rettungskr\u00e4fte, Ordner und Polizisten waren in den Bereich der Pressetrib\u00fcne geeilt, in den der Mann gest\u00fcrzt war. Entsetzt riefen Augenzeugen weitere Rettungskr\u00e4fte herbei. Mit einer Plane als Sichtschutz wurde der Bereich abgedeckt, in dem \u00c4rzte um das Leben des Fans k\u00e4mpften. <\/p>\n<p>In der spannenden Verl\u00e4ngerung bekamen die Stars von Portugal und Spanien von diesem Notfall offenbar nichts mit. \u00c4hnlich sah es bei der Siegerehrung f\u00fcr das Team von Portugals Superstar Cristiano Ronaldo aus.<\/p>\n<p><img decoding=\"async\" width=\"992\" height=\"558\" alt=\"Spaniens Nationaltrainer Luis de la Fuente (63)\" src=\"https:\/\/www.europesays.com\/de\/wp-content\/uploads\/2025\/06\/3c0d88f70d910f6bfcb7aed6c9e3af50,5b7a441c\"   class=\"landscape\" loading=\"lazy\"\/><\/p>\n<p class=\"fig__caption__text\">Spaniens Nationaltrainer Luis de la Fuente (63)<\/p>\n<p>Foto: Getty Images<\/p>\n<p><b>Schon w\u00e4hrend der Live-\u00dcbertragung hatten die Sender RTL und DAZN vom medizinischen Notfall in der Allianz Arena berichtet. RTL-Kommentar Robert Hunke (41) sagt rund um die 100. Minute: \u201eAlle Medienvertreter sind gerade etwas irritiert, weil offenbar ein Fan aus dem Oberrang auf die Medientrib\u00fcne gefallen ist.\u201c<\/b><\/p>\n<p>Kurz danach entschuldigt sich Hunke w\u00e4hrend der Halbzeit der Verl\u00e4ngerung f\u00fcr seine gedr\u00fcckte Stimmung, sagt: \u201eEs stehen jetzt wahnsinnig viele Ordner und Sanit\u00e4ter vor unserem Pult. Das ist der Grund f\u00fcr unsere Stille.\u201c<\/p>\n<p>Auch bei Streamingdienst DAZN, wo das Spiel ebenfalls live gezeigt wurde, war der Vorgang ein Thema. Kommentator Tom Kirsten: \u201eWir bekommen hier die Information, dass es gerade zu einem medizinischen Notfall gekommen ist. Die Lage ist noch un\u00fcbersichtlich. Im Stadion hat man das aber bisher nicht mitbekommen.\u201c<\/p>\n","protected":false},"excerpt":{"rendered":"Drama beim Nations-League-Finale in M\u00fcnchen. In der ersten Halbzeit der Verl\u00e4ngerung st\u00fcrzte ein Fan vom Oberrang etwa acht&hellip;\n","protected":false},"author":2,"featured_media":175554,"comment_status":"","ping_status":"","sticky":false,"template":"","format":"standard","meta":{"footnotes":""},"categories":[136],"tags":[29,538,347,30,4550,640,4222,265,45],"class_list":{"0":"post-175553","1":"post","2":"type-post","3":"status-publish","4":"format-standard","5":"has-post-thumbnail","7":"category-sport","8":"tag-deutschland","9":"tag-erste-bundesliga","10":"tag-fussball","11":"tag-germany","12":"tag-nfl","13":"tag-rtl","14":"tag-sky","15":"tag-sport","16":"tag-texttospeech"},"share_on_mastodon":{"url":"https:\/\/pubeurope.com\/@de\/114650677582947786","error":""},"_links":{"self":[{"href":"https:\/\/www.europesays.com\/de\/wp-json\/wp\/v2\/posts\/175553","targetHints":{"allow":["GET"]}}],"collection":[{"href":"https:\/\/www.europesays.com\/de\/wp-json\/wp\/v2\/posts"}],"about":[{"href":"https:\/\/www.europesays.com\/de\/wp-json\/wp\/v2\/types\/post"}],"author":[{"embeddable":true,"href":"https:\/\/www.europesays.com\/de\/wp-json\/wp\/v2\/users\/2"}],"replies":[{"embeddable":true,"href":"https:\/\/www.europesays.com\/de\/wp-json\/wp\/v2\/comments?post=175553"}],"version-history":[{"count":0,"href":"https:\/\/www.europesays.com\/de\/wp-json\/wp\/v2\/posts\/175553\/revisions"}],"wp:featuredmedia":[{"embeddable":true,"href":"https:\/\/www.europesays.com\/de\/wp-json\/wp\/v2\/media\/175554"}],"wp:attachment":[{"href":"https:\/\/www.europesays.com\/de\/wp-json\/wp\/v2\/media?parent=175553"}],"wp:term":[{"taxonomy":"category","embeddable":true,"href":"https:\/\/www.europesays.com\/de\/wp-json\/wp\/v2\/categories?post=175553"},{"taxonomy":"post_tag","embeddable":true,"href":"https:\/\/www.europesays.com\/de\/wp-json\/wp\/v2\/tags?post=175553"}],"curies":[{"name":"wp","href":"https:\/\/api.w.org\/{rel}","templated":true}]}}