{"id":175564,"date":"2025-06-09T00:59:15","date_gmt":"2025-06-09T00:59:15","guid":{"rendered":"https:\/\/www.europesays.com\/de\/175564\/"},"modified":"2025-06-09T00:59:15","modified_gmt":"2025-06-09T00:59:15","slug":"nations-league-final-krimi-portugal-gegen-spanien-traenen-bei-cristiano-ronaldo-sport","status":"publish","type":"post","link":"https:\/\/www.europesays.com\/de\/175564\/","title":{"rendered":"Nations League: Final-Krimi Portugal gegen Spanien: Tr\u00e4nen bei Cristiano Ronaldo | Sport"},"content":{"rendered":"<p><b>Der n\u00e4chste Titel f\u00fcr Welt-Star Cristiano Ronaldo (40)!<\/b><\/p>\n<p>Portugal schl\u00e4gt im Nations-League-Finale die Super-Spanier (5:3 i.E. (2:2)).<\/p>\n<p><b>Erst die CR7-Show in M\u00fcnchen. Dann Elfer-Drama \u2013 ohne Ronaldo!<\/b><\/p>\n<p>Auch interessant<\/p>\n<p>Anzeige<\/p>\n<p>Auch interessant<\/p>\n<p>Anzeige<\/p>\n<p>Schon im Halbfinale zeigte Ronaldo, dass er auch mit 40 noch einer der Besten ist. Gegen Deutschland erzielte der Portugiese den 2:1-Siegtreffer.<\/p>\n<p>Am Sonntag brachte Ronaldos Ausgleich Portugal zur\u00fcck in die Spur. Und leitete Spaniens erste Niederlage seit 19 L\u00e4nderspielen ein.<\/p>\n<p>\u25ba <b>61. Minute: Der Welt-Star trifft. Nuno Mendes (22) flankt den Ball in die Mitte, Ronaldo trifft aus f\u00fcnf Metern. Das Stadion bebt, Ronaldo-Sprechch\u00f6re in der Allianz-Arena.<\/b><\/p>\n<p><b>Es ist der 138. L\u00e4nderspiel-Treffer des Portugiesen im 221 Spiel \u2013 beide Zahlen Weltrekord.<\/b><\/p>\n<p>Lesen Sie auch<\/p>\n<p>Schon in der ersten Halbzeit stand CR7 im Fokus. Portugals 1:1-Ausgleich (26.\/Mendes) wurde lange auf Abseits \u00fcberpr\u00fcft. Ronaldo belagerte mit Gegenspieler Mikel Oyarzabal (28) den guten Schiedsrichter Sandro Sch\u00e4rer (37\/Schweiz). Als der Schiri final auf Tor entschied, jubelte Ronaldo mit ausgestreckter Faust und Grimasse in Richtung des Spaniers.<\/p>\n<p><b>Ronaldo provoziert, trifft und feiert!<\/b><\/p>\n<p>Portugal gewinnt die Nations League \u2013 zum zweiten Mal nach dem Sieg in der Erstausgabe des Wettbewerbs im Jahr 2019. Nach dem nervenaufreibenden Elfmeterschie\u00dfen hat der Superstar Tr\u00e4nen in den Augen, wischt sich mehrfach \u00fcbers Gesicht.<\/p>\n<p><img decoding=\"async\" width=\"992\" height=\"558\" alt=\"Mikel Oyarzabal (28\/M.) trifft aus kurzer Distanz zum 2:1 f\u00fcr Spanien\" src=\"https:\/\/www.europesays.com\/de\/wp-content\/uploads\/2025\/06\/52647bfacfdbc3ae2c501afa2db26b0b,23567578\"   class=\"landscape\" loading=\"lazy\"\/><\/p>\n<p class=\"fig__caption__text\">Der Ausgleich! Cristiano Ronaldo (40) jubelt \u00fcber sein Tor zum 2:2<\/p>\n<p>Foto: AP<\/p>\n<p>Dabei legt Spanien besser los.<\/p>\n<p>\u25ba <b>21. Minute: <\/b>Bar\u00e7a-Star Lamine Yamal (17) lupft den Ball in den Strafraum. Portugal bekommt die Kugel nicht gekl\u00e4rt, am Ende stochert <b>Mart\u00edn Zubimendi<\/b> (26) den Ball aus f\u00fcnf Metern ins Tor \u2013 1:0.<\/p>\n<p>\u25ba <b>26. Minute:<\/b> Die direkte Antwort der Portugiesen folgt vom frischgebackenen Champions-League-Sieger <b>Nuno Mendes<\/b> (22\/PSG). Der Linksverteidiger dribbelt von links in den Strafraum und trifft stark ins rechte Eck.<\/p>\n<p>Portugal ist wieder im Spiel \u2013 Spanien bleibt aber die klar bessere und aktivere Mannschaft. <\/p>\n<p>\u25ba Pedri (22) steckt toll auf<b> Oyarzabal<\/b> durch. Der Angreifer verwandelt aus kurzer Distanz sicher (45.).<\/p>\n<p><b>Alle Augen auf Barca-Star Yamal. F\u00fcr Spanien treffen aber zwei Spieler von Real Sociedad San Sebastian: Oyarzabal und Zubimendi spielen beide beim La-Liga-Elften.<\/b><\/p>\n<p>Ronaldo feiert mit Tr\u00e4nen in den Augen<\/p>\n<p><b>Yamal bleibt blass, dann kommt der CR7-Wahnsinn in M\u00fcnchen!<\/b><\/p>\n<p>Ronaldo gleicht aus, f\u00fcr mehr reicht die Kraft nicht mehr. In der 88. Minute muss Ronaldo angeschlagen vom Platz.<\/p>\n<p><b>Wie beim EM-Titel 2016 sieht der f\u00fcnffache Ballon-d&#8217;Or-Gewinner seiner Elf von der Seitenlinie beim Sieg zu. <\/b><\/p>\n<p><img decoding=\"async\" width=\"992\" height=\"558\" alt=\"Emotionaler Jubel beim Welt-Star! Cristiano Ronaldo (40) feiert mit Tr\u00e4nen in den Augen\" src=\"https:\/\/www.europesays.com\/de\/wp-content\/uploads\/2025\/06\/0c770f9661e80d765a69abd7ec99bf2f,8b8fa69a\"   class=\"landscape\" loading=\"lazy\"\/><\/p>\n<p class=\"fig__caption__text\">Cristiano Ronaldo (40) \u00fcberkommen nach Abpfiff die Emotionen<\/p>\n<p>Foto: DAZN<\/p>\n<p>In der Verl\u00e4ngerung ist die Luft etwas raus und die Stimmung ged\u00e4mpft. <a href=\"https:\/\/www.bild.de\/sport\/fussball\/nations-league-fan-stirbt-bei-sturz-von-der-tribuene-6845fd47eaf9b317dbcfd616\" class=\"text-link\" target=\"_blank\" rel=\"noopener\">Ein Fan st\u00fcrzte in der ersten Halbzeit der Verl\u00e4ngerung von Block 203 auf die Medientrib\u00fcne in Block 103. <\/a>Rund 40 Ordner und Sanit\u00e4ter eilten zur Szene.<\/p>\n<p>Erst im Elfmeterschie\u00dfen wird die Allianz-Arena wieder laut.<\/p>\n<p>Diogo Costa (25) h\u00e4lt gegen Spaniens Kapit\u00e4n Morata (32), alle anderen Spieler treffen. <\/p>\n<p><img decoding=\"async\" width=\"992\" height=\"558\" alt=\"Da ist das Ding! Cristiano Ronaldo (40) jubelt mit dem Nations-League-Pokal\" src=\"https:\/\/www.europesays.com\/de\/wp-content\/uploads\/2025\/06\/be9db2c094d791d00f2e3d1a9991449e,7bfa9c96\"   class=\"landscape\" loading=\"lazy\"\/><\/p>\n<p class=\"fig__caption__text\">Da ist das Ding! Cristiano Ronaldo (40) jubelt mit dem Nations-League-Pokal<\/p>\n<p>Foto: Sven Hoppe\/dpa<\/p>\n<p>Ronaldo kann erst gar nicht hingucken, dann brechen auch bei ihm alle D\u00e4mme. CR7 feiert mit Tr\u00e4nen in den Augen seinen dritten Titel mit der Nationalmannschaft.<\/p>\n<p><b>Um 00:08 Uhr erh\u00e4lt der Welt-Star den Pokal, stemmt ihn in die H\u00f6he und strahlt, als w\u00e4re es der erste Titel seiner Karriere.<\/b><\/p>\n<p>Hartes Urteil \u00fcber F\u00fcllkrug : \u201eSo nett er ist, &#8230; dann hast du ein Problem\u201c<a href=\"https:\/\/www.bild.de\/sport\/fussball\/hartes-urteil-ueber-fuellkrug-so-nett-er-ist-dann-hast-du-ein-problem-684571d6a9feec7f5c519d50\" class=\"anchor\" target=\"_blank\" rel=\"noopener\"><img decoding=\"async\" width=\"992\" height=\"558\" alt=\"Teaser-Bild\" src=\"https:\/\/www.europesays.com\/de\/wp-content\/uploads\/2025\/06\/5576d9ce6643ac9a25497ef7ba2cf72b,dc0ec0ad\"   class=\"landscape teaser__image\" loading=\"lazy\"\/><\/a><\/p>\n<p>Quelle: BILD08.06.2025<\/p>\n","protected":false},"excerpt":{"rendered":"Der n\u00e4chste Titel f\u00fcr Welt-Star Cristiano Ronaldo (40)! Portugal schl\u00e4gt im Nations-League-Finale die Super-Spanier (5:3 i.E. (2:2)). Erst&hellip;\n","protected":false},"author":2,"featured_media":175565,"comment_status":"","ping_status":"","sticky":false,"template":"","format":"standard","meta":{"footnotes":""},"categories":[5],"tags":[1263,347,13,14,50752,57965,10260,15,4770,12,1576,45,10,8,9,11],"class_list":{"0":"post-175564","1":"post","2":"type-post","3":"status-publish","4":"format-standard","5":"has-post-thumbnail","7":"category-nachrichten","8":"tag-aufmacher-bereich","9":"tag-fussball","10":"tag-headlines","11":"tag-nachrichten","12":"tag-nationalmannschaft-portugal","13":"tag-nationalmannschaft-spanien","14":"tag-nations-league","15":"tag-news","16":"tag-ronaldo-cristiano","17":"tag-schlagzeilen","18":"tag-super-a-teaser","19":"tag-texttospeech","20":"tag-top-news","21":"tag-top-meldungen","22":"tag-topmeldungen","23":"tag-topnews"},"share_on_mastodon":{"url":"https:\/\/pubeurope.com\/@de\/114650701104358102","error":""},"_links":{"self":[{"href":"https:\/\/www.europesays.com\/de\/wp-json\/wp\/v2\/posts\/175564","targetHints":{"allow":["GET"]}}],"collection":[{"href":"https:\/\/www.europesays.com\/de\/wp-json\/wp\/v2\/posts"}],"about":[{"href":"https:\/\/www.europesays.com\/de\/wp-json\/wp\/v2\/types\/post"}],"author":[{"embeddable":true,"href":"https:\/\/www.europesays.com\/de\/wp-json\/wp\/v2\/users\/2"}],"replies":[{"embeddable":true,"href":"https:\/\/www.europesays.com\/de\/wp-json\/wp\/v2\/comments?post=175564"}],"version-history":[{"count":0,"href":"https:\/\/www.europesays.com\/de\/wp-json\/wp\/v2\/posts\/175564\/revisions"}],"wp:featuredmedia":[{"embeddable":true,"href":"https:\/\/www.europesays.com\/de\/wp-json\/wp\/v2\/media\/175565"}],"wp:attachment":[{"href":"https:\/\/www.europesays.com\/de\/wp-json\/wp\/v2\/media?parent=175564"}],"wp:term":[{"taxonomy":"category","embeddable":true,"href":"https:\/\/www.europesays.com\/de\/wp-json\/wp\/v2\/categories?post=175564"},{"taxonomy":"post_tag","embeddable":true,"href":"https:\/\/www.europesays.com\/de\/wp-json\/wp\/v2\/tags?post=175564"}],"curies":[{"name":"wp","href":"https:\/\/api.w.org\/{rel}","templated":true}]}}