{"id":175716,"date":"2025-06-09T02:33:22","date_gmt":"2025-06-09T02:33:22","guid":{"rendered":"https:\/\/www.europesays.com\/de\/175716\/"},"modified":"2025-06-09T02:33:22","modified_gmt":"2025-06-09T02:33:22","slug":"pol-ma-mannheim-innenstadt-gefaehrlicher-eingriff-in-den-strassenverkehr","status":"publish","type":"post","link":"https:\/\/www.europesays.com\/de\/175716\/","title":{"rendered":"POL-MA: Mannheim-Innenstadt: Gef\u00e4hrlicher Eingriff in den Stra\u00dfenverkehr &#8211; &#8230;"},"content":{"rendered":"<p class=\"date\">08.06.2025 \u2013 08:30<\/p>\n<p class=\"customer\">\n                        <a class=\"story-customer\" title=\"weiter zum newsroom von Polizeipr\u00e4sidium Mannheim\" href=\"https:\/\/www.presseportal.de\/blaulicht\/nr\/14915\" rel=\"nofollow noopener\" target=\"_blank\">Polizeipr\u00e4sidium Mannheim<\/a>\n                    <\/p>\n<p><a data-category=\"citylink-story-view\" data-action=\"click\" data-label=\"Citylink in Meldungsansicht\" class=\"story-city event-trigger\" href=\"https:\/\/www.presseportal.de\/regional\/Mannheim\" title=\"News aus Mannheim \" rel=\"nofollow noopener\" target=\"_blank\">Mannheim<\/a> (ots)<\/p>\n<p>Derzeit ermittelt das Revier Mannheim-Innenstadt wegen gef\u00e4hrlichen Eingriff in den Stra\u00dfenverkehr. Am Sonntag, gegen 00:10 Uhr befuhr eine 22-j\u00e4hige Frau mit ihrem PKW die Kunststra\u00dfe, als sie verkehrsbedingt auf H\u00f6he der Quadrate O2\/N2 anhalten musste. Pl\u00f6tzlich bemerkte sie einen lauten Knall. Als sie ausstieg und ihr Fahrzeug begutachtete, stellte sie ein ca. 10 cm gro\u00dfes Loch in der Heckscheibe fest. Offenbar hatte jemand aus gro\u00dfer H\u00f6he einen Gegenstand auf das Fahrzeug geworfen. Der Schaden bel\u00e4uft sich nach ersten Sch\u00e4tzungen auf ca. 1000 Euro. Verletzt wurde gl\u00fccklicherweise niemand. Zeugen, die Hinweise auf den Verursacher geben k\u00f6nnen, werden gebeten sich bei dem zust\u00e4ndigen Polizeirevier Mannheim-Innenstadt, unter der Tel. Nummer 0621\/12580 zu melden.<\/p>\n<p class=\"contact-headline\">R\u00fcckfragen bitte an:<\/p>\n<p class=\"contact-text\">Polizeipr\u00e4sidium Mannheim<br \/>F\u00fchrungs- und Lagezentrum<br \/>Maik Domberg<br \/>Telefon: 0621 174-1111<br \/>E-Mail: <a href=\"https:\/\/www.presseportal.de\/blaulicht\/pm\/14915\/mailto: mannheim.pp@polizei.bwl.de\" class=\"uri-mailto\" rel=\"nofollow noopener\" target=\"_blank\"> mannheim.pp@polizei.bwl.de<\/a><br \/><a target=\"_blank\" class=\"uri-ext outbound\" rel=\"noopener nofollow\" href=\"http:\/\/www.polizei-bw.de\/\">http:\/\/www.polizei-bw.de\/<\/a><\/p>\n<p class=\"originator\">Original-Content von: Polizeipr\u00e4sidium Mannheim, \u00fcbermittelt durch news aktuell<\/p>\n","protected":false},"excerpt":{"rendered":"08.06.2025 \u2013 08:30 Polizeipr\u00e4sidium Mannheim Mannheim (ots) Derzeit ermittelt das Revier Mannheim-Innenstadt wegen gef\u00e4hrlichen Eingriff in den Stra\u00dfenverkehr.&hellip;\n","protected":false},"author":2,"featured_media":108,"comment_status":"","ping_status":"","sticky":false,"template":"","format":"standard","meta":{"footnotes":""},"categories":[1845],"tags":[1634,6187,3364,29,548,663,3934,30,13,177,2096,14,15,121,178,180,179,181,12],"class_list":{"0":"post-175716","1":"post","2":"type-post","3":"status-publish","4":"format-standard","5":"has-post-thumbnail","7":"category-mannheim","8":"tag-baden-wuerttemberg","9":"tag-bw","10":"tag-de","11":"tag-deutschland","12":"tag-eu","13":"tag-europa","14":"tag-europe","15":"tag-germany","16":"tag-headlines","17":"tag-kriminalitt","18":"tag-mannheim","19":"tag-nachrichten","20":"tag-news","21":"tag-polizei","22":"tag-presse","23":"tag-pressemeldung","24":"tag-pressemitteilung","25":"tag-pressemitteilungen","26":"tag-schlagzeilen"},"share_on_mastodon":{"url":"https:\/\/pubeurope.com\/@de\/114651070758531627","error":""},"_links":{"self":[{"href":"https:\/\/www.europesays.com\/de\/wp-json\/wp\/v2\/posts\/175716","targetHints":{"allow":["GET"]}}],"collection":[{"href":"https:\/\/www.europesays.com\/de\/wp-json\/wp\/v2\/posts"}],"about":[{"href":"https:\/\/www.europesays.com\/de\/wp-json\/wp\/v2\/types\/post"}],"author":[{"embeddable":true,"href":"https:\/\/www.europesays.com\/de\/wp-json\/wp\/v2\/users\/2"}],"replies":[{"embeddable":true,"href":"https:\/\/www.europesays.com\/de\/wp-json\/wp\/v2\/comments?post=175716"}],"version-history":[{"count":0,"href":"https:\/\/www.europesays.com\/de\/wp-json\/wp\/v2\/posts\/175716\/revisions"}],"wp:featuredmedia":[{"embeddable":true,"href":"https:\/\/www.europesays.com\/de\/wp-json\/wp\/v2\/media\/108"}],"wp:attachment":[{"href":"https:\/\/www.europesays.com\/de\/wp-json\/wp\/v2\/media?parent=175716"}],"wp:term":[{"taxonomy":"category","embeddable":true,"href":"https:\/\/www.europesays.com\/de\/wp-json\/wp\/v2\/categories?post=175716"},{"taxonomy":"post_tag","embeddable":true,"href":"https:\/\/www.europesays.com\/de\/wp-json\/wp\/v2\/tags?post=175716"}],"curies":[{"name":"wp","href":"https:\/\/api.w.org\/{rel}","templated":true}]}}