{"id":175721,"date":"2025-06-09T02:36:40","date_gmt":"2025-06-09T02:36:40","guid":{"rendered":"https:\/\/www.europesays.com\/de\/175721\/"},"modified":"2025-06-09T02:36:40","modified_gmt":"2025-06-09T02:36:40","slug":"gefaehrliche-sticker-alles-muenster","status":"publish","type":"post","link":"https:\/\/www.europesays.com\/de\/175721\/","title":{"rendered":"Gef\u00e4hrliche Sticker | ALLES M\u00dcNSTER"},"content":{"rendered":"<p>\t\t<a href=\"https:\/\/www.allesmuenster.de\/cms\/wp-content\/uploads\/Aufkleber-mit-Rasierklingen_Buehrke_1.jpg\" target=\"_blank\" rel=\"noopener\"><img loading=\"lazy\" decoding=\"async\" class=\"size-medium wp-image-123927\" src=\"https:\/\/www.europesays.com\/de\/wp-content\/uploads\/2025\/06\/Aufkleber-mit-Rasierklingen_Buehrke_1-300x200.jpg\" alt=\"Dieser Aufkleber nervt nur, andere k\u00f6nnen gef\u00e4hrlich werden. (Foto: Michael B\u00fchrke)\" width=\"300\" height=\"200\"  \/><\/a>Dieser Aufkleber nervt nur, andere k\u00f6nnen gef\u00e4hrlich werden. (Foto: Michael B\u00fchrke)<\/p>\n<p><strong>Sticker \u00fcberall, auf Laternenpf\u00e4hlen, Schildern, Automaten und anderswo. Mal geht es um Fu\u00dfball, mal um Kneipen und immer wieder um Politik. An manchen Orten geh\u00f6ren sie einfach dazu, an anderen nerven sie und manchmal werden sie sogar gef\u00e4hrlich. Seit einigen Jahren tauchen immer wieder Aufkleber auf, die unsichtbar mit Rasierklingen versehen werden. Offenbar sollen Versuche, die Aufkleber zu entfernen, auf diese Weise zu schmerzhaften Verletzungen f\u00fchren.<\/strong><\/p>\n<p>Die zumindest aus lokaler Sicht gute Nachricht vorweg: In M\u00fcnster sind Aufkleber, die auf der Klebeseite mit Rasierklingen versehen wurden, offenbar bislang noch nicht aufgetaucht, \u201eDer Polizei liegen keine Erkenntnisse bezogen auf die letzten f\u00fcnf Jahre vor\u201c, wie Konstanze Heine von der Pressestelle der hiesigen Polizei best\u00e4tigt. Bundesweit einer der ersten F\u00e4lle d\u00fcrfte 2014 im Umfeld des Ruhrderbys von FC Schalke 04 und Borussia Dortmund aufgetreten sein, als schalkefeindliche Aufkleber in Dortmund mit Rasierklingen versehen wurden. Seither kam es immer wieder zu solchen Vorf\u00e4llen, wobei die Aufkleber seltener aus dem Fu\u00dfball- und wesentlich h\u00e4ufiger aus dem rechten politischen Lager stammen.<\/p>\n<p>Carsten Peters vom B\u00fcndnis \u201eKeinen Meter den Nazis\u201c beobachtet solche Vorf\u00e4lle mit Sorge: \u201eK\u00fcrzlich haben mutma\u00dflich junge Neonazis in Dortmund-Hombruch Aufkleber mit Rasierklingen versehen, das Thema ist leider immer noch aktuell. Es geht den Rechten darum, Angst zu verbreiten und Andersdenkende zu verletzen. Zudem wollen sie so verhindern, dass ihre rechte Hetze schnell wieder entsorgt wird. Es geht zudem darum den \u00f6ffentlichen Raum mit eigenen Inhalten zu fluten und extrem rechte Parolen zu normalisieren.\u201c Besonders perfide: Die von Peters genannten Aufkleber wurden im Bereich eines Schulhofs aufgeklebt, sodass insbesondere Kinder und Jugendliche gef\u00e4hrdet wurden.<\/p>\n<p><a href=\"https:\/\/www.allesmuenster.de\/cms\/wp-content\/uploads\/Aufkleber-mit-Rasierklingen_Buehrke_2.jpg\" target=\"_blank\" rel=\"noopener\"><img loading=\"lazy\" decoding=\"async\" class=\"wp-image-123928 size-medium\" src=\"data:image\/svg+xml,%3Csvg%20xmlns=\" http:=\"\" alt=\"Skaters Palace: An Orten wie diesen geh\u00f6ren Sticker dazu. (Foto: Michael B\u00fchrke)\" width=\"300\" height=\"200\" data-lazy- data-lazy- data-lazy-src=\"https:\/\/www.europesays.com\/de\/wp-content\/uploads\/2025\/06\/Aufkleber-mit-Rasierklingen_Buehrke_2-300x200.jpg\"\/><\/a>Skaters Palace: An Orten wie diesen geh\u00f6ren Sticker dazu. (Foto: Michael B\u00fchrke)<\/p>\n<p>Wehrmachtsverherrlichung, Islamfeindlichkeit, Impfgegnerparolen, Abschiebefantasien, Antisemitismus \u2013 die Inhalte der Sticker, hinter denen bislang Rasierklingen gefunden wurden, decken praktisch das gesamte rechte Gedankenspektrum ab, oft wird die gesichert rechtsextremistische Bestrebung \u201eIdentit\u00e4re Bewegung\u201c mit den Inhalten in Verbindung gebracht. Im vergangenen Jahr wurde au\u00dferdem im s\u00e4chsischen Kamenz ein Aufkleber mit dem Bild des AfD-Politikers Karsten Hilse entdeckt, auch dieser Sticker war mit Rasierklingen versehen worden. Auch die m\u00fcnstersche Polizei ist diesbez\u00fcglich aufmerksam und bittet um Information, falls ein solcher Sticker auftauchen sollte: \u201eDas Ph\u00e4nomen ist bekannt. Die Polizei kann im \u00f6ffentlichen Raum nicht jeden Sticker ohne konkreten Anlass \u00fcberpr\u00fcfen. Sobald jedoch ein verd\u00e4chtiger Sticker zur Kenntnis gelangt, werden wir die Angelegenheit pr\u00fcfen, um potenzielle Gefahren abzuwehren und gegebenenfalls strafrechtliche Ermittlungen einzuleiten\u201c, wie die Polizeisprecherin erkl\u00e4rt.<\/p>\n<p>\u201eEs ist perfide und menschenverachtend. Mit Rasierklingen pr\u00e4parierte Sticker k\u00f6nnen \u00fcble Verletzungen verursachen. Wer so etwas verklebt, zeigt, wessen Geistes Kind er oder sie ist. Passend ist, dass schriftliche Gewalt durch die Stickerparolen verbunden wird mit t\u00e4tlicher Gewalt. Es ist ein weiterer Beleg daf\u00fcr, dass rechte Gewalt in immer st\u00e4rkerem Ma\u00dfe steigt und die T\u00e4ter*innen sich immer sicherer w\u00e4hnen. Es ist Teil einer weiteren Brutalisierung neben den bekannten Formen von Gewaltanwendung\u201c, warnt Peters. Immer wieder liegen hierbei Schulh\u00f6fe und Spielpl\u00e4tze im Fokus der T\u00e4terinnen und T\u00e4ter. So wurde ein mit Rasierklingen versehener Aufkleber von Impfgegnern in Leipzig auf die Kinderrutsche eines Spielplatzes geklebt. Auch in M\u00fcnsters Nachbarkreisen Coesfeld und Borken wurden bereits Rasierklingen unter Aufklebern entdeckt.<\/p>\n<p>Kein Kavaliersdelikt<\/p>\n<p>Menschen auf diese Weise zu gef\u00e4hrden, ist kein Kavaliersdelikt: \u201eEin derartiges Vorgehen, Rasierklingen durch Aufkleber zu verdecken, deutet auf einen Vorsatz bei der Tatbegehung hin. Ob sich dies gegebenenfalls im Strafma\u00df versch\u00e4rfend auswirkt, obliegt der Einzelfallentscheidung eines Gerichts. Als Straftatbestand kommt eine versuchte oder vollendete gef\u00e4hrliche K\u00f6rperverletzung in Betracht\u201c, warnt Polizeioberkommissarin Konstanze Heine. Carsten Peters sieht in dieser Vorgehensweise eine Eskalation des \u00f6ffentlichen Diskurses: \u201eEs ist ein weiterer Beleg daf\u00fcr, dass rechte Gewalt in immer st\u00e4rkerem Ma\u00dfe steigt und die T\u00e4ter*innen sich immer sicherer w\u00e4hnen. Es ist Teil einer weiteren Brutalisierung neben den bekannten Formen von Gewaltanwendung. Diese Taten gerne dokumentieren und zum Beispiel bei Beratungsstellen wie <a href=\"https:\/\/www.mobile-beratung-nrw.de\/ueber-uns\/muenster\" target=\"_blank\" rel=\"noopener\">mobim<\/a> oder <a href=\"https:\/\/backup-nrw.org\/\" target=\"_blank\" rel=\"noopener\">BackUp NRW<\/a> melden. Auch die Information der \u00d6ffentlichkeit geh\u00f6rt dazu, um andere darauf hinzuweisen und daf\u00fcr zu sorgen, dass das Thema nicht beschwiegen wird und Menschen in Gefahr geraten.\u201c<\/p>\n<p>In den Medien findet sich neben zahlreichen Vorf\u00e4llen aus dem rechten Milieu auch einer, in dem ein AfD-feindlicher Aufkleber mit Rasierklingen pr\u00e4pariert wurde. Ende 2023 tauchte in L\u00fcdenscheid ein solcher Sticker auf, der ein KI-generiertes Bild mit sechs Hundewelpen zeigt, deren Fellzeichnungen die Buchstaben FCK AFD bilden. Ob dieser Aufkleber tats\u00e4chlich von AfD-Gegnern stammt, oder ebenfalls von rechten Aktivisten aufgeklebt wurde, um die Gegenseite zu diskreditieren, ist unklar. Das Polizeipr\u00e4sidium in Hagen ist diesbez\u00fcglich mit ihren Ermittlungen noch nicht am Ende: \u201eUnsere Ermittlungen dauern weiter an. Ich kann Ihnen deshalb noch keinen konkreteren, neuen Stand mitteilen\u201c, wie Pressesprecherin Ramona Arnhold auf Anfrage von <strong>ALLES M\u00dcNSTER<\/strong> mitteilt.<\/p>\n<p>                         <a href=\"https:\/\/www.allesmuenster.de\/author\/mb\/\" class=\"fn url\" target=\"_blank\" title=\"Michael B\u00fchrke\" rel=\"nofollow noopener\"> <img loading=\"lazy\" decoding=\"async\" width=\"250\" height=\"250\" alt=\"\" src=\"data:image\/svg+xml,%3Csvg%20xmlns=\" http:=\"\" class=\"avatar avatar-250 photo\" style=\"max-width:250px\" data-lazy-src=\"https:\/\/www.europesays.com\/de\/wp-content\/uploads\/2025\/04\/michael.jpg\"\/><\/a> <\/p>\n<p>Michael wurde im nieders\u00e4chsischen Celle geboren und kam 1990 zum Studieren nach M\u00fcnster. Er ist Geograf und arbeitet heute in der Unternehmskommunikation. Seine Schwerpunkte liegen in den Bereichen Umwelt, Gesundheit und Soziales aber auch in den Naturwissenschaften. Michael ist leidenschaftlicher Radfahrer, Wanderer und Amateurfotograf.<\/p>\n<p> <a href=\"https:\/\/www.allesmuenster.de\/author\/mb\/\" class=\"url\" target=\"_blank\" title=\"Michael B\u00fchrke\" rel=\"nofollow noopener\"><img loading=\"lazy\" decoding=\"async\" width=\"250\" height=\"250\" alt=\"\" src=\"data:image\/svg+xml,%3Csvg%20xmlns=\" http:=\"\" class=\"avatar avatar-250 photo\" style=\"max-width:250px\" data-lazy-src=\"https:\/\/www.europesays.com\/de\/wp-content\/uploads\/2025\/04\/michael.jpg\"\/><\/a>  <\/p>\n","protected":false},"excerpt":{"rendered":"Dieser Aufkleber nervt nur, andere k\u00f6nnen gef\u00e4hrlich werden. (Foto: Michael B\u00fchrke) Sticker \u00fcberall, auf Laternenpf\u00e4hlen, Schildern, Automaten und&hellip;\n","protected":false},"author":2,"featured_media":175722,"comment_status":"","ping_status":"","sticky":false,"template":"","format":"standard","meta":{"footnotes":""},"categories":[1843],"tags":[59546,3364,29,30,8970,1209,59547],"class_list":{"0":"post-175721","1":"post","2":"type-post","3":"status-publish","4":"format-standard","5":"has-post-thumbnail","7":"category-muenster","8":"tag-aufkleber","9":"tag-de","10":"tag-deutschland","11":"tag-germany","12":"tag-muenster","13":"tag-nordrhein-westfalen","14":"tag-sticker"},"share_on_mastodon":{"url":"https:\/\/pubeurope.com\/@de\/114651082561091904","error":""},"_links":{"self":[{"href":"https:\/\/www.europesays.com\/de\/wp-json\/wp\/v2\/posts\/175721","targetHints":{"allow":["GET"]}}],"collection":[{"href":"https:\/\/www.europesays.com\/de\/wp-json\/wp\/v2\/posts"}],"about":[{"href":"https:\/\/www.europesays.com\/de\/wp-json\/wp\/v2\/types\/post"}],"author":[{"embeddable":true,"href":"https:\/\/www.europesays.com\/de\/wp-json\/wp\/v2\/users\/2"}],"replies":[{"embeddable":true,"href":"https:\/\/www.europesays.com\/de\/wp-json\/wp\/v2\/comments?post=175721"}],"version-history":[{"count":0,"href":"https:\/\/www.europesays.com\/de\/wp-json\/wp\/v2\/posts\/175721\/revisions"}],"wp:featuredmedia":[{"embeddable":true,"href":"https:\/\/www.europesays.com\/de\/wp-json\/wp\/v2\/media\/175722"}],"wp:attachment":[{"href":"https:\/\/www.europesays.com\/de\/wp-json\/wp\/v2\/media?parent=175721"}],"wp:term":[{"taxonomy":"category","embeddable":true,"href":"https:\/\/www.europesays.com\/de\/wp-json\/wp\/v2\/categories?post=175721"},{"taxonomy":"post_tag","embeddable":true,"href":"https:\/\/www.europesays.com\/de\/wp-json\/wp\/v2\/tags?post=175721"}],"curies":[{"name":"wp","href":"https:\/\/api.w.org\/{rel}","templated":true}]}}