{"id":175723,"date":"2025-06-09T02:37:09","date_gmt":"2025-06-09T02:37:09","guid":{"rendered":"https:\/\/www.europesays.com\/de\/175723\/"},"modified":"2025-06-09T02:37:09","modified_gmt":"2025-06-09T02:37:09","slug":"israels-armee-stoppt-aktivistenschiff-auf-dem-weg-nach-gaza","status":"publish","type":"post","link":"https:\/\/www.europesays.com\/de\/175723\/","title":{"rendered":"Israels Armee stoppt Aktivistenschiff auf dem Weg nach Gaza"},"content":{"rendered":"<p>Gaza (dpa) &#8211; Nach tagelanger Fahrt auf einem Segelschiff mit Hilfsg\u00fctern f\u00fcr die Menschen im Gazastreifen sind Greta Thunberg und weitere Aktivisten kurz vor ihrem Ziel von den israelischen Beh\u00f6rden gestoppt worden. Das Schiff werde zur israelischen K\u00fcste gebracht, die Passagiere sollten in ihre Heimatl\u00e4nder zur\u00fcckkehren, teilte das israelische Au\u00dfenministerium am fr\u00fchen Morgen auf der Plattform X mit. Zuvor hatte das B\u00fcndnis Freedom Flotilla Coalition mitgeteilt, die israelische Armee sei an Bord des Schiffes \u00abMadleen\u00bb gegangen.\u00a0<\/p>\n<p>Das israelische Au\u00dfenministerium teilte weiter mit, die Aktivisten h\u00e4tten versucht, eine mediale Provokation zu inszenieren mit dem einzigen Zweck, \u00f6ffentliche Aufmerksamkeit zu erregen. Ihre Ladung sei so geringf\u00fcgig gewesen, dass sie nicht einmal einer Lkw-Lieferung mit Hilfsg\u00fctern entspreche. \u00abEs gibt Wege, Hilfe in den Gazastreifen zu bringen &#8211; ohne Instagram-Selfies\u00bb, hie\u00df es in der Stellungnahme.<\/p>\n<p>Warnung des Verteidigungsministers<\/p>\n<p>Der israelische Verteidigungsminister Israel Katz hatte die Armee am Sonntag angewiesen, die Ankunft des Schiffes zu verhindern. \u00abDer Staat Israel wird niemandem erlauben, die Seeblockade des Gazastreifens zu durchbrechen\u00bb, verk\u00fcndete Katz. Israel hatte Aktivisten auch in fr\u00fcheren F\u00e4llen schon die Genehmigung verweigert, mit ihren Schiffen an der K\u00fcste des abgeschotteten Gazastreifens anzulegen.<\/p>\n<p>Tagelange Fahrt durchs \u00f6stliche Mittelmeer<\/p>\n<p>Thunberg war mit elf weiteren Aktivistinnen und Aktivisten am 1. Juni von Sizilien aus in See gestochen, um mit dem Schiff des B\u00fcndnisses Freedom\u00a0Flotilla\u00a0Coalition dringend ben\u00f6tigte Hilfsg\u00fcter wie Babynahrung und medizinische G\u00fcter nach Gaza zu bringen. Zugleich wollten sie mit der Aktion internationale Aufmerksamkeit auf die humanit\u00e4re Notlage in dem dicht besiedelten K\u00fcstengebiet mit rund zwei Millionen Bewohnern richten. Nach ihrer tagelangen Fahrt durch das \u00f6stliche Mittelmeer wollten sie planm\u00e4\u00dfig eigentlich am Montagmorgen an der K\u00fcste Gazas eintreffen.\u00a0<\/p>\n<p>Thunberg ist mit ihrem rigorosen Kampf f\u00fcr mehr Klimaschutz weltbekannt geworden. Die mittlerweile 22-j\u00e4hrige Schwedin setzt sich seit l\u00e4ngerem aber auch &#8211; und inzwischen vor allem &#8211; f\u00fcr die Belange der pal\u00e4stinensischen Bev\u00f6lkerung ein. Ihr Credo: Ohne soziale Gerechtigkeit k\u00f6nne es auch keine Klimagerechtigkeit geben.\u00a0<\/p>\n<p>Israel wirft sie dabei immer wieder vor, einen V\u00f6lkermord an den Pal\u00e4stinensern zu begehen. Kritiker halten ihr dagegen vor, bei ihren Anschuldigungen das Hamas-Massaker vom 7. Oktober 2023 au\u00dfer Acht zu lassen, das den Gaza-Krieg ausgel\u00f6st hat.<\/p>\n<p>Israel hat die Lieferung von Nahrungsmitteln, Medikamenten und anderen lebenswichtigen G\u00fctern in den Gazastreifen im Zuge des Krieges gegen die islamistische Hamas fast drei Monate lang unterbunden, die Blockade zuletzt aber etwas gelockert. Die Regierung von Ministerpr\u00e4sident Benjamin Netanjahu will die Hamas nach eigenen Angaben unter Druck setzen, damit sie die von ihr festgehaltenen Geiseln freil\u00e4sst.<\/p>\n","protected":false},"excerpt":{"rendered":"Gaza (dpa) &#8211; Nach tagelanger Fahrt auf einem Segelschiff mit Hilfsg\u00fctern f\u00fcr die Menschen im Gazastreifen sind Greta&hellip;\n","protected":false},"author":2,"featured_media":175724,"comment_status":"","ping_status":"","sticky":false,"template":"","format":"standard","meta":{"footnotes":""},"categories":[1843],"tags":[30785,3364,29,30,411,8221,4046,8970,1209,1319],"class_list":{"0":"post-175723","1":"post","2":"type-post","3":"status-publish","4":"format-standard","5":"has-post-thumbnail","7":"category-muenster","8":"tag-palstinensische-gebiete","9":"tag-de","10":"tag-deutschland","11":"tag-germany","12":"tag-israel","13":"tag-konflikte","14":"tag-krieg","15":"tag-muenster","16":"tag-nordrhein-westfalen","17":"tag-schweden"},"share_on_mastodon":{"url":"https:\/\/pubeurope.com\/@de\/114651086397560800","error":""},"_links":{"self":[{"href":"https:\/\/www.europesays.com\/de\/wp-json\/wp\/v2\/posts\/175723","targetHints":{"allow":["GET"]}}],"collection":[{"href":"https:\/\/www.europesays.com\/de\/wp-json\/wp\/v2\/posts"}],"about":[{"href":"https:\/\/www.europesays.com\/de\/wp-json\/wp\/v2\/types\/post"}],"author":[{"embeddable":true,"href":"https:\/\/www.europesays.com\/de\/wp-json\/wp\/v2\/users\/2"}],"replies":[{"embeddable":true,"href":"https:\/\/www.europesays.com\/de\/wp-json\/wp\/v2\/comments?post=175723"}],"version-history":[{"count":0,"href":"https:\/\/www.europesays.com\/de\/wp-json\/wp\/v2\/posts\/175723\/revisions"}],"wp:featuredmedia":[{"embeddable":true,"href":"https:\/\/www.europesays.com\/de\/wp-json\/wp\/v2\/media\/175724"}],"wp:attachment":[{"href":"https:\/\/www.europesays.com\/de\/wp-json\/wp\/v2\/media?parent=175723"}],"wp:term":[{"taxonomy":"category","embeddable":true,"href":"https:\/\/www.europesays.com\/de\/wp-json\/wp\/v2\/categories?post=175723"},{"taxonomy":"post_tag","embeddable":true,"href":"https:\/\/www.europesays.com\/de\/wp-json\/wp\/v2\/tags?post=175723"}],"curies":[{"name":"wp","href":"https:\/\/api.w.org\/{rel}","templated":true}]}}