{"id":175888,"date":"2025-06-09T04:21:44","date_gmt":"2025-06-09T04:21:44","guid":{"rendered":"https:\/\/www.europesays.com\/de\/175888\/"},"modified":"2025-06-09T04:21:44","modified_gmt":"2025-06-09T04:21:44","slug":"bornheim-koenigswinter-zum-beginn-der-sommerreisezeit-bietet-die-bonner-polizei-zwei-kostenfreie","status":"publish","type":"post","link":"https:\/\/www.europesays.com\/de\/175888\/","title":{"rendered":"Bornheim, K\u00f6nigswinter &#8211; Zum Beginn der Sommerreisezeit bietet die Bonner Polizei zwei kostenfreie"},"content":{"rendered":"<p>Sicherheitsaktion f\u00fcr Wohnmobile und Wohnwagen: Bonner Polizei ber\u00e4t kostenlos zum Beginn der Sommerreisezeit &#8211; Foto- und Pressetermin am 18.06.2025<\/p>\n<p>Sie wollen kurz vor dem Start in den Urlaub ihr Wohnmobil oder ihren Wohnwagen vollbeladen wiegen lassen? Wir stellen ihr Fahrzeug kostenlos auf die Radlastwaage. Warum es \u00fcberhaupt wichtig ist das Gewicht zu kennen? Bis 3,5 Tonnen Gesamtgewicht darf man das Wohnmobil oder den Wohnwagen mit einem normalen F\u00fchrerschein der Klasse B steuern. Ist es schwerer, ben\u00f6tigt die Fahrerin oder der Fahrer den F\u00fchrerschein der Klassen B96 oder sogar BE. Au\u00dferdem gibt es eine maximal zul\u00e4ssige Zuladung f\u00fcr Wohnmobile und Wohnwagen. Wird diese \u00fcberschritten, kann es teuer werden und einen Punkt in Flensburg geben.<\/p>\n<p>Unser Verkehrsdienst, die Fachkommissariate f\u00fcr Unfall- und Kriminalpr\u00e4vention sowie Experten des T\u00dcV Rheinland beraten Sie vor Ort zus\u00e4tzlich zu den Themen technischer Zustand, Ladungssicherung, Sicherung von Gasflaschen, \u00dcberladung, Abbiegen, Toter Winkel, Bremsweg, \u00dcberm\u00fcdung, Ablenkung und Verbandskasten.<\/p>\n<p>Wann und wo?<\/p>\n<p>Interessierte Pressevertreter sind zu diesem Termin in Bornheim herzlich eingeladen.<\/p>\n<p>Aus organisatorischen Gr\u00fcnden bitten wir bis Dienstag, 16.05.2025, 15:00 Uhr, um vorherige Anmeldung bei der Pressestelle unter 0228 15-1025 oder an <a href=\"https:\/\/www.ad-hoc-news.de\/polizeimeldungen\/bornheim-koenigswinter-zum-beginn-der-sommerreisezeit-bietet-die-bonner\/mailto: pressestelle.bonn@polizei.nrw.de\" rel=\"nofollow noopener\" target=\"_blank\"> pressestelle.bonn@polizei.nrw.de<\/a> .<\/p>\n<p>Hinweis: Es wird ausschlie\u00dflich beraten und informiert. Es findet keine Kontrolle mit Ahndung von Ordnungswidrigkeiten statt.<\/p>\n<p>R\u00fcckfragen bitte an:<\/p>\n<p>Polizei Bonn<br \/>Pressestelle<br \/>Telefon: 0228 &#8211; 1510-21 bis 23<br \/>Fax: 0228-151202<br \/><a target=\"_blank\" rel=\"noopener nofollow\" href=\"https:\/\/bonn.polizei.nrw\">https:\/\/bonn.polizei.nrw<\/a><\/p>\n<p>Folgen Sie f\u00fcr aktuelle Informationen gerne unserem WhatsApp-Kanal:<br \/><a target=\"_blank\" rel=\"noopener nofollow\" href=\"https:\/\/t1p.de\/v1grf\">https:\/\/t1p.de\/v1grf<\/a><\/p>\n<p class=\"origin\">Original-Content von: Polizei Bonn \u00fcbermittelt durch news aktuell<\/p>\n<p>http:\/\/ots.de\/5c525c<\/p>\n","protected":false},"excerpt":{"rendered":"Sicherheitsaktion f\u00fcr Wohnmobile und Wohnwagen: Bonner Polizei ber\u00e4t kostenlos zum Beginn der Sommerreisezeit &#8211; Foto- und Pressetermin am&hellip;\n","protected":false},"author":2,"featured_media":175889,"comment_status":"","ping_status":"","sticky":false,"template":"","format":"standard","meta":{"footnotes":""},"categories":[1842],"tags":[31565,1741,26563,3364,29,13692,30,1209,59589,121,12841,59590,59591,46570,40804],"class_list":{"0":"post-175888","1":"post","2":"type-post","3":"status-publish","4":"format-standard","5":"has-post-thumbnail","7":"category-bonn","8":"tag-beginn","9":"tag-bonn","10":"tag-bonner","11":"tag-de","12":"tag-deutschland","13":"tag-foto","14":"tag-germany","15":"tag-nordrhein-westfalen","16":"tag-pol-bn","17":"tag-polizei","18":"tag-pressetermin","19":"tag-sicherheitsaktion","20":"tag-sommerreisezeit","21":"tag-wohnmobile","22":"tag-wohnwagen"},"share_on_mastodon":{"url":"https:\/\/pubeurope.com\/@de\/114651495380284022","error":""},"_links":{"self":[{"href":"https:\/\/www.europesays.com\/de\/wp-json\/wp\/v2\/posts\/175888","targetHints":{"allow":["GET"]}}],"collection":[{"href":"https:\/\/www.europesays.com\/de\/wp-json\/wp\/v2\/posts"}],"about":[{"href":"https:\/\/www.europesays.com\/de\/wp-json\/wp\/v2\/types\/post"}],"author":[{"embeddable":true,"href":"https:\/\/www.europesays.com\/de\/wp-json\/wp\/v2\/users\/2"}],"replies":[{"embeddable":true,"href":"https:\/\/www.europesays.com\/de\/wp-json\/wp\/v2\/comments?post=175888"}],"version-history":[{"count":0,"href":"https:\/\/www.europesays.com\/de\/wp-json\/wp\/v2\/posts\/175888\/revisions"}],"wp:featuredmedia":[{"embeddable":true,"href":"https:\/\/www.europesays.com\/de\/wp-json\/wp\/v2\/media\/175889"}],"wp:attachment":[{"href":"https:\/\/www.europesays.com\/de\/wp-json\/wp\/v2\/media?parent=175888"}],"wp:term":[{"taxonomy":"category","embeddable":true,"href":"https:\/\/www.europesays.com\/de\/wp-json\/wp\/v2\/categories?post=175888"},{"taxonomy":"post_tag","embeddable":true,"href":"https:\/\/www.europesays.com\/de\/wp-json\/wp\/v2\/tags?post=175888"}],"curies":[{"name":"wp","href":"https:\/\/api.w.org\/{rel}","templated":true}]}}