{"id":176082,"date":"2025-06-09T06:11:09","date_gmt":"2025-06-09T06:11:09","guid":{"rendered":"https:\/\/www.europesays.com\/de\/176082\/"},"modified":"2025-06-09T06:11:09","modified_gmt":"2025-06-09T06:11:09","slug":"berlin-brandenburg-polizei-veroeffentlicht-taegliche-daten-zu-diebstaehlen-aus-kfz","status":"publish","type":"post","link":"https:\/\/www.europesays.com\/de\/176082\/","title":{"rendered":"Berlin &#038; Brandenburg: Polizei ver\u00f6ffentlicht t\u00e4gliche Daten zu Diebst\u00e4hlen aus Kfz"},"content":{"rendered":"<p>                    Berlin &amp; Brandenburg<br \/>\n                Polizei ver\u00f6ffentlicht t\u00e4gliche Daten zu Diebst\u00e4hlen aus Kfz<\/p>\n<p>\t\t\t\t              09.06.2025, 07:03 Uhr<\/p>\n<p><strong>Bei gro\u00dfen Datenmengen muss es nicht immer ums Geldverdienen gehen. Datens\u00e4tze k\u00f6nnen auch der Wissenschaft dienen oder Kreativit\u00e4t wecken. Darauf hofft die Berliner Polizei.<\/strong><\/p>\n<p>Berlin (dpa\/bb) &#8211; Seit knapp vier Jahren ver\u00f6ffentlicht die Berliner Polizei jeden angezeigten Fahrraddiebstahl aktuell mit Gebiet, Zeit und weiteren Informationen als frei zug\u00e4nglichen Datensatz &#8211; nun wird das Angebot erweitert. Auch die Daten zu Diebst\u00e4hlen aus Autos und von Autoteilen werden ab dem morgigen Dienstag (10. Juni) in die Open Data Plattform Berlins eingestellt, wie der Vize-Chef des Landeskriminalamtes (LKA), Stefan Redlich, der dpa sagte.\u00a0<\/p>\n<p>Mit den frei verf\u00fcgbaren Daten zu den Diebst\u00e4hlen der R\u00e4der habe man so gute Erfahrungen gemacht, dass man das Projekt fortsetze. &#8222;Wir wollen das Interesse und die Kreativit\u00e4t wecken und das Know-how verschiedener Anwender bei der Auswertung nutzen&#8220;, sagte Redlich. Das k\u00f6nnten Universit\u00e4ten, Firmen und Beh\u00f6rden bis zu interessierten Einzelpersonen oder Initiativen sein.\u00a0<\/p>\n<p>Immerhin 36.841 dieser &#8222;Diebst\u00e4hle an\/aus Kraftfahrzeugen&#8220; wurden im vergangenen Jahr in Berlin bei der Polizei angezeigt und registriert. Gestohlen werden Teile von Autos wie Lenkr\u00e4der, Bordcomputer, Navigationssysteme, Airbags, Katalysatoren, R\u00e4der, Nummernschilder und auch lose Teile wie Laptops und Handys, die im Auto herumliegen. Nur knapp 2.000 dieser Diebst\u00e4hle werden aufgekl\u00e4rt, das sind gerade mal rund 5 Prozent.<\/p>\n<p>Daten werden t\u00e4glich ver\u00f6ffentlicht\u00a0<\/p>\n<p>T\u00e4glich werden nun Daten zu jeder dieser Diebstahlsanzeigen vom Vortag von der Polizei ver\u00f6ffentlicht und sind f\u00fcr jeden Interessierten \u00fcber abrufbar und nutzbar.<\/p>\n<p>Der Datensatz als Tabelle sind laut Polizei sogenannte &#8222;unbearbeitete, tagesaktuelle Rohdaten&#8220;. Sie enthalten Tag und Uhrzeit des Diebstahls, Art des gestohlenen Gegenstands und des Vorgehens der T\u00e4ter, Schadensh\u00f6he sowie den Ort der Tat. Der Ort wird wegen des Datenschutzes nicht mit Stra\u00dfe und Hausnummer genannt, sondern als einer von 542 sogenannten Planungsr\u00e4umen in Berlin &#8211; das sind festgelegte Gebiete in verschiedenen Gr\u00f6\u00dfen.\u00a0<\/p>\n<p>R\u00fcckwirkend stellt die Polizei au\u00dferdem knapp 39.000 Diebst\u00e4hle aus dem Jahr 2024 ins Internet. Das t\u00e4gliche \u00dcberspielen der Daten geschieht automatisch aus den Erfassungssystemen der Polizei. Beraten wird die Polizei dabei von der Technologiestiftung Berlin.<\/p>\n<p>&#8222;Keinerlei negative Effekte und keinen Missbrauch der Daten&#8220;<\/p>\n<p>Solche Bereitstellungen von Daten gibt es bereits in zahlreicher Art. Das reicht von Wetterinformationen \u00fcber Flugdaten bis zu Parkpl\u00e4tzen, E-Lades\u00e4ulen und ak\u00adtuellen Verkehrslagen. Die Daten kommen vor allem von Beh\u00f6rden und anderen staatlichen Einrichtungen. Oft werden sie durch Apps aufbereitet und visualisiert und von Millionen von Men\u00adschen genutzt.<\/p>\n<p>So sei es auch mit den seit vier Jahren ver\u00f6ffentlichten Daten zu den Fahrraddiebst\u00e4hlen, sagte Redlich vom LKA. Dazu seien Apps entwickelt und Bachelor- und Masterarbeiten an Universit\u00e4ten geschrieben worden. Eine Zeitung bereite die Daten in Form eines &#8222;Fahrradklau-Counters&#8220; auf. Dort l\u00e4sst sich nachlesen, wo und wann am meisten R\u00e4der gestohlen werden, wie viel sie wert waren und wie viele Radbesitzer es bisher im Jahr traf.<\/p>\n<p>&#8222;Man sieht, dass die Menschen kreativ sind und wissenschaftlich mit den Daten umgehen&#8220;, sagte Redlich. &#8222;Es gab keinerlei negative Effekte und keinen Missbrauch der Daten.&#8220; Denkbar w\u00e4re k\u00fcnftig eine weitere Ausweitung der Ver\u00f6ffentlichungen. Die Datenbest\u00e4nde der Polizei zur Kriminalit\u00e4t sind noch weitaus gr\u00f6\u00dfer.<\/p>\n","protected":false},"excerpt":{"rendered":"Berlin &amp; Brandenburg Polizei ver\u00f6ffentlicht t\u00e4gliche Daten zu Diebst\u00e4hlen aus Kfz 09.06.2025, 07:03 Uhr Bei gro\u00dfen Datenmengen muss&hellip;\n","protected":false},"author":2,"featured_media":176083,"comment_status":"","ping_status":"","sticky":false,"template":"","format":"standard","meta":{"footnotes":""},"categories":[1816],"tags":[1960,1958,1959,1957,296,1956,1890,5398,29,59648,30,29704,121],"class_list":{"0":"post-176082","1":"post","2":"type-post","3":"status-publish","4":"format-standard","5":"has-post-thumbnail","7":"category-brandenburg","8":"tag-aktuelle-nachrichten-aus-berlin-und-brandenburg","9":"tag-aktuelle-nachrichten-aus-brandenburg","10":"tag-aktuelle-news-aus-berlin-und-brandenburg","11":"tag-aktuelle-news-aus-brandenburg","12":"tag-berlin","13":"tag-berlin-und-brandenburg","14":"tag-brandenburg","15":"tag-daten","16":"tag-deutschland","17":"tag-diebstaehlen","18":"tag-germany","19":"tag-kfz","20":"tag-polizei"},"share_on_mastodon":{"url":"https:\/\/pubeurope.com\/@de\/114651928085611618","error":""},"_links":{"self":[{"href":"https:\/\/www.europesays.com\/de\/wp-json\/wp\/v2\/posts\/176082","targetHints":{"allow":["GET"]}}],"collection":[{"href":"https:\/\/www.europesays.com\/de\/wp-json\/wp\/v2\/posts"}],"about":[{"href":"https:\/\/www.europesays.com\/de\/wp-json\/wp\/v2\/types\/post"}],"author":[{"embeddable":true,"href":"https:\/\/www.europesays.com\/de\/wp-json\/wp\/v2\/users\/2"}],"replies":[{"embeddable":true,"href":"https:\/\/www.europesays.com\/de\/wp-json\/wp\/v2\/comments?post=176082"}],"version-history":[{"count":0,"href":"https:\/\/www.europesays.com\/de\/wp-json\/wp\/v2\/posts\/176082\/revisions"}],"wp:featuredmedia":[{"embeddable":true,"href":"https:\/\/www.europesays.com\/de\/wp-json\/wp\/v2\/media\/176083"}],"wp:attachment":[{"href":"https:\/\/www.europesays.com\/de\/wp-json\/wp\/v2\/media?parent=176082"}],"wp:term":[{"taxonomy":"category","embeddable":true,"href":"https:\/\/www.europesays.com\/de\/wp-json\/wp\/v2\/categories?post=176082"},{"taxonomy":"post_tag","embeddable":true,"href":"https:\/\/www.europesays.com\/de\/wp-json\/wp\/v2\/tags?post=176082"}],"curies":[{"name":"wp","href":"https:\/\/api.w.org\/{rel}","templated":true}]}}