{"id":176467,"date":"2025-06-09T09:52:13","date_gmt":"2025-06-09T09:52:13","guid":{"rendered":"https:\/\/www.europesays.com\/de\/176467\/"},"modified":"2025-06-09T09:52:13","modified_gmt":"2025-06-09T09:52:13","slug":"feuerwehr-einsaetze-und-rettung-an-der-frauenkirche","status":"publish","type":"post","link":"https:\/\/www.europesays.com\/de\/176467\/","title":{"rendered":"Feuerwehr-Eins\u00e4tze und Rettung an der Frauenkirche"},"content":{"rendered":"<p>Sturm in Dresden <\/p>\n<p>Feuerwehr im Dauereinsatz \u2013 Notfall an der Frauenkirche<\/p>\n<p>09.06.2025 &#8211; 11:05 UhrLesedauer: 1 Min.<\/p>\n<p><a href=\"#focus-0\" class=\"transition-colors duration-200 focus-within:text-magenta block text-current relative\" data-sctrack=\"FocusGalleryImage.Reference\"><img fetchpriority=\"high\" data-testid=\"Opener.Image\" style=\"--lqipURL:url('https:\/\/images.t-online.de\/2025\/06\/AYCOeypu2R7o\/0x94:1800x1012\/fit-in\/150x0\/filters:blur(25)\/rettungsleute-im-einsatz-an-der-frauenkirche-auf-der-aussichtsplattform-verlor-ein-mann-das-bewusstsein-und-musste-reanimiert-werden.jpg')\"   loading=\"eager\" src=\"https:\/\/www.europesays.com\/de\/wp-content\/uploads\/2025\/06\/rettungsleute-im-einsatz-an-der-frauenkirche-auf-der-aussichtsplattform-verlor-ein-mann-das-bewussts.jpeg\" alt=\"Rettungsleute im Einsatz an der Frauenkirche: Auf der Aussichtsplattform verlor ein Mann das Bewusstsein und musste reanimiert werden.\" title=\"Rettungsleute im Einsatz an der Frauenkirche: Auf der Aussichtsplattform verlor ein Mann das Bewusstsein und musste reanimiert werden.\" width=\"1800\" height=\"1012\" class=\"bg-[url:var(--lqipURL)] bg-cover bg-center flex w-full max-w-full h-full\" decoding=\"async\"\/><img style=\"--width:32;--height:32\" loading=\"lazy\" src=\"https:\/\/www.europesays.com\/de\/wp-content\/uploads\/2025\/05\/zoom-in.f7dae02f.svg.svg+xml\" alt=\"Vergr\u00f6\u00dfern des Bildes\" title=\"Vergr\u00f6\u00dfern des Bildes\" class=\"&#10;        block&#10;        h-[calc(var(--height)_\/_16_*_1rem)]&#10;        w-[calc(var(--width)_\/_16_*_1rem)]&#10;        max-w-none&#10;        absolute bottom-8 right-8 rounded-4 bg-snow p-8\" decoding=\"async\"\/><\/a><\/p>\n<p>Rettungsleute im Einsatz an der Frauenkirche: Auf der Aussichtsplattform verlor ein Mann das Bewusstsein und musste reanimiert werden. (Quelle: Roland Halkasch)<\/p>\n<p class=\"font-bold text-18 leading-17\">Sturmb\u00f6en fegten durch Dresden und lie\u00dfen \u00c4ste und Dachziegel fliegen. Bei einem Einsatz an der Frauenkirche musste improvisiert werden.<\/p>\n<p class=\"text-18 leading-17\">Wegen eines Sturms war die Feuerwehr in <a class=\"transition-colors duration-200 cursor-pointer text-inherit no-underline text-salemsfur md:hover:text-magenta md:hover:border-magenta md:focus:text-magenta border-current border-b border-solid break-words\" href=\"https:\/\/www.t-online.de\/region\/dresden\/\" data-sctrack=\"BodyAnchor\" rel=\"nofollow noopener\" target=\"_blank\">Dresden<\/a> am Sonntag mehrfach im Einsatz. Insgesamt r\u00fcckten die Einsatzkr\u00e4fte zw\u00f6lfmal aus, wie die Feuerwehr mitteilte. Sie entfernten umgest\u00fcrzte B\u00e4ume, abgebrochene \u00c4ste und lose Dachziegel.<\/p>\n<p class=\"text-18 leading-17\">In einigen F\u00e4llen wurden Fahrzeuge besch\u00e4digt, verletzt wurde jedoch niemand. Auch am Montagmorgen waren Einsatzkr\u00e4fte noch wegen Sturmsch\u00e4den unterwegs. Am Fetscherplatz in der Dresdner Altstadt st\u00fcrzte ein gro\u00dfer Eichenast auf ein Lokal und besch\u00e4digte das Dach.<\/p>\n<p class=\"text-18 leading-17\">Das <a class=\"transition-colors duration-200 cursor-pointer text-inherit no-underline text-salemsfur md:hover:text-magenta md:hover:border-magenta md:focus:text-magenta border-current border-b border-solid break-words\" href=\"https:\/\/www.t-online.de\/wetter\" data-sctrack=\"BodyAnchor\" rel=\"nofollow noopener\" target=\"_blank\">Wetter<\/a> beeinflusste auch einen Rettungseinsatz an der Frauenkirche: Ein 71-J\u00e4hriger war am Mittag gegen 13.30 Uhr auf der Aussichtsplattform kollabiert und musste reanimiert werden.<\/p>\n<p class=\"text-18 leading-17\">Der H\u00f6henrettungsdienst r\u00fcckte an, entschied sich jedoch wegen der Sturmgefahr gegen eine Rettung \u00fcber die Au\u00dfenkuppel. Stattdessen brachten die Rettungskr\u00e4fte den Patienten \u00fcber das Innere des Geb\u00e4udes zum Rettungswagen. Der Mann kam anschlie\u00dfend in ein Krankenhaus. \u00dcber seinen weiteren Zustand machte die Feuerwehr keine Angaben.<\/p>\n","protected":false},"excerpt":{"rendered":"Sturm in Dresden Feuerwehr im Dauereinsatz \u2013 Notfall an der Frauenkirche 09.06.2025 &#8211; 11:05 UhrLesedauer: 1 Min. Rettungsleute&hellip;\n","protected":false},"author":2,"featured_media":176468,"comment_status":"","ping_status":"","sticky":false,"template":"","format":"standard","meta":{"footnotes":""},"categories":[1835],"tags":[722,8486,59752,59751,3364,29,2386,514,985,30,4338,859,32438],"class_list":{"0":"post-176467","1":"post","2":"type-post","3":"status-publish","4":"format-standard","5":"has-post-thumbnail","7":"category-dresden","8":"tag-722","9":"tag-aussichtsplattform","10":"tag-dachziegel","11":"tag-dauereinsatz","12":"tag-de","13":"tag-deutschland","14":"tag-dresden","15":"tag-fahrzeug","16":"tag-feuerwehr","17":"tag-germany","18":"tag-notfall","19":"tag-sachsen","20":"tag-sturmboee"},"share_on_mastodon":{"url":"https:\/\/pubeurope.com\/@de\/114652796919044354","error":""},"_links":{"self":[{"href":"https:\/\/www.europesays.com\/de\/wp-json\/wp\/v2\/posts\/176467","targetHints":{"allow":["GET"]}}],"collection":[{"href":"https:\/\/www.europesays.com\/de\/wp-json\/wp\/v2\/posts"}],"about":[{"href":"https:\/\/www.europesays.com\/de\/wp-json\/wp\/v2\/types\/post"}],"author":[{"embeddable":true,"href":"https:\/\/www.europesays.com\/de\/wp-json\/wp\/v2\/users\/2"}],"replies":[{"embeddable":true,"href":"https:\/\/www.europesays.com\/de\/wp-json\/wp\/v2\/comments?post=176467"}],"version-history":[{"count":0,"href":"https:\/\/www.europesays.com\/de\/wp-json\/wp\/v2\/posts\/176467\/revisions"}],"wp:featuredmedia":[{"embeddable":true,"href":"https:\/\/www.europesays.com\/de\/wp-json\/wp\/v2\/media\/176468"}],"wp:attachment":[{"href":"https:\/\/www.europesays.com\/de\/wp-json\/wp\/v2\/media?parent=176467"}],"wp:term":[{"taxonomy":"category","embeddable":true,"href":"https:\/\/www.europesays.com\/de\/wp-json\/wp\/v2\/categories?post=176467"},{"taxonomy":"post_tag","embeddable":true,"href":"https:\/\/www.europesays.com\/de\/wp-json\/wp\/v2\/tags?post=176467"}],"curies":[{"name":"wp","href":"https:\/\/api.w.org\/{rel}","templated":true}]}}