{"id":176634,"date":"2025-06-09T11:26:09","date_gmt":"2025-06-09T11:26:09","guid":{"rendered":"https:\/\/www.europesays.com\/de\/176634\/"},"modified":"2025-06-09T11:26:09","modified_gmt":"2025-06-09T11:26:09","slug":"stuttgart-nagelsmann-denkt-weiter-gross-durchmarschieren-zur-wm","status":"publish","type":"post","link":"https:\/\/www.europesays.com\/de\/176634\/","title":{"rendered":"Stuttgart | Nagelsmann denkt weiter gro\u00df: \u00abDurchmarschieren\u00bb zur WM"},"content":{"rendered":"<p class=\"bodytext\">Stuttgart (dpa) &#8211; WM-Titeltr\u00e4ume? Immer noch? Julian Nagelsmann will nicht von allerh\u00f6chsten Ambitionen abr\u00fccken. Auch nicht nach dem meilenweit verpassten Nations-League-Gewinn, den er und auch seine Spieler auf dem Weg zur Fu\u00dfball-Weltmeisterschaft 2026 als Etappenziel ausgerufen hatten. Auch nicht nach dem letzten Platz beim Final-Four-Turnier durch das 0:2 gegen Frankreich.\u00a0<\/p>\n<p>Gleichwohl verkannte der Bundestrainer nicht die Realit\u00e4ten exakt ein Jahr vor dem Anpfiff der XXL-Endrunde mit 48 Teams in den USA, Kanada und Mexiko. \u00abWir k\u00f6nnen nicht in zwei Jahren die Welt einrei\u00dfen und aufholen, was \u00fcber mehrere Jahre nicht gut lief\u00bb, sagte der 37-J\u00e4hrige. In seinen Schlussworten bat er in Stuttgart sogar die Reporter im Pressekonferenzraum eindringlich um Geduld und Vertrauen. Seiner Mannschaft sprach er es aus: \u00abIch sp\u00fcre etwas Besonderes in der Gruppe.\u00bb\u00a0<\/p>\n<p>\u00abK\u00f6nnen nicht in zwei Jahren die Welt einrei\u00dfen\u00bb<\/p>\n<p>Nach dem ern\u00fcchternden 1:2 in Spiel eins gegen den neuen Nations-League-Sieger Portugal um Anf\u00fchrer Cristiano Ronaldo vermittelte der engagierte, aber am Ende wieder Augen \u00f6ffnende Auftritt gegen den WM-Zweiten Frankreich mit Matchwinner Kylian Mbapp\u00e9 dem Bundestrainer wieder ein \u00abbesseres Gef\u00fchl\u00bb.\u00a0<\/p>\n<p>Nagelsmann blickt positiv in die zweite Jahresh\u00e4lfte: \u00abWenn wir so in der WM-Qualifikation auftreten, werden wir da hoffentlich gut durchmarschieren und bei der WM antreten. Und dann haben wir gro\u00dfe Lust, das Turnier zu gewinnen.\u00bb<\/p>\n<p>Das Ticket als Sieger der Gruppe A mit der Slowakei (Weltranglistenplatz 46), Nordirland (Platz 71) und Luxemburg (Platz 91) zu l\u00f6sen, muss ein Selbstl\u00e4ufer sein. Aber der Ma\u00dfstab ist die Weltspitze, sind Topteams wie es Spanien, Frankreich und Portugal, die bei der Mini-Heim-EM ein ganz anderes Qualit\u00e4ts-Level als die DFB-Auswahl boten &#8211; auch in der Klasse und Breite ihrer Kader.\u00a0<\/p>\n<p>Musiala, R\u00fcdiger, Havertz: Ausf\u00e4lle wiegen zu schwer<\/p>\n<p>Nagelsmann sprach besch\u00f6nigend von \u00abein paar Prozentpunkten hinter den Topteams\u00bb. Fakt war: Frankreichs Nationaltrainer Didier Deschamps wechselte gegen Deutschland auf acht Positionen im Vergleich zum 4:5-Spektakel im Halbfinale gegen Europameister Spanien.\u00a0<\/p>\n<p>Und Nagelsmann? Konnte die Ausf\u00e4lle von Antonio R\u00fcdiger \u00fcber Jamal Musiala bis Kai Havertz nicht ansatzweise ad\u00e4quat ersetzen. Hinter der ersten Elf wird`s d\u00fcnn. Und auf einigen Positionen fehlt es \u00fcberhaupt an internationaler Klasse. \u00abWas die Breite des Kaders angeht, m\u00fcssen wir uns von der Illusion verabschieden, dass wir das in einem Jahr geregelt kriegen. Wir k\u00f6nnen nicht in zwei Jahren Vers\u00e4umnisse von acht Jahren aufholen\u00bb, sagte Nagelsmann.\u00a0<\/p>\n<p>39 Spieler hat er in den zehn L\u00e4nderspielen 2024\/25 mit f\u00fcnf Siegen, drei Unentschieden und zwei Niederlagen beim gro\u00dfen Saisonfinale eingesetzt. In zw\u00f6lf Monaten m\u00fcssen aber alle Leistungstr\u00e4ger gesund sein und so top in Form, wie Marc-Andr\u00e9 ter Stegen. Ungeachtet des belastenden Rumorens um seine Zukunft beim FC Barcelona hielt der 33-J\u00e4hrige \u00fcberragend bei seinem Comeback im DFB-Tor.\u00a0<\/p>\n<p>Zwei Niederlagen nacheinander gab es in den nun 23 L\u00e4nderspielen unter Nagelsmanns Leitung nur einmal im November 2023 gegen die T\u00fcrkei und \u00d6sterreich. Damals war ein radikaler Kaderumbau Nagelsmanns Reaktion.\u00a0<\/p>\n<p>Im Sommer 2025 ist so eine Panik-Reaktion nicht n\u00f6tig. Das Frankreich-Spiel h\u00e4tte auch anders laufen k\u00f6nnen, ja m\u00fcssen. \u00abFu\u00dfball ist der sprichw\u00f6rtliche Ergebnissport\u00bb, haderte Nagelsmann. \u00abFehlen tun Tore\u00bb, benannte Torj\u00e4ger Niclas F\u00fcllkrug das Manko nach einer schwungvollen ersten H\u00e4lfte, an deren Ende es laut Verteidiger Jonathan Tah \u00ab4:1 stehen muss\u00bb &#8211; und nicht 0:1.<\/p>\n<p>\u00abMbapp\u00e9 versenkt Deutschland\u00bb<\/p>\n<p>\u00abWir m\u00fcssen nach sechs Minuten schon 3:0 f\u00fchren\u00bb, meinte Kapit\u00e4n Joshua Kimmich und erg\u00e4nzte: \u00abWenn man ehrlich ist, hatten die Franzosen in der ersten Halbzeit gar keinen Bock zu gewinnen &#8211; und gewinnen dann trotzdem.\u00bb\u00a0<\/p>\n<p>Weil sie \u00fcber Spieler verf\u00fcgen, die den Unterschied machen k\u00f6nnen. \u00abMbapp\u00e9 versenkt Deutschland\u00bb, schrieb die spanische Zeitung \u00abMarca\u00bb. Der Star von Real Madrid war erst unsichtbar und fehlerhaft. Und dann machte er mit dem Halbzeitpfiff eiskalt das 1:0.\u00a0<\/p>\n<p>Und in der zweiten H\u00e4lfte, als das deutsche Spiel nach dem aberkannten Ausgleich von Deniz Undav \u00abwilder und wilder\u00bb (F\u00fcllkrug) wurde, legte der nur noch von ter Stegen einige Male aufzuhaltende Mbapp\u00e9 dem eingewechselten Bayern-St\u00fcrmer Michael Olise das dann v\u00f6llig verdiente 2:0 auf (84.).\u00a0<\/p>\n<p>Der Neu-M\u00fcnchner Tah mahnte jedoch wie der Bundestrainer, \u00abnicht nur das Negative\u00bb nach der bislang trotzdem besten Nations-League-Platzierung zu sehen. \u00abWir haben es geschafft, aus der Krise der letzten Jahre rauszukommen und den Leuten wieder Hoffnung zu geben. Das sollten wir nicht verlieren, weil wir jetzt zwei Spiele verloren haben\u00bb, sagte der 29-J\u00e4hrige.\u00a0<\/p>\n<p>\u00abLiege jetzt nicht nur am Strand\u00bb<\/p>\n<p>Nagelsmann und sein halber Kader verabschiedeten sich noch in Stuttgart in den Urlaub. \u00abIch liege jetzt nicht nur am Strand &#8211; auch mal, aber nicht nur\u00bb, sagte der Bundestrainer. Die WM-Planungen bestimmen weiter seinen Alltag. F\u00fcr die Nationalspieler vom FC Bayern und Borussia Dortmund geht es jedoch noch weiter mit der Club-WM, die f\u00fcr sie maximal bis zum 13. Juli dauert.\u00a0<\/p>\n<p>Nagelsmann wird wegen der (\u00dcber-)Belastung besorgt in die USA blicken. \u00abNat\u00fcrlich erh\u00f6hen fitte Spieler die Wahrscheinlichkeit, eine gute WM zu spielen\u00bb, sagte er mit Blick auf die schon im August beginnende neue Saison. Wenn unersetzbare Leistungstr\u00e4ger verletzt ausfallen, \u00abvermindert das die Wahrscheinlichkeit ungemein\u00bb. Und damit Tr\u00e4umereien vom WM-Coup.<\/p>\n","protected":false},"excerpt":{"rendered":"Stuttgart (dpa) &#8211; WM-Titeltr\u00e4ume? Immer noch? Julian Nagelsmann will nicht von allerh\u00f6chsten Ambitionen abr\u00fccken. Auch nicht nach dem&hellip;\n","protected":false},"author":2,"featured_media":176635,"comment_status":"","ping_status":"","sticky":false,"template":"","format":"standard","meta":{"footnotes":""},"categories":[1830],"tags":[15927,1634,3364,29,156,4323,30,10702,10260,1441,58622],"class_list":{"0":"post-176634","1":"post","2":"type-post","3":"status-publish","4":"format-standard","5":"has-post-thumbnail","7":"category-stuttgart","8":"tag-baden-warttemberg","9":"tag-baden-wuerttemberg","10":"tag-de","11":"tag-deutschland","12":"tag-frankreich","13":"tag-fuayball","14":"tag-germany","15":"tag-nationalmannschaft","16":"tag-nations-league","17":"tag-stuttgart","18":"tag-wm-qualifikation"},"share_on_mastodon":{"url":"https:\/\/pubeurope.com\/@de\/114653166644214845","error":""},"_links":{"self":[{"href":"https:\/\/www.europesays.com\/de\/wp-json\/wp\/v2\/posts\/176634","targetHints":{"allow":["GET"]}}],"collection":[{"href":"https:\/\/www.europesays.com\/de\/wp-json\/wp\/v2\/posts"}],"about":[{"href":"https:\/\/www.europesays.com\/de\/wp-json\/wp\/v2\/types\/post"}],"author":[{"embeddable":true,"href":"https:\/\/www.europesays.com\/de\/wp-json\/wp\/v2\/users\/2"}],"replies":[{"embeddable":true,"href":"https:\/\/www.europesays.com\/de\/wp-json\/wp\/v2\/comments?post=176634"}],"version-history":[{"count":0,"href":"https:\/\/www.europesays.com\/de\/wp-json\/wp\/v2\/posts\/176634\/revisions"}],"wp:featuredmedia":[{"embeddable":true,"href":"https:\/\/www.europesays.com\/de\/wp-json\/wp\/v2\/media\/176635"}],"wp:attachment":[{"href":"https:\/\/www.europesays.com\/de\/wp-json\/wp\/v2\/media?parent=176634"}],"wp:term":[{"taxonomy":"category","embeddable":true,"href":"https:\/\/www.europesays.com\/de\/wp-json\/wp\/v2\/categories?post=176634"},{"taxonomy":"post_tag","embeddable":true,"href":"https:\/\/www.europesays.com\/de\/wp-json\/wp\/v2\/tags?post=176634"}],"curies":[{"name":"wp","href":"https:\/\/api.w.org\/{rel}","templated":true}]}}