{"id":176886,"date":"2025-06-09T13:43:12","date_gmt":"2025-06-09T13:43:12","guid":{"rendered":"https:\/\/www.europesays.com\/de\/176886\/"},"modified":"2025-06-09T13:43:12","modified_gmt":"2025-06-09T13:43:12","slug":"geheimvertraege-der-eu-kommission-wie-maechtig-ist-die-klimalobby","status":"publish","type":"post","link":"https:\/\/www.europesays.com\/de\/176886\/","title":{"rendered":"Geheimvertr\u00e4ge der EU-Kommission: Wie m\u00e4chtig ist die Klimalobby?"},"content":{"rendered":"<p>\n                        Nichtregierungsorganisationen und die Europ\u00e4ische Kommission sollen mit Geheimvertr\u00e4gen deutsche Firmen unter Druck gesetzt haben. Was an den Vorw\u00fcrfen dran ist.\n                    <\/p>\n<p>        9. Juni 2025, 14:08 Uhr\n    <\/p>\n<p>    <a class=\"z-text-button\" href=\"#comments\" title=\"Kommentare anzeigen\" data-ct-row=\"comments\" data-ct-column=\"false\"><\/p>\n<p>            38<br \/>\n            Kommentare<br \/>\n        <\/a><br \/>\n            Zusammenfassen<\/p>\n<p>                Schlie\u00dfen<br \/>\n                Artikelzusammenfassung<\/p>\n<p>Die Europ\u00e4ische Kommission steht unter Beschuss, nachdem die Zeitung Welt am Sonntag \u00fcber angebliche &#8222;Geheimvertr\u00e4ge&#8220; mit Nichtregierungsorganisationen berichtet hat, in denen Aktivisten angeblich angewiesen wurden, Kohlekraft und Freihandelsabkommen zu bek\u00e4mpfen. Die Kommission hat jedoch ein \u00f6ffentliches Programm namens Life zur F\u00f6rderung von Umwelt- und Klimaschutzorganisationen, um das Ungleichgewicht der Lobbyarbeit in Br\u00fcssel auszugleichen. Die gef\u00f6rderten Organisationen und ihre Projekte sind \u00f6ffentlich bekannt, und die Kommission weist den Vorwurf einer geheimen Allianz zur\u00fcck. Die Vergabepraxis wurde bereits ge\u00e4ndert, um NROs von Aktivit\u00e4ten, die EU-Institutionen betreffen, auszuschlie\u00dfen.<\/p>\n<p>                Dies ist ein experimentelles Tool. Die Resultate k\u00f6nnen unvollst\u00e4ndig, veraltet oder sogar falsch sein.<\/p>\n<p class=\"summy__feedback-paragraph\">Fanden Sie die Zusammenfassung hilfreich? <\/p>\n<p>                        Gef\u00e4llt mir<\/p>\n<p>                        Gef\u00e4llt mir<\/p>\n<p>                        Gef\u00e4llt mir nicht<\/p>\n<p>                        Gef\u00e4llt mir nicht<\/p>\n<p>                        Send<\/p>\n<p>            <img decoding=\"async\" class=\"article__media-item\" src=\"https:\/\/www.europesays.com\/de\/wp-content\/uploads\/2025\/06\/1749476592_691_wide__1000x562.jpeg\" alt=\"Geheimvertr\u00e4ge der EU-Kommission: Zivilgesellschaftliche Akteure haben es traditionell schwerer als gro\u00dfe Konzerne, in der EU geh\u00f6rt zu werden.\"\/><\/p>\n<p>                    Zivilgesellschaftliche Akteure haben es traditionell schwerer als gro\u00dfe Konzerne, in der EU geh\u00f6rt zu werden.<br \/>\n            \u00a9\u00a0Sean Gallup\/\u200bGetty Images<\/p>\n<p class=\"paragraph\">Geht die Europ\u00e4ische Kommission heimliche B\u00fcndnisse mit Nichtregierungsorganisationen (NROs) ein, um ihre Ziele durchzusetzen? Diese Frage steht im Raum, <a href=\"https:\/\/www.welt.de\/wirtschaft\/plus256224858\/welt-recherchen-einblick-in-die-geheimvertraege-so-funktioniert-die-schatten-klimalobby-der-eu.html?notify=success_subscription&amp;offerId=O_RGZ5B2KK3SQYSSH7R5\" class=\"\" target=\"_blank\" rel=\"noopener\">nachdem die Zeitung Welt am Sonntag \u00fcber &#8222;Geheimvertr\u00e4ge&#8220; berichtet hat<\/a>, in denen die Beh\u00f6rde angeblich festgelegt hat, wie Aktivisten Kohlekraft und Freihandelsabkommen lahmlegen sollen. Christoph de Vries (CDU), parlamentarischer Staatssekret\u00e4r im Innenministerium, spricht von einem &#8222;ungeheuerlichen Vorgang&#8220; und fordert die Pr\u00fcfung von &#8222;dienstrechtlichen Konsequenzen&#8220; f\u00fcr die beteiligten Beamten.\u00a0\u00a0<\/p>\n","protected":false},"excerpt":{"rendered":"Nichtregierungsorganisationen und die Europ\u00e4ische Kommission sollen mit Geheimvertr\u00e4gen deutsche Firmen unter Druck gesetzt haben. Was an den Vorw\u00fcrfen&hellip;\n","protected":false},"author":2,"featured_media":176887,"comment_status":"","ping_status":"","sticky":false,"template":"","format":"standard","meta":{"footnotes":""},"categories":[3933],"tags":[331,332,548,942,663,158,3934,3935,59893,13,4553,952,49781,14,15,10980,12,55],"class_list":{"0":"post-176886","1":"post","2":"type-post","3":"status-publish","4":"format-standard","5":"has-post-thumbnail","7":"category-eu","8":"tag-aktuelle-nachrichten","9":"tag-aktuelle-news","10":"tag-eu","11":"tag-eu-kommission","12":"tag-europa","13":"tag-europaeische-union","14":"tag-europe","15":"tag-european-union","16":"tag-geheimvertraege-der-eu-kommission","17":"tag-headlines","18":"tag-klimapolitik","19":"tag-klimawandel","20":"tag-lobbyismus","21":"tag-nachrichten","22":"tag-news","23":"tag-ngo","24":"tag-schlagzeilen","25":"tag-wirtschaft"},"share_on_mastodon":{"url":"https:\/\/pubeurope.com\/@de\/114653705293230172","error":""},"_links":{"self":[{"href":"https:\/\/www.europesays.com\/de\/wp-json\/wp\/v2\/posts\/176886","targetHints":{"allow":["GET"]}}],"collection":[{"href":"https:\/\/www.europesays.com\/de\/wp-json\/wp\/v2\/posts"}],"about":[{"href":"https:\/\/www.europesays.com\/de\/wp-json\/wp\/v2\/types\/post"}],"author":[{"embeddable":true,"href":"https:\/\/www.europesays.com\/de\/wp-json\/wp\/v2\/users\/2"}],"replies":[{"embeddable":true,"href":"https:\/\/www.europesays.com\/de\/wp-json\/wp\/v2\/comments?post=176886"}],"version-history":[{"count":0,"href":"https:\/\/www.europesays.com\/de\/wp-json\/wp\/v2\/posts\/176886\/revisions"}],"wp:featuredmedia":[{"embeddable":true,"href":"https:\/\/www.europesays.com\/de\/wp-json\/wp\/v2\/media\/176887"}],"wp:attachment":[{"href":"https:\/\/www.europesays.com\/de\/wp-json\/wp\/v2\/media?parent=176886"}],"wp:term":[{"taxonomy":"category","embeddable":true,"href":"https:\/\/www.europesays.com\/de\/wp-json\/wp\/v2\/categories?post=176886"},{"taxonomy":"post_tag","embeddable":true,"href":"https:\/\/www.europesays.com\/de\/wp-json\/wp\/v2\/tags?post=176886"}],"curies":[{"name":"wp","href":"https:\/\/api.w.org\/{rel}","templated":true}]}}