{"id":177027,"date":"2025-06-09T15:00:12","date_gmt":"2025-06-09T15:00:12","guid":{"rendered":"https:\/\/www.europesays.com\/de\/177027\/"},"modified":"2025-06-09T15:00:12","modified_gmt":"2025-06-09T15:00:12","slug":"europas-rechte-kommen-in-frankreich-zusammen-siegesfeier-in-der-provinz","status":"publish","type":"post","link":"https:\/\/www.europesays.com\/de\/177027\/","title":{"rendered":"Europas Rechte kommen in Frankreich zusammen: \u201eSiegesfeier\u201c in der Provinz"},"content":{"rendered":"<p class=\"tspBFke tspBFkf\">An diesem Montag wird das kleine Dorf Mormant-sur-Vernisson in der franz\u00f6sischen Provinz zum Schauplatz eines ungew\u00f6hnlichen Treffens: Rechtspopulistische Spitzenpolitiker aus ganz Europa reisen an, um bei Speis und Trank ihre politischen Wahlerfolge zu feiern. Laut einem Bericht von <a href=\"https:\/\/www.franceinfo.fr\/politique\/front-national\/dans-le-loiret-mormant-sur-vernisson-et-ses-130-habitants-vont-accueillir-des-milliers-de-personnes-pour-un-raout-de-l-extreme-droite-europeenne_7275675.html\" target=\"_blank\" rel=\"noopener nofollow\" class=\"link link--external\" data-gtm-class=\"article-text-link\" data-gtm-val=\"external\" aria-describedby=\"message-target-blank\">FranceInfo<\/a> rechnen die Organisatoren mit 5000 G\u00e4sten. <\/p>\n<p class=\"tspBFke\">Die Fraktion \u201ePatrioten f\u00fcr Europa\u201c (PfE) im Europ\u00e4ischen Parlament hat zu einer \u201eSiegesfeier\u201c eingeladen \u2013 einer privat organisierten Gro\u00dfveranstaltung in den Feldern unweit der 130-Einwohner Gemeinde. Bei den Europawahlen wurde das rechte Rassemblement National mit 31 Prozent der Stimmen st\u00e4rkste Kraft in Frankreich. <\/p>\n<p><a href=\"https:\/\/abo.tagesspiegel.de\/tagesspiegel-app?icid=single-topic_13802410___\" data-gtm-class=\"article-mzt-link\" class=\"tspCJn1\" rel=\"nofollow noopener\" target=\"_blank\">Die Tagesspiegel-App Aktuelle Nachrichten, Hintergr\u00fcnde und Analysen direkt auf Ihr Smartphone. Dazu die digitale Zeitung. Hier gratis herunterladen.  <\/a><\/p>\n<p class=\"tspBFke\">Die PfE-Fraktion vereint derzeit 14 Parteien und h\u00e4lt 84 der 720 Sitze im EU-Parlament. Zu den prominenten Teilnehmern des Treffens z\u00e4hlen der PfE-Vorsitzende Jordan Bardella und seine Parteikollegin <a href=\"https:\/\/www.tagesspiegel.de\/internationales\/gerichtsniederlage-fur-marine-le-pen-was-heisst-das-fur-den-machtkampf-in-ihrer-partei-13803187.html?icid=in-text-link_13802410\" class=\"link link--internal\" data-gtm-class=\"article-text-link\" data-gtm-val=\"internal\" rel=\"nofollow noopener\" target=\"_blank\">Marine Le Pen<\/a> vom Rassemblement National (RN), der ungarische Ministerpr\u00e4sident <a href=\"https:\/\/www.tagesspiegel.de\/internationales\/eu-verbot-russischer-energieimporte-viktor-orban-fordert-entschadigung-durch-eu-13744552.html?icid=in-text-link_13802410\" class=\"link link--internal\" data-gtm-class=\"article-text-link\" data-gtm-val=\"internal\" rel=\"nofollow noopener\" target=\"_blank\">Viktor Orban<\/a> (Fidesz), Italiens Vizeministerpr\u00e4sident Matteo Salvini (Lega) und der niederl\u00e4ndische <a href=\"https:\/\/www.tagesspiegel.de\/gesellschaft\/regieren-lieber-nicht-warum-populisten-wie-geert-wilders-lieber-scheitern-als-verantwortung-zu-ubernehmen-13799044.html?icid=in-text-link_13802410\" class=\"link link--internal\" data-gtm-class=\"article-text-link\" data-gtm-val=\"internal\" rel=\"nofollow noopener\" target=\"_blank\">Rechtspopulist Geert Wilders<\/a> (PVV).<\/p>\n<p class=\"tspBFke\">F\u00fcr das Treffen stellt der ehemalige B\u00fcrgermeister von Mormant-sur-Vernisson, ein Landwirt, anderthalb Hektar seines Ackerlandes zur Verf\u00fcgung, das er selten bewirtschaftet.<\/p>\n<p class=\"tspBFke\">Der amtierende B\u00fcrgermeister der Gemeinde \u00e4u\u00dferte FranceInfo gegen\u00fcber keine politischen Vorbehalte bez\u00fcglich des Treffens. Seine einzige Sorge sei die Bew\u00e4ltigung der erwarteten Menschenmenge an dem Tag.<\/p>\n<p> Frankreichs Rechte punkten auf dem Land <\/p>\n<p class=\"tspBFke\">Ein ma\u00dfgeblicher Initiator des Treffens ist der Abgeordnete Thomas M\u00e9nag\u00e9 vom Rassemblement National. Er vertritt die Region Loiret in der franz\u00f6sischen Nationalversammlung und konnte bei der Parlamentswahl 2024 in Mormant-sur-Vernisson rund 90 Prozent der Stimmen auf sich vereinen. <\/p>\n<p class=\"tspBFke\">M\u00e9nag\u00e9 erkl\u00e4rte, es sei eines der Markenzeichen seiner Partei zu zeigen, dass Frankreich nicht nur in Paris, sondern auch auf dem Lande stattfinde.<\/p>\n<p class=\"tspBFke\">Au\u00dferdem sei es die Aufgabe eines Wahlkreisabgeordneten, seine Region in der Politik bekannt zu machen. Dieser Aufgabe sei er nachgekommen und habe sein Dorf auf die B\u00fchne der EU-Politik gebracht. <\/p>\n<p> Die AfD bleibt au\u00dfen vor <\/p>\n<p class=\"tspBFke\">Das k\u00f6nnte sich f\u00fcr ihn auszahlen. Die franz\u00f6sische Landwirtschaft ist stark von EU-Geldern abh\u00e4ngig. Agrarsubventionen machen jedes Jahr den gr\u00f6\u00dften Posten im EU-Haushalt aus.<\/p>\n<p class=\"tspBFke\">Frankreich ist dabei der Haupt-Empf\u00e4nger. Im Jahr 2022 flossen rund 9,5 Milliarden Euro an franz\u00f6sische Landwirte aus den T\u00f6pfen der EU. <\/p>\n<p> Lesen sie mehr auf Tagesspiegel.de <a href=\"https:\/\/www.tagesspiegel.de\/internationales\/geert-wilders-liess-die-koalition-platzen-werden-die-niederlande-unregierbar-13804147.html?icid=topic-list_13802410___\" data-gtm-class=\"article-mzt-link\" class=\"tspCJn1\" rel=\"nofollow noopener\" target=\"_blank\">Geert Wilders lie\u00df die Koalition platzen Werden die Niederlande unregierbar? <\/a><a href=\"https:\/\/www.tagesspiegel.de\/internationales\/gerichtsniederlage-fur-marine-le-pen-was-heisst-das-fur-den-machtkampf-in-ihrer-partei-13803187.html?icid=topic-list_13802410___\" data-gtm-class=\"article-mzt-link\" class=\"tspCJn1\" rel=\"nofollow noopener\" target=\"_blank\">Gerichtsniederlage f\u00fcr Marine Le Pen Was hei\u00dft das f\u00fcr den Machtkampf in ihrer Partei? <\/a><a href=\"https:\/\/www.tagesspiegel.de\/internationales\/tusk-stellt-die-vertrauensfrage-sturzt-jetzt-polens-regierung-13796746.html?icid=topic-list_13802410___\" data-gtm-class=\"article-mzt-link\" class=\"tspCJn1\" rel=\"nofollow noopener\" target=\"_blank\">Tusk stellt die Vertrauensfrage St\u00fcrzt jetzt Polens Regierung? <\/a><\/p>\n<p class=\"tspBFke\">AfD-Politiker d\u00fcrften nicht zu dem l\u00e4ndlichen Treffen erscheinen. Die Pfe-Fraktion hatte die deutsche Partei kurz vor der Europawahl ausgeschlossen, wegen verharmlosender \u00c4u\u00dferungen des damaligen Spitzenkandidaten Maximilian Krah zur nationalsozialistischen SS.<\/p>\n<p class=\"tspBFke\">Die AfD hat eine neue, kleinere Fraktion mit anderen rechten Parteien und 25 Abgeordneten gegr\u00fcndet, die sich \u201eEuropa Souver\u00e4ner Nationen\u201c (ESN) nennt.<\/p>\n","protected":false},"excerpt":{"rendered":"An diesem Montag wird das kleine Dorf Mormant-sur-Vernisson in der franz\u00f6sischen Provinz zum Schauplatz eines ungew\u00f6hnlichen Treffens: Rechtspopulistische&hellip;\n","protected":false},"author":2,"featured_media":177028,"comment_status":"","ping_status":"","sticky":false,"template":"","format":"standard","meta":{"footnotes":""},"categories":[3974],"tags":[186,331,332,548,663,8651,10317,3934,3980,156,59932,13,14,15,15151,49823,12,500],"class_list":{"0":"post-177027","1":"post","2":"type-post","3":"status-publish","4":"format-standard","5":"has-post-thumbnail","7":"category-frankreich","8":"tag-afd","9":"tag-aktuelle-nachrichten","10":"tag-aktuelle-news","11":"tag-eu","12":"tag-europa","13":"tag-europapolitik","14":"tag-europawahl","15":"tag-europe","16":"tag-france","17":"tag-frankreich","18":"tag-geert-wilders","19":"tag-headlines","20":"tag-nachrichten","21":"tag-news","22":"tag-politiker","23":"tag-politische-rechte","24":"tag-schlagzeilen","25":"tag-viktor-orban"},"share_on_mastodon":{"url":"https:\/\/pubeurope.com\/@de\/114654008189589749","error":""},"_links":{"self":[{"href":"https:\/\/www.europesays.com\/de\/wp-json\/wp\/v2\/posts\/177027","targetHints":{"allow":["GET"]}}],"collection":[{"href":"https:\/\/www.europesays.com\/de\/wp-json\/wp\/v2\/posts"}],"about":[{"href":"https:\/\/www.europesays.com\/de\/wp-json\/wp\/v2\/types\/post"}],"author":[{"embeddable":true,"href":"https:\/\/www.europesays.com\/de\/wp-json\/wp\/v2\/users\/2"}],"replies":[{"embeddable":true,"href":"https:\/\/www.europesays.com\/de\/wp-json\/wp\/v2\/comments?post=177027"}],"version-history":[{"count":0,"href":"https:\/\/www.europesays.com\/de\/wp-json\/wp\/v2\/posts\/177027\/revisions"}],"wp:featuredmedia":[{"embeddable":true,"href":"https:\/\/www.europesays.com\/de\/wp-json\/wp\/v2\/media\/177028"}],"wp:attachment":[{"href":"https:\/\/www.europesays.com\/de\/wp-json\/wp\/v2\/media?parent=177027"}],"wp:term":[{"taxonomy":"category","embeddable":true,"href":"https:\/\/www.europesays.com\/de\/wp-json\/wp\/v2\/categories?post=177027"},{"taxonomy":"post_tag","embeddable":true,"href":"https:\/\/www.europesays.com\/de\/wp-json\/wp\/v2\/tags?post=177027"}],"curies":[{"name":"wp","href":"https:\/\/api.w.org\/{rel}","templated":true}]}}