{"id":177035,"date":"2025-06-09T15:04:15","date_gmt":"2025-06-09T15:04:15","guid":{"rendered":"https:\/\/www.europesays.com\/de\/177035\/"},"modified":"2025-06-09T15:04:15","modified_gmt":"2025-06-09T15:04:15","slug":"kurz-vor-fussball-em-in-der-schweiz-sara-doorsoun-beendet-dfb-karriere","status":"publish","type":"post","link":"https:\/\/www.europesays.com\/de\/177035\/","title":{"rendered":"Kurz vor Fu\u00dfball-EM in der Schweiz: Sara Doorsoun beendet DFB-Karriere"},"content":{"rendered":"<p class=\"metatextline\">Stand: 09.06.2025 14:36 Uhr<\/p>\n<p class=\"textabsatz columns twelve  m-ten  m-offset-one l-eight l-offset-two\">\n        <strong>Sara Doorsoun macht Schluss mit Nationalmannschaftsfu\u00dfball. Die Entscheidung der Abwehrspielerin von Eintracht Frankfurt kommt zu einem durchaus \u00fcberraschenden Zeitpunkt.<\/strong>\n    <\/p>\n<p class=\"textabsatz m-ten m-offset-one l-eight l-offset-two columns twelve\">\nAbwehrspielerin Sara Doorsoun hat ihre Karriere im deutschen Fu\u00dfball-Nationalteam kurz vor der Europameisterschaft beendet. &#8222;Ich bin sehr dankbar f\u00fcr die tollen Erinnerungen und Momente, die ich mit der Nationalmannschaft erleben durfte&#8220;, sagte die 33-J\u00e4hrige von Eintracht Frankfurt in einer DFB-Mitteilung. &#8222;Meinem Team w\u00fcnsche ich bei der EM von ganzem Herzen nur das Beste. Die M\u00e4dels sollen allen und vor allem auch sich selbst zeigen, wie gut sie sind.&#8220;<\/p>\n<p class=\"textabsatz m-ten m-offset-one l-eight l-offset-two columns twelve\">\nDoorsoun setzt sich schon lange f\u00fcr mehr Nachwuchsf\u00f6rderung von Kindern mit Migrationshintergrund ein: Der Vater der geb\u00fcrtigen K\u00f6lnerin stammt aus dem Irak, die Mutter aus der T\u00fcrkei.\u00a0<\/p>\n<p>    F\u00fcr die EM &#8222;nur auf Abruf&#8220;<\/p>\n<p class=\"textabsatz m-ten m-offset-one l-eight l-offset-two columns twelve\">\nIhr erstes von 59 L\u00e4nderspiele bestritt sie 2016, ihr letztes am vergangenen Dienstag, als sie beim 6:0 in Wien gegen \u00d6sterreich eingewechselt wurde. Bei der Eintracht macht die Ex-Wolfsburgerin in der Bundesliga weiter.<\/p>\n<p class=\"textabsatz m-ten m-offset-one l-eight l-offset-two columns twelve\">\n&#8222;Dass es vor dem Turnier im Sommer passiert, war aber um ehrlich zu sein nicht der Plan. Nachdem man mir mitgeteilt hat, dass ich f\u00fcr das Turnier &#8217;nur&#8216; auf Abruf stehe, habe ich mich dazu entschieden, meine Karriere nach fast 10 Jahren in der Nationalmannschaft zu beenden&#8220;, schrieb Doorsoun auf Instagram. Dies sei aber keine kopflose oder trotzige Entscheidung gewesen.<\/p>\n<p>    W\u00fcck bedauert Entscheidung<\/p>\n<p class=\"textabsatz m-ten m-offset-one l-eight l-offset-two columns twelve\">\nDie Olympia-Dritte von 2024 und EM-Zweite von 2022 geh\u00f6rte \u00fcber viele Jahre zum DFB-Kader. Vor der Nominierung am Donnerstag f\u00fcr die EM in der Schweiz (2. bis 27. Juli) galt Doorsoun als Wackelkandidatin.<\/p>\n<p class=\"textabsatz m-ten m-offset-one l-eight l-offset-two columns twelve\">\n&#8222;Leider ist sie in den vergangenen Monaten durch ihre Verletzung in einer entscheidenden Phase der Vorbereitung auf das Turnier zur\u00fcckgeworfen worden, so dass wir sie f\u00fcr den erweiterten EM-Kader vorgesehen hatten&#8220;, sagte Bundestrainer Christian W\u00fcck. Er bedauere, dass Doorsoun ihre Karriere in der Nationalmannschaft beende, respektiere aber ihre Entscheidung.<\/p>\n<p>                                        <a class=\"backlink__link\" href=\"https:\/\/www.hessenschau.de\/sport\/fussball\/eintracht-frankfurt-frauen\/eintracht-frankfurt-frauen-sara-doorsoun-beendet-dfb-karriere-v1,doorsoun-nationalmannschaft-100.html\" target=\"_blank\" rel=\"noopener\"><\/p>\n<p>                                                <img decoding=\"async\" src=\"https:\/\/www.europesays.com\/de\/wp-content\/uploads\/2025\/04\/1744324393_834_lra-hr-logo-100.svg.svg+xml\" alt=\"Hessischer Rundfunk\"\/><\/p>\n<p>                                        <\/a><\/p>\n","protected":false},"excerpt":{"rendered":"Stand: 09.06.2025 14:36 Uhr Sara Doorsoun macht Schluss mit Nationalmannschaftsfu\u00dfball. Die Entscheidung der Abwehrspielerin von Eintracht Frankfurt kommt&hellip;\n","protected":false},"author":2,"featured_media":177036,"comment_status":"","ping_status":"","sticky":false,"template":"","format":"standard","meta":{"footnotes":""},"categories":[5],"tags":[331,332,3364,29,54056,59934,347,30,13,12591,14,15,12],"class_list":{"0":"post-177035","1":"post","2":"type-post","3":"status-publish","4":"format-standard","5":"has-post-thumbnail","7":"category-nachrichten","8":"tag-aktuelle-nachrichten","9":"tag-aktuelle-news","10":"tag-de","11":"tag-deutschland","12":"tag-dfb-frauen","13":"tag-frauen-em","14":"tag-fussball","15":"tag-germany","16":"tag-headlines","17":"tag-hr","18":"tag-nachrichten","19":"tag-news","20":"tag-schlagzeilen"},"share_on_mastodon":{"url":"https:\/\/pubeurope.com\/@de\/114654024139546315","error":""},"_links":{"self":[{"href":"https:\/\/www.europesays.com\/de\/wp-json\/wp\/v2\/posts\/177035","targetHints":{"allow":["GET"]}}],"collection":[{"href":"https:\/\/www.europesays.com\/de\/wp-json\/wp\/v2\/posts"}],"about":[{"href":"https:\/\/www.europesays.com\/de\/wp-json\/wp\/v2\/types\/post"}],"author":[{"embeddable":true,"href":"https:\/\/www.europesays.com\/de\/wp-json\/wp\/v2\/users\/2"}],"replies":[{"embeddable":true,"href":"https:\/\/www.europesays.com\/de\/wp-json\/wp\/v2\/comments?post=177035"}],"version-history":[{"count":0,"href":"https:\/\/www.europesays.com\/de\/wp-json\/wp\/v2\/posts\/177035\/revisions"}],"wp:featuredmedia":[{"embeddable":true,"href":"https:\/\/www.europesays.com\/de\/wp-json\/wp\/v2\/media\/177036"}],"wp:attachment":[{"href":"https:\/\/www.europesays.com\/de\/wp-json\/wp\/v2\/media?parent=177035"}],"wp:term":[{"taxonomy":"category","embeddable":true,"href":"https:\/\/www.europesays.com\/de\/wp-json\/wp\/v2\/categories?post=177035"},{"taxonomy":"post_tag","embeddable":true,"href":"https:\/\/www.europesays.com\/de\/wp-json\/wp\/v2\/tags?post=177035"}],"curies":[{"name":"wp","href":"https:\/\/api.w.org\/{rel}","templated":true}]}}