{"id":177049,"date":"2025-06-09T15:11:09","date_gmt":"2025-06-09T15:11:09","guid":{"rendered":"https:\/\/www.europesays.com\/de\/177049\/"},"modified":"2025-06-09T15:11:09","modified_gmt":"2025-06-09T15:11:09","slug":"nuernberg-flucht-endet-mit-unfall-und-widerstand-regional","status":"publish","type":"post","link":"https:\/\/www.europesays.com\/de\/177049\/","title":{"rendered":"N\u00fcrnberg: Flucht endet mit Unfall und Widerstand | Regional"},"content":{"rendered":"<p>N\u00fcrnberg \u2013 <b>Ein 47-j\u00e4hriger Mann ist in der Nacht zu Sonntag vor einer Polizeikontrolle in N\u00fcrnberg gefl\u00fcchtet und hat dabei einen Verkehrsunfall verursacht.<\/b><\/p>\n<p>Gegen 0:25 Uhr bemerkten Beamte der Polizeiinspektion N\u00fcrnberg-S\u00fcd einen Pkw in der Frankenstra\u00dfe, der auff\u00e4llig langsam und in Schlangenlinien fuhr. Trotz Anhaltesignal setzte der Fahrer seine Fahrt \u00fcber etwa einen Kilometer fort, bevor er kurz stoppte. Als die Polizisten ihn ansprachen, ergriff der Mann die Flucht.<\/p>\n<p>Auch interessant<\/p>\n<p>Anzeige<\/p>\n<p>Auch interessant<\/p>\n<p>Anzeige<\/p>\n<p>Mit \u00fcber 100 km\/h raste er durch das Stadtgebiet. In der Allersberger Stra\u00dfe rammte er bei einem Wendeman\u00f6ver ein Verkehrsschild. Schlie\u00dflich parkte er das Fahrzeug in der Nornenstra\u00dfe und stieg aus. Der 47-J\u00e4hrige verhielt sich aggressiv, woraufhin die Beamten ihn unter Vorhalt der Dienstwaffe aufforderten, sich auf den Boden zu legen. Er leistete Widerstand, konnte aber nach dem Eintreffen weiterer Streifen \u00fcberw\u00e4ltigt und gefesselt werden.<\/p>\n<p>Der Mann wurde zur Dienststelle gebracht. Auf Anordnung der Staatsanwaltschaft wurde sein F\u00fchrerschein eingezogen und eine Blutentnahme angeordnet. Auch der Fahrzeugschl\u00fcssel wurde sichergestellt. Die Polizei hat ein Ermittlungsverfahren wegen des Verdachts eines verbotenen Kraftfahrzeugrennens und Widerstands gegen Vollstreckungsbeamte eingeleitet.<\/p>\n<p><b>Personen, die w\u00e4hrend der Flucht gef\u00e4hrdet oder gesch\u00e4digt wurden, werden gebeten, sich unter der Rufnummer 0911 6583-1530 zu melden.<\/b><\/p>\n<p>Dieser Text basiert auf einer offiziellen Beh\u00f6rden-Information und wurde mit Hilfe von KI erstellt.<\/p>\n","protected":false},"excerpt":{"rendered":"N\u00fcrnberg \u2013 Ein 47-j\u00e4hriger Mann ist in der Nacht zu Sonntag vor einer Polizeikontrolle in N\u00fcrnberg gefl\u00fcchtet und&hellip;\n","protected":false},"author":2,"featured_media":157185,"comment_status":"","ping_status":"","sticky":false,"template":"","format":"standard","meta":{"footnotes":""},"categories":[1837],"tags":[772,3364,29,30,1000,2509,3783,121,45,2624,1995],"class_list":{"0":"post-177049","1":"post","2":"type-post","3":"status-publish","4":"format-standard","5":"has-post-thumbnail","7":"category-nuernberg","8":"tag-bayern","9":"tag-de","10":"tag-deutschland","11":"tag-germany","12":"tag-gewalt","13":"tag-ki-ots","14":"tag-nuernberg","15":"tag-polizei","16":"tag-texttospeech","17":"tag-unfaelle","18":"tag-verbrechen"},"share_on_mastodon":{"url":"https:\/\/pubeurope.com\/@de\/114654051539668748","error":""},"_links":{"self":[{"href":"https:\/\/www.europesays.com\/de\/wp-json\/wp\/v2\/posts\/177049","targetHints":{"allow":["GET"]}}],"collection":[{"href":"https:\/\/www.europesays.com\/de\/wp-json\/wp\/v2\/posts"}],"about":[{"href":"https:\/\/www.europesays.com\/de\/wp-json\/wp\/v2\/types\/post"}],"author":[{"embeddable":true,"href":"https:\/\/www.europesays.com\/de\/wp-json\/wp\/v2\/users\/2"}],"replies":[{"embeddable":true,"href":"https:\/\/www.europesays.com\/de\/wp-json\/wp\/v2\/comments?post=177049"}],"version-history":[{"count":0,"href":"https:\/\/www.europesays.com\/de\/wp-json\/wp\/v2\/posts\/177049\/revisions"}],"wp:featuredmedia":[{"embeddable":true,"href":"https:\/\/www.europesays.com\/de\/wp-json\/wp\/v2\/media\/157185"}],"wp:attachment":[{"href":"https:\/\/www.europesays.com\/de\/wp-json\/wp\/v2\/media?parent=177049"}],"wp:term":[{"taxonomy":"category","embeddable":true,"href":"https:\/\/www.europesays.com\/de\/wp-json\/wp\/v2\/categories?post=177049"},{"taxonomy":"post_tag","embeddable":true,"href":"https:\/\/www.europesays.com\/de\/wp-json\/wp\/v2\/tags?post=177049"}],"curies":[{"name":"wp","href":"https:\/\/api.w.org\/{rel}","templated":true}]}}