{"id":177065,"date":"2025-06-09T15:20:16","date_gmt":"2025-06-09T15:20:16","guid":{"rendered":"https:\/\/www.europesays.com\/de\/177065\/"},"modified":"2025-06-09T15:20:16","modified_gmt":"2025-06-09T15:20:16","slug":"mittelalterliches-treyben-in-mengede-alle-infos-im-ueberblick","status":"publish","type":"post","link":"https:\/\/www.europesays.com\/de\/177065\/","title":{"rendered":"Mittelalterliches Treyben in Mengede &#8211; Alle Infos im \u00dcberblick"},"content":{"rendered":"<p>    <a href=\"https:\/\/www.ruhrnachrichten.de\/wp-content\/uploads\/2025\/06\/06\/16\/630_0900_4767701_220619cr_Mittelalterliches_Treyben_6_En-1648x824.jpg\" target=\"_blank\" rel=\"noopener\"><\/p>\n<p>            <img decoding=\"async\" fetchpriority=\"high\" src=\"https:\/\/www.europesays.com\/de\/wp-content\/uploads\/2025\/06\/630_0900_4767700_220619cr_Mittelalterliches_Treyben_6_En-640x428.jpg\" width=\"640\" height=\"428\"  alt=\"Das Mittelalterliche Treyben im Volkgarten Mengede findet auch 2025 wieder statt.\"\/><\/p>\n<p>    <\/a><br \/>\n    Das Mittelalterliche Treyben im Volkgarten Mengede findet auch 2025 wieder statt. \u00a9 VOLKER ENGEL<\/p>\n<p class=\"article__teaser-text\">Wie lebte man im Mittelalter? In Mengede gibt es Mitte Juni eine Zeitreise mit vielen Eindr\u00fccken \u2013 und \u00fcberraschenden Erlebnissen f\u00fcr Gro\u00df und Klein.<\/p>\n<p>2 Min Lesezeit<\/p>\n<p>Der Volksgarten <a target=\"_blank\" href=\"https:\/\/www.ruhrnachrichten.de\/dortmund\/mengede\" data-imported=\"1\" rel=\"noopener\">Mengede<\/a> wird Mitte Juni erneut zur Kulisse f\u00fcr ein historisches Spektakel: Am Samstag, 14. Juni, und Sonntag, 15. Juni 2025, findet dort das \u201eMittelalterliche Treyben\u201c statt. Besucherinnen und Besucher k\u00f6nnen sich auf ein vielseitiges Programm mit Musik, Handwerk, Lagerleben und Mitmachaktionen freuen \u2013 der Eintritt ist frei.<\/p>\n<p><img decoding=\"async\" width=\"1024\" height=\"683\" loading=\"lazy\" src=\"https:\/\/www.europesays.com\/de\/wp-content\/uploads\/2025\/06\/630_0900_4767718_220619cr_Mittelalterliches_Treyben_10_E-1024x683.jpg\" alt=\"Beim \" mittelalterlichen=\"\" treyben=\"\" zu=\"\" mengede=\"\" geben=\"\" lagerer=\"\" h=\"\" und=\"\" versorger=\"\" einen=\"\" einblick=\"\" ins=\"\" fr=\"\" hochmittelalter.=\"\" class=\"wp-image-2001685451\" title=\"Beim \"  \/>Beim \u201eMittelalterlichen Treyben zu Mengede\u201c geben Lagerer, H\u00e4ndler und Versorger einen Einblick ins Fr\u00fch- und Hochmittelalter.\u00a9 Volker Engel (Archiv)<\/p>\n<p>Das zweit\u00e4gige Fest beginnt am Samstag um 11 Uhr und endet um 22 Uhr. Am Sonntag ist das Gel\u00e4nde von 11 bis 19 Uhr ge\u00f6ffnet. Die offizielle Er\u00f6ffnung ist f\u00fcr Samstag, 14 Uhr, mit einem Umzug \u00fcber das Marktgel\u00e4nde angesetzt.<\/p>\n<p>Wer das Areal nicht zu Fu\u00df erreichen m\u00f6chte, kann auf den eingerichteten Shuttle-Service vom Mengeder Bahnhof zum Volksgarten zur\u00fcckgreifen.<\/p>\n<p>20 Aussteller<\/p>\n<p>Zahlreiche Marktst\u00e4nde laden zum St\u00f6bern, Staunen und Verweilen ein. H\u00e4ndler bieten Waren und Handwerkskunst in mittelalterlicher Atmosph\u00e4re an. An vielen St\u00e4nden wird das Handwerk vor Ort demonstriert \u2013 von klassischen Schmiedearbeiten bis zu filigraner Textilkunst. Rund 20 Heerlager zeigen, wie der Alltag im Mittelalter ausgesehen haben k\u00f6nnte. Dort gibt es Ausr\u00fcstung, Waffen und Lagerleben zu sehen, h\u00e4ufig erg\u00e4nzt durch Erkl\u00e4rungen und Vorf\u00fchrungen.<\/p>\n<p>F\u00fcr Unterhaltung sorgen Musikgruppen, Gaukler und Erz\u00e4hler. Zu den festen Programmpunkten z\u00e4hlen Auftritte von Bands mit mittelalterlicher Musik sowie K\u00fcnstler wie der Feuerfresser Micha, der Herold und Narr Curiositas oder die Geschichtenerz\u00e4hlerin Fabulix.<\/p>\n<p><img decoding=\"async\" width=\"1024\" height=\"683\" loading=\"lazy\" src=\"https:\/\/www.europesays.com\/de\/wp-content\/uploads\/2025\/06\/630_0900_4767719_220619cr_Mittelalterliches_Treyben_11_E-1024x683.jpg\" alt=\"Beim Mittelalterlichen Treyben im Volksgarten Mengede treffen historische Darstellungen auf lebendiges Markttreiben \u2013 ganz im Zeichen vergangener Zeiten.\" class=\"wp-image-2001685452\" title=\"Beim Mittelalterlichen Treyben im Volksgarten Mengede treffen historische Darstellungen auf lebendiges Markttreiben \u2013 ganz im Zeichen vergangener Zeiten.\"  \/>Beim Mittelalterlichen Treyben im Volksgarten Mengede treffen historische Darstellungen auf lebendiges Markttreiben \u2013 ganz im Zeichen vergangener Zeiten.\u00a9 VOLKER ENGEL<\/p>\n<p>Auch kulinarisch ist das Angebot auf das historische Thema abgestimmt. Verschiedene Speisen und Getr\u00e4nke, zum Teil in mittelalterlicher Anlehnung, stehen zur Auswahl.<\/p>\n<p>Ein besonderes Augenmerk gilt dem Programm f\u00fcr Kinder: Eine Bogenbahn, Axtwurfstand und handwerkliche Mitmachaktionen laden zum Ausprobieren ein. In einer eigens eingerichteten Kampfarena zeigen Darsteller ritterliche \u00dcbungen und demonstrieren Kampfabl\u00e4ufe aus vergangenen Zeiten.<\/p>\n<p>Seit Jahren etabliert<\/p>\n<p>Das \u201eMittelalterliche Treyben\u201c versteht sich als Veranstaltung f\u00fcr die ganze Familie und m\u00f6chte das Leben vergangener Jahrhunderte m\u00f6glichst anschaulich und erlebbar machen \u2013 eingebettet in den Rahmen eines \u00f6ffentlichen Volksfests.<\/p>\n<p>Veranstaltet wird das Spektakel im Dortmunder Westen im Stadtbezirk Mengede, das sich seit Jahren als feste Gr\u00f6\u00dfe im lokalen Festkalender etabliert hat.<\/p>\n<p>\n\t<a href=\"https:\/\/www.ruhrnachrichten.de\" class=\"button button--brand button--link home-button\" target=\"_blank\" rel=\"noopener\">Zur Startseite<\/a><\/p>\n","protected":false},"excerpt":{"rendered":"Das Mittelalterliche Treyben im Volkgarten Mengede findet auch 2025 wieder statt. \u00a9 VOLKER ENGEL Wie lebte man im&hellip;\n","protected":false},"author":2,"featured_media":177066,"comment_status":"","ping_status":"","sticky":false,"template":"","format":"standard","meta":{"footnotes":""},"categories":[1833],"tags":[3364,29,217,5431,2507,30,1209],"class_list":{"0":"post-177065","1":"post","2":"type-post","3":"status-publish","4":"format-standard","5":"has-post-thumbnail","7":"category-dortmund","8":"tag-de","9":"tag-deutschland","10":"tag-dortmund","11":"tag-familien","12":"tag-freizeit","13":"tag-germany","14":"tag-nordrhein-westfalen"},"share_on_mastodon":{"url":"https:\/\/pubeurope.com\/@de\/114654086926019943","error":""},"_links":{"self":[{"href":"https:\/\/www.europesays.com\/de\/wp-json\/wp\/v2\/posts\/177065","targetHints":{"allow":["GET"]}}],"collection":[{"href":"https:\/\/www.europesays.com\/de\/wp-json\/wp\/v2\/posts"}],"about":[{"href":"https:\/\/www.europesays.com\/de\/wp-json\/wp\/v2\/types\/post"}],"author":[{"embeddable":true,"href":"https:\/\/www.europesays.com\/de\/wp-json\/wp\/v2\/users\/2"}],"replies":[{"embeddable":true,"href":"https:\/\/www.europesays.com\/de\/wp-json\/wp\/v2\/comments?post=177065"}],"version-history":[{"count":0,"href":"https:\/\/www.europesays.com\/de\/wp-json\/wp\/v2\/posts\/177065\/revisions"}],"wp:featuredmedia":[{"embeddable":true,"href":"https:\/\/www.europesays.com\/de\/wp-json\/wp\/v2\/media\/177066"}],"wp:attachment":[{"href":"https:\/\/www.europesays.com\/de\/wp-json\/wp\/v2\/media?parent=177065"}],"wp:term":[{"taxonomy":"category","embeddable":true,"href":"https:\/\/www.europesays.com\/de\/wp-json\/wp\/v2\/categories?post=177065"},{"taxonomy":"post_tag","embeddable":true,"href":"https:\/\/www.europesays.com\/de\/wp-json\/wp\/v2\/tags?post=177065"}],"curies":[{"name":"wp","href":"https:\/\/api.w.org\/{rel}","templated":true}]}}