{"id":177089,"date":"2025-06-09T15:36:14","date_gmt":"2025-06-09T15:36:14","guid":{"rendered":"https:\/\/www.europesays.com\/de\/177089\/"},"modified":"2025-06-09T15:36:14","modified_gmt":"2025-06-09T15:36:14","slug":"muenchen-tausende-muslime-feiern-im-luitpoldpark-das-opferfest-eid-al-adha-muenchen","status":"publish","type":"post","link":"https:\/\/www.europesays.com\/de\/177089\/","title":{"rendered":"M\u00fcnchen: Tausende Muslime feiern im Luitpoldpark das Opferfest Eid al-Adha &#8211; M\u00fcnchen"},"content":{"rendered":"<p data-manual=\"paragraph\" data-schema-org-speakable=\"true\" class=\"css-1ylqqlw\">Mirjeta Krasniqi hat es sich im Schneidersitz auf ihrer Jacke im Gras bequem gemacht, die schwarze Sonnenbrille steckt im offenen Haar. Hinter der Finanzbeamtin sitzen inzwischen an die 2000 Menschen auf Bierb\u00e4nken, essen Falafel-Burger, Pommes oder K\u00f6fte. Vor der 24-J\u00e4hrigen haben sich Hunderte im Halbkreis zum Beten versammelt. \u201eF\u00fcr mich ist das ein total sch\u00f6ner Gedanke, dass heute hier so viele Menschen mit denselben Werten zusammenkommen, um dieses Fest zu feiern.\u201c Die junge Muslima ist deshalb extra aus der N\u00e4he von Ulm angereist.<\/p>\n<p data-manual=\"paragraph\" data-schema-org-speakable=\"true\" class=\"css-1ylqqlw\">An Pfingstmontag feiern Musliminnen und Muslime nach acht Jahren wieder in gro\u00dfem Stil im M\u00fcnchner Luitpoldpark Eid al-Adha. Das Opferfest gilt als einer der h\u00f6chsten <a href=\"https:\/\/www.sueddeutsche.de\/thema\/Feiertage\" rel=\"nofollow noopener\" target=\"_blank\">Feiertage<\/a> im <a href=\"https:\/\/www.sueddeutsche.de\/thema\/Islam\" rel=\"nofollow noopener\" target=\"_blank\">Islam<\/a>. Bei den t\u00fcrkischen Muslimen hei\u00dft es Burban Bayrami. Es erinnert an die Bereitschaft Abrahams, seinen Sohn zu opfern, um Gottes Wille zu erf\u00fcllen. Gl\u00e4ubige feiern \u201eEid\u201c mit Familie und Freunden, im Zentrum stehen Werte wie Solidarit\u00e4t und Barmherzigkeit.<\/p>\n<p data-manual=\"paragraph\" data-schema-org-speakable=\"true\" class=\"css-1ylqqlw\">Veranstalter ist der Muslimrat <a href=\"https:\/\/www.sueddeutsche.de\/thema\/M%C3%BCnchen\" rel=\"nofollow noopener\" target=\"_blank\">M\u00fcnchen<\/a>. \u00dcber dessen soziale Netzwerke hat B\u00fcrgermeisterin Verena Dietl (SPD) im Vorfeld bereits die besten Gr\u00fc\u00dfe der Stadt bestellen lassen: Das Eid-Fest sei ein \u201ewunderbares Zeichen, wie vielf\u00e4ltig und offen diese Stadt ist\u201c. Sie danke allen, \u201edie dieses Fest m\u00f6glich machen\u201c.<\/p>\n<p data-manual=\"paragraph\" data-schema-org-speakable=\"true\" class=\"css-1ylqqlw\">Bereits kurz nach Beginn um 12 Uhr sind von einer kleinen B\u00fchne herunter Gebete in arabischer Sprache zu vernehmen. Die Lautsprecher-Stimme des Vorbeters erf\u00fcllt den ganzen Luitpoldpark. An den noch sp\u00e4rlich besetzten Biertischen davor sind einige ins Gespr\u00e4ch mit der Familie vertieft. An den H\u00fcpfburgen und Essensst\u00e4nden nebenan haben sich bereits stattliche Schlangen gebildet.<\/p>\n<p data-manual=\"paragraph\" data-schema-org-speakable=\"true\" class=\"css-1ylqqlw\">M\u00fctter kicken mit ihren Kindern, Familien picknicken auf gro\u00dfen, mitunter reich ornamentierten Decken. An St\u00e4nden informieren Organisationen \u00fcber ihre Arbeit. Ein paar Meter weiter wird Schmuck und Kunsthandwerkliches verkauft. Frauen in Hijabs, mitunter in langen Gew\u00e4ndern, bummeln an Frauen ohne Kopftuch und mit luftiger Sommergarderobe vorbei. Kinder treten zum Tauziehen und in Geschicklichkeitsspielen gegeneinander an. \u201eKirchweih-Stimmung\u201c, sagt jemand.<\/p>\n<p data-manual=\"paragraph\" data-schema-org-speakable=\"true\" class=\"css-1ylqqlw\">\u201eChristen feiern jetzt Pfingsten, wir Juden haben gerade Schawuot gefeiert und die Muslime ihr Eid-Fest, es ist was Besonderes, dass diese Feste zusammenfallen\u00a0\u2013 fast wie ein Zeichen f\u00fcr unser gutes Zusammenleben\u201c, wird am sp\u00e4teren Nachmittag Gabriela Schneider sagen. Sie ist Mitglied der liberalen j\u00fcdischen Gemeinde Beth Shalom und spricht heute im Namen des Rats der Religionen M\u00fcnchen ein Gru\u00dfwort.<\/p>\n<p><img decoding=\"async\" alt=\"Tausende sind in den Luitpoldpark gekommen,...\" data-manual=\"overline, headerImageCaption, headerImageSrc, headerImageSrcSet\" data-testid=\"responsive-image\" loading=\"lazy\"  src=\"https:\/\/www.europesays.com\/de\/wp-content\/uploads\/2025\/06\/4bc1a979-4098-4c4f-8229-b49fd0d11425.jpeg\"  role=\"button\" tabindex=\"0\" class=\"css-y4bre2\"\/>Tausende sind in den Luitpoldpark gekommen,&#8230; (Foto: Florian Peljak)<img decoding=\"async\" alt=\"...um gemeinsam zu essen \u2013 etwa \u0106evapi \u2013...\" data-manual=\"overline, headerImageCaption, headerImageSrc, headerImageSrcSet\" data-testid=\"responsive-image\" loading=\"lazy\"  src=\"https:\/\/www.europesays.com\/de\/wp-content\/uploads\/2025\/06\/e4af30d9-333b-4f8a-857f-215aec38d666.jpeg\"  role=\"button\" tabindex=\"0\" class=\"css-y4bre2\"\/>&#8230;um gemeinsam zu essen \u2013 etwa \u0106evapi \u2013&#8230; (Foto: Florian Peljak)<img decoding=\"async\" alt=\"...oder den Darbietungen zu lauschen.\" data-manual=\"overline, headerImageCaption, headerImageSrc, headerImageSrcSet\" data-testid=\"responsive-image\" loading=\"lazy\"  src=\"https:\/\/www.europesays.com\/de\/wp-content\/uploads\/2025\/06\/3d6c0866-13d4-41d4-a8b8-f1112cea9741.jpeg\"  role=\"button\" tabindex=\"0\" class=\"css-y4bre2\"\/>&#8230;oder den Darbietungen zu lauschen. (Foto: Florian Peljak)<\/p>\n<p data-manual=\"paragraph\" data-schema-org-speakable=\"true\" class=\"css-1ylqqlw\">Der stehe f\u00fcr ein \u201efriedliches und freundliches Zusammenleben der Religions- und Glaubensgemeinschaft miteinander hier in unserer Stadt M\u00fcnchen, das Zusammenleben in so einer gef\u00e4hrlichen, herzzerrei\u00dfend traurigen Zeit\u201c. F\u00fcr die Stadt wird sich der Beauftragte f\u00fcr interreligi\u00f6sen Dialog, Marian Offman, auch er Jude, mit guten W\u00fcnschen f\u00fcr ein friedliches Miteinander anschlie\u00dfen.<\/p>\n<p data-manual=\"paragraph\" data-schema-org-speakable=\"true\" class=\"css-1ylqqlw\">Bereits im Vorfeld des Eid-Fests im Luitpoldpark hat die Fachinformationsstelle Rechtsextremismus M\u00fcnchen (Firm), die mit der Landeshauptstadt kooperiert, Kritik an den Veranstaltern, dem Muslimrat M\u00fcnchen, ge\u00fcbt. Zuerst hat der Bayerische Rundfunk dar\u00fcber berichtet. Die \u201eorganisierenden Strukturen\u201c seien zu einem ma\u00dfgeblichen Teil dem Islamismus in seinen \u201ewichtigsten ideologischen Facetten\u201c zuzurechnen, sagt ein Firm-Sprecher auf SZ-Anfrage.<\/p>\n<p data-manual=\"paragraph\" data-schema-org-speakable=\"true\" class=\"css-1ylqqlw\">\u201eRadikale Akteure k\u00f6nnen sich \u00fcber die Veranstaltung als legitime Repr\u00e4sentanten der muslimischen Community inszenieren\u00a0\u2013 obwohl sie deren Vielfalt nicht abbilden.\u201c Gerade bei so einem Familienfest k\u00f6nnten Islamisten leicht und unterschwellig in Kontakt mit Menschen kommen, die sie sonst nicht erreichen w\u00fcrden. Explizit wird einigen Akteuren, die auch im offiziellen Programm auftauchen, unter anderem vorgeworfen, der salafistischen Szene anzugeh\u00f6ren.<\/p>\n<p data-manual=\"paragraph\" data-schema-org-speakable=\"true\" class=\"css-1ylqqlw\">\u201eUns wurde von Firm nichts vorgelegt\u201c, sagt Sokol Lamaj, Vorsitzender des Muslimrats am Rand des Fests. \u201eUnsere Ansprechpartnerin ist die Fachstelle f\u00fcr Demokratie im Rathaus.\u201c Die Vorw\u00fcrfe gebe es seit Jahren. \u201eDann muss man da mal eine juristische Entscheidung vorlegen.\u201c Der Muslimrat habe allgemein muslimische Verb\u00e4nde und Moscheen zum Mitmachen des Fests eingeladen und bitte darum, diesen Tag der Freude nicht schon im Vorhinein zu skandalisieren. \u201eEgal, wie wir uns verhalten, da ist immer jemand, der mit dem Finger auf uns zeigt.\u201c<\/p>\n<p data-manual=\"paragraph\" data-schema-org-speakable=\"true\" class=\"css-1ylqqlw\">CSU-Stadtrat Delija Balidemaj steht neben Lamaj und h\u00f6rt dem Gastgeber aufmerksam zu. Er sei gekommen, um sich dieses gro\u00dfe Fest anzuschauen. \u201eWir m\u00fcssen uns als Gesellschaft mehr M\u00fche geben, dar\u00fcber zu sprechen, was unsere gegenseitigen Erwartungen sind und \u00fcberhaupt miteinander ins Gespr\u00e4ch kommen.\u201c Man wolle das als Stadt so weit wie m\u00f6glich unterst\u00fctzen.<\/p>\n","protected":false},"excerpt":{"rendered":"Mirjeta Krasniqi hat es sich im Schneidersitz auf ihrer Jacke im Gras bequem gemacht, die schwarze Sonnenbrille steckt&hellip;\n","protected":false},"author":2,"featured_media":177090,"comment_status":"","ping_status":"","sticky":false,"template":"","format":"standard","meta":{"footnotes":""},"categories":[1827],"tags":[18601,772,29,30,3314,555,3311,1268,3312,149],"class_list":{"0":"post-177089","1":"post","2":"type-post","3":"status-publish","4":"format-standard","5":"has-post-thumbnail","7":"category-muenchen","8":"tag-feiertage","9":"tag-bayern","10":"tag-deutschland","11":"tag-germany","12":"tag-glaube-und-religion","13":"tag-islam","14":"tag-leben-und-gesellschaft-in-muenchen","15":"tag-muenchen","16":"tag-muslime","17":"tag-sueddeutsche-zeitung"},"share_on_mastodon":{"url":"https:\/\/pubeurope.com\/@de\/114654149727779604","error":""},"_links":{"self":[{"href":"https:\/\/www.europesays.com\/de\/wp-json\/wp\/v2\/posts\/177089","targetHints":{"allow":["GET"]}}],"collection":[{"href":"https:\/\/www.europesays.com\/de\/wp-json\/wp\/v2\/posts"}],"about":[{"href":"https:\/\/www.europesays.com\/de\/wp-json\/wp\/v2\/types\/post"}],"author":[{"embeddable":true,"href":"https:\/\/www.europesays.com\/de\/wp-json\/wp\/v2\/users\/2"}],"replies":[{"embeddable":true,"href":"https:\/\/www.europesays.com\/de\/wp-json\/wp\/v2\/comments?post=177089"}],"version-history":[{"count":0,"href":"https:\/\/www.europesays.com\/de\/wp-json\/wp\/v2\/posts\/177089\/revisions"}],"wp:featuredmedia":[{"embeddable":true,"href":"https:\/\/www.europesays.com\/de\/wp-json\/wp\/v2\/media\/177090"}],"wp:attachment":[{"href":"https:\/\/www.europesays.com\/de\/wp-json\/wp\/v2\/media?parent=177089"}],"wp:term":[{"taxonomy":"category","embeddable":true,"href":"https:\/\/www.europesays.com\/de\/wp-json\/wp\/v2\/categories?post=177089"},{"taxonomy":"post_tag","embeddable":true,"href":"https:\/\/www.europesays.com\/de\/wp-json\/wp\/v2\/tags?post=177089"}],"curies":[{"name":"wp","href":"https:\/\/api.w.org\/{rel}","templated":true}]}}