{"id":177108,"date":"2025-06-09T15:46:12","date_gmt":"2025-06-09T15:46:12","guid":{"rendered":"https:\/\/www.europesays.com\/de\/177108\/"},"modified":"2025-06-09T15:46:12","modified_gmt":"2025-06-09T15:46:12","slug":"sie-zeigt-sich-erstmals-mit-ihrem-neuen-freund","status":"publish","type":"post","link":"https:\/\/www.europesays.com\/de\/177108\/","title":{"rendered":"Sie zeigt sich erstmals mit ihrem neuen Freund"},"content":{"rendered":"<p>Vier Jahre nach dem Tod ihres Mannes <\/p>\n<p>Verena Wriedt zeigt sich erstmals mit ihrem neuen Freund<\/p>\n<p>09.06.2025 &#8211; 16:48 UhrLesedauer: 2 Min.<\/p>\n<p><a href=\"#focus-0\" class=\"transition-colors duration-200 focus-within:text-magenta block text-current relative\" data-sctrack=\"FocusGalleryImage.Reference\"><img fetchpriority=\"high\" data-testid=\"Opener.Image\" style=\"--lqipURL:url('https:\/\/images.t-online.de\/2025\/06\/l7KMfab8O0Z3\/86x282:3134x1763\/fit-in\/150x0\/filters:blur(25)\/verena-wriedt-sie-ist-wieder-verliebt.jpg')\"   loading=\"eager\" src=\"https:\/\/www.europesays.com\/de\/wp-content\/uploads\/2025\/06\/verena-wriedt-sie-ist-wieder-verliebt.jpg\" alt=\"Verena Wriedt: Sie ist wieder verliebt.\" title=\"Verena Wriedt: Sie ist wieder verliebt.\" width=\"3134\" height=\"1763\" class=\"bg-[url:var(--lqipURL)] bg-cover bg-center flex w-full max-w-full h-full\" decoding=\"async\"\/><img style=\"--width:32;--height:32\" loading=\"lazy\" src=\"https:\/\/www.europesays.com\/de\/wp-content\/uploads\/2025\/05\/zoom-in.f7dae02f.svg.svg+xml\" alt=\"Vergr\u00f6\u00dfern des Bildes\" title=\"Vergr\u00f6\u00dfern des Bildes\" class=\"&#10;        block&#10;        h-[calc(var(--height)_\/_16_*_1rem)]&#10;        w-[calc(var(--width)_\/_16_*_1rem)]&#10;        max-w-none&#10;        absolute bottom-8 right-8 rounded-4 bg-snow p-8\" decoding=\"async\"\/><\/a><\/p>\n<p>Verena Wriedt: Sie ist wieder verliebt. (Quelle: IMAGO \/ Eventpress)<\/p>\n<p class=\"font-bold text-18 leading-17\">Die Erinnerung an ihren verstorbenen Mann bleibt lebendig \u2013 doch jetzt hat Verena Wriedt einen neuen Partner an ihrer Seite. Und teilt nun ein gemeinsames Foto mit ihm.<\/p>\n<p class=\"text-18 leading-17\">Seit einiger Zeit ist Moderatorin Verena Wriedt wieder in festen H\u00e4nden \u2013 jetzt tritt sie mit ihrem Partner Dirk Hansen die \u00d6ffentlichkeit. Auf Instagram teilt die 50-J\u00e4hrige ein Foto, das sie mit ihm und Moderatorin <a class=\"transition-colors duration-200 cursor-pointer text-inherit no-underline text-salemsfur md:hover:text-magenta md:hover:border-magenta md:focus:text-magenta border-current border-b border-solid break-words\" href=\"https:\/\/www.t-online.de\/themen\/frauke-ludowig\/\" data-sctrack=\"BodyAnchor\" rel=\"nofollow noopener\" target=\"_blank\">Frauke Ludowig<\/a> zeigt. Die Aufnahme entstand bei einem Termin, an dem sie RTL ihre Geschichte schilderte.<\/p>\n<p class=\"text-18 leading-17\">Auf dem Bild tr\u00e4gt Wriedt ein elegantes lilafarbenes Kleid, das asymmetrisch geschnitten ist. Ihr Partner w\u00e4hlte einen hellblauen Anzug, zu dem er ein noch helleres Hemd kombinierte. Das Paar lacht gl\u00fccklich in die Kamera, so auch Frauke Ludowig. Verena Wriedt hat dem Foto einen besonderen Platz auf ihrer Instagram-Seite gegeben, sie hat es an oberster Stelle angepinnt, sodass es sofort ins Blickfeld r\u00fcckt. Die Fans freuen sich mit Wriedt \u00fcber ihr neues Gl\u00fcck.<\/p>\n<p class=\"text-18 leading-17\">Wriedt und Hansen haben sich auf einem Outdoor-Fitnessplatz auf <a class=\"transition-colors duration-200 cursor-pointer text-inherit no-underline text-salemsfur md:hover:text-magenta md:hover:border-magenta md:focus:text-magenta border-current border-b border-solid break-words\" href=\"https:\/\/www.t-online.de\/themen\/ibiza\/\" data-sctrack=\"BodyAnchor\" rel=\"nofollow noopener\" target=\"_blank\">Ibiza<\/a> kennengelernt. Dort half der Unternehmer ihrem Sohn Lio bei Klimmz\u00fcgen. Auf Wunsch des Jungen gingen sie anschlie\u00dfend gemeinsam eine Limo trinken \u2013 ein zuf\u00e4lliges Treffen, das zun\u00e4chst folgenlos blieb, erz\u00e4hlte sie RTL. Sp\u00e4ter meldete sich Hansen \u00fcber Instagram, und nach und nach entwickelte sich mehr daraus. Lio, heute elf Jahre alt, hat seine Mutter immer wieder auf Hansen aufmerksam gemacht \u2013 und sollte am Ende recht behalten.<\/p>\n<p class=\"text-18 leading-17\">Verena Wriedt war nach eigenen Worten lange nicht offen f\u00fcr eine neue Partnerschaft. Der pl\u00f6tzliche Tod ihres Mannes Thomas Schubert \u2013 vor genau vier Jahren \u2013 im Juni 2021 hatte ihr den Boden unter den F\u00fc\u00dfen weggezogen. Schubert starb 46-j\u00e4hrig an einem Herzinfarkt. Damals war ihr Sohn erst sieben Jahre alt. Die Moderatorin zog sich aus der \u00d6ffentlichkeit zur\u00fcck, um zu trauern und sich um ihr Kind zu k\u00fcmmern.<\/p>\n<p class=\"text-18 leading-17\">Trotz des neuen Gl\u00fccks war der Start der Beziehung nicht einfach. In der Anfangszeit habe sie mit widerspr\u00fcchlichen Gef\u00fchlen zu k\u00e4mpfen gehabt \u2013 Trauer um den verstorbenen Mann und gleichzeitig das aufkeimende Gef\u00fchl von N\u00e4he und Verbundenheit.<\/p>\n<p class=\"text-18 leading-17\">Heute kann Wriedt im Gespr\u00e4ch mit Ludowig sagen: &#8222;Mir geht es richtig gut. Ich kriege G\u00e4nsehaut, weil ich einfach total dankbar bin. Weil ich das Gef\u00fchl habe, ich habe noch eine zweite Chance im Leben bekommen. Eine Chance, mit meinem Sohn zusammen gl\u00fccklich zu sein. Und das h\u00e4tte ich noch vor kurzem niemals im Leben gedacht.&#8220;<\/p>\n","protected":false},"excerpt":{"rendered":"Vier Jahre nach dem Tod ihres Mannes Verena Wriedt zeigt sich erstmals mit ihrem neuen Freund 09.06.2025 &#8211;&hellip;\n","protected":false},"author":2,"featured_media":177109,"comment_status":"","ping_status":"","sticky":false,"template":"","format":"standard","meta":{"footnotes":""},"categories":[1776],"tags":[722,522,1801,29,59952,214,50800,30,34378,152,3523,3901,1802,640,215,59951],"class_list":{"0":"post-177108","1":"post","2":"type-post","3":"status-publish","4":"format-standard","5":"has-post-thumbnail","7":"category-prominente","8":"tag-722","9":"tag-522","10":"tag-celebrities","11":"tag-deutschland","12":"tag-dirk-hansen","13":"tag-entertainment","14":"tag-frauke-ludowig","15":"tag-germany","16":"tag-ibiza","17":"tag-instagram","18":"tag-kamera","19":"tag-outdoor","20":"tag-prominente","21":"tag-rtl","22":"tag-unterhaltung","23":"tag-verena-wriedt"},"share_on_mastodon":{"url":"https:\/\/pubeurope.com\/@de\/114654188940842917","error":""},"_links":{"self":[{"href":"https:\/\/www.europesays.com\/de\/wp-json\/wp\/v2\/posts\/177108","targetHints":{"allow":["GET"]}}],"collection":[{"href":"https:\/\/www.europesays.com\/de\/wp-json\/wp\/v2\/posts"}],"about":[{"href":"https:\/\/www.europesays.com\/de\/wp-json\/wp\/v2\/types\/post"}],"author":[{"embeddable":true,"href":"https:\/\/www.europesays.com\/de\/wp-json\/wp\/v2\/users\/2"}],"replies":[{"embeddable":true,"href":"https:\/\/www.europesays.com\/de\/wp-json\/wp\/v2\/comments?post=177108"}],"version-history":[{"count":0,"href":"https:\/\/www.europesays.com\/de\/wp-json\/wp\/v2\/posts\/177108\/revisions"}],"wp:featuredmedia":[{"embeddable":true,"href":"https:\/\/www.europesays.com\/de\/wp-json\/wp\/v2\/media\/177109"}],"wp:attachment":[{"href":"https:\/\/www.europesays.com\/de\/wp-json\/wp\/v2\/media?parent=177108"}],"wp:term":[{"taxonomy":"category","embeddable":true,"href":"https:\/\/www.europesays.com\/de\/wp-json\/wp\/v2\/categories?post=177108"},{"taxonomy":"post_tag","embeddable":true,"href":"https:\/\/www.europesays.com\/de\/wp-json\/wp\/v2\/tags?post=177108"}],"curies":[{"name":"wp","href":"https:\/\/api.w.org\/{rel}","templated":true}]}}