{"id":177193,"date":"2025-06-09T16:33:25","date_gmt":"2025-06-09T16:33:25","guid":{"rendered":"https:\/\/www.europesays.com\/de\/177193\/"},"modified":"2025-06-09T16:33:25","modified_gmt":"2025-06-09T16:33:25","slug":"nach-tsv-abstieg-sv-duissern-kann-wieder-hoffen","status":"publish","type":"post","link":"https:\/\/www.europesays.com\/de\/177193\/","title":{"rendered":"Nach TSV-Abstieg: SV Duissern kann wieder hoffen"},"content":{"rendered":"<p>   Nach TSV-Abstieg: SV Duissern kann wieder hoffen &#8211; FuPa                                               <\/p>\n<p>FuPa ben\u00f6tigt JavaScript, um richtig zu funktionieren.<\/p>\n<p> Browser nicht unterst\u00fctzt <\/p>\n<p>  Du verwendest einen veralteten Browser, wodurch die Funktionalit\u00e4t von FuPa eingeschr\u00e4nkt ist und es zu unerwarteten Fehlern kommen kann. Damit du FuPa vollumf\u00e4nglich nutzen kannst und wir dir eine bessere Nutzungserfahrung und mehr Sicherheit auf unserer Anwendung bieten k\u00f6nnen, nutze bitte einen aktuellen Browser.      <img loading=\"lazy\" decoding=\"async\" src=\"https:\/\/www.europesays.com\/de\/wp-content\/uploads\/2025\/06\/vgzm.2780411-3108166.gif\" height=\"1\" width=\"1\" class=\"sc-1wcyr0h-16 hojaCI\"\/>Du wirst automatisch weitergeleitet&#8230;<img fetchpriority=\"high\" decoding=\"async\" loading=\"eager\" src=\"https:\/\/www.europesays.com\/de\/wp-content\/uploads\/2025\/06\/1749486804_245_960x640.jpeg\" alt=\"Der SV Duissern bekommt eine weitere Chance auf den Klassenerhalt.\" title=\"Der SV Duissern bekommt eine weitere Chance auf den Klassenerhalt.\" width=\"960\" height=\"640\" class=\"sc-wadapo-3 klmthQ mui-style-2vfs2l\"\/>Der SV Duissern bekommt eine weitere Chance auf den Klassenerhalt. \u2013 Foto: Robin Bogaletzki<a data-google-interstitial=\"false\" target=\"_blank\" href=\"https:\/\/rp-online.de\" rel=\"noopener\"><img decoding=\"async\" loading=\"eager\" src=\"https:\/\/www.europesays.com\/de\/wp-content\/uploads\/2025\/04\/image.svg.svg+xml\" alt=\"\" title=\"\" width=\"400\" height=\"80\" class=\"sc-wadapo-3 ftUxsc\"\/><\/a>Durch den Abstieg des TSV Bruckhausen aus der Landesliga, bekommt der SV Duissern in der Relegation die Chance auf den Klassenerhalt.<\/p>\n<p>Es ist schon eine perfide Ausgangslage. Da muss ein Verein hoffen, dass ein anderer Verein aus dem gleichen Kreis absteigt, um selbst noch die Chance auf den Klassenerhalt zu haben. Seit Sonntag ist dies genau so im Kreis Duisburg-M\u00fclheim-Dinslaken. Der TSV Bruckhausen hat in der Relegation gegen den SSV Germania Wuppertal den K\u00fcrzeren gezogen, wodurch nun eine weitere Relegation auf Kreisebene ansteht.<\/p>\n<p>Tapfer hat der TSV Bruckhausen gek\u00e4mpft und sich bis zum bitteren Ende gegen die Niederlage gewehrt. Nach dem 2:2-Unentschieden im Hinspiel der Bezirksliga-Abstiegsrelegation gegen den SSV Germania Wuppertal endete auch das R\u00fcckspiel am Sonntag nach regul\u00e4rer Spielzeit 2:2. Da keine weiteren Treffer in der Verl\u00e4ngerung fielen, kam es zum Elfmeterschie\u00dfen. Hier versagten den Bruckhausenern reihenweise die Nerven. Zun\u00e4chst konnte der SSV-Keeper zwei Elfmeter parieren, der dritte wurde neben den Pfosten gesetzt, sodass am Ende nur die Wuppertaler jubeln konnten. F\u00fcr den TSV geht es nach nur einem Jahr in der Bezirksliga auf direktem Weg wieder runter in die Kreisliga A.<\/p>\n<p> Weiterer Absteiger gesucht <\/p>\n<p>Und der Abstieg hat Auswirkungen. Gesucht wird nun n\u00e4mlich ein f\u00fcnfter Absteiger aus den beiden Gruppen der A-Liga. Dieser wird von den jeweilig drittletzten Mannschaften ausgespielt. In der Gruppe 1 ist das der SV Duissern, der nun eine weitere Chance auf den Klassenerhalt bekommt. Nur der Gegner steht noch nicht fest, denn in der Gruppe 2 stehen zun\u00e4chst zwei Entscheidungsspiele an. Der SV Hamborn 1890 und SuS Viktoria Wehofen haben die Spielzeit punktgleich mit je 27 Z\u00e4hlern beendet. In Hin- und R\u00fcckspiel ermitteln die beiden Teams in dieser Woche den zweiten Teilnehmer der Relegation. Der Sieger h\u00e4lt direkt die Klasse.<\/p>\n<p>Hamborn 90 hat im Entscheidungsspiel zun\u00e4chst Heimrecht. Los geht es am Donnerstag um 19.30 Uhr. Das R\u00fcckspiel ist f\u00fcr den Sonntag um 15 Uhr angesetzt. Das Relegationsduell mit Duissern d\u00fcrfte demnach in der kommenden Woche starten, voraussichtlich d\u00fcrfte hier am Mittwoch\/Donnerstag und Sonntag gespielt werden, sodass am 22. Juni die Entscheidung um Auf- und Abstieg endg\u00fcltig gefallen ist.<\/p>\n<p>Aufrufe: 09.6.2025, 12:00 Uhr<\/p>\n<p>Marcel EichholzAutor<\/p>\n<p><img decoding=\"async\" loading=\"lazy\" src=\"https:\/\/www.europesays.com\/de\/wp-content\/uploads\/2025\/04\/64x64.jpeg\" alt=\"\" title=\"\" width=\"64\" height=\"64\" class=\"sc-wadapo-3 imUdKn\"\/><\/p>\n","protected":false},"excerpt":{"rendered":"Nach TSV-Abstieg: SV Duissern kann wieder hoffen &#8211; FuPa FuPa ben\u00f6tigt JavaScript, um richtig zu funktionieren. Browser nicht&hellip;\n","protected":false},"author":2,"featured_media":177194,"comment_status":"","ping_status":"","sticky":false,"template":"","format":"standard","meta":{"footnotes":""},"categories":[1838],"tags":[57019,59981,3364,29,3715,30275,30,17793,17766,1209,40679,35022,35010,35025,35679],"class_list":{"0":"post-177193","1":"post","2":"type-post","3":"status-publish","4":"format-standard","5":"has-post-thumbnail","7":"category-duisburg","8":"tag-abstiegs-relegation-bezirksliga-niederrhein","9":"tag-abstiegs-relegation-der-kreisliga-a-duisburg-dinslaken-muelheim","10":"tag-de","11":"tag-deutschland","12":"tag-duisburg","13":"tag-duisburg-muelheim-dinslaken","14":"tag-germany","15":"tag-gruppe-1","16":"tag-kreisliga-a","17":"tag-nordrhein-westfalen","18":"tag-ssv-germania-wuppertal","19":"tag-sus-viktoria-wehofen","20":"tag-sv-duissern","21":"tag-sv-hamborn-1890","22":"tag-tsv-bruckhausen"},"share_on_mastodon":{"url":"https:\/\/pubeurope.com\/@de\/114654373979185492","error":""},"_links":{"self":[{"href":"https:\/\/www.europesays.com\/de\/wp-json\/wp\/v2\/posts\/177193","targetHints":{"allow":["GET"]}}],"collection":[{"href":"https:\/\/www.europesays.com\/de\/wp-json\/wp\/v2\/posts"}],"about":[{"href":"https:\/\/www.europesays.com\/de\/wp-json\/wp\/v2\/types\/post"}],"author":[{"embeddable":true,"href":"https:\/\/www.europesays.com\/de\/wp-json\/wp\/v2\/users\/2"}],"replies":[{"embeddable":true,"href":"https:\/\/www.europesays.com\/de\/wp-json\/wp\/v2\/comments?post=177193"}],"version-history":[{"count":0,"href":"https:\/\/www.europesays.com\/de\/wp-json\/wp\/v2\/posts\/177193\/revisions"}],"wp:featuredmedia":[{"embeddable":true,"href":"https:\/\/www.europesays.com\/de\/wp-json\/wp\/v2\/media\/177194"}],"wp:attachment":[{"href":"https:\/\/www.europesays.com\/de\/wp-json\/wp\/v2\/media?parent=177193"}],"wp:term":[{"taxonomy":"category","embeddable":true,"href":"https:\/\/www.europesays.com\/de\/wp-json\/wp\/v2\/categories?post=177193"},{"taxonomy":"post_tag","embeddable":true,"href":"https:\/\/www.europesays.com\/de\/wp-json\/wp\/v2\/tags?post=177193"}],"curies":[{"name":"wp","href":"https:\/\/api.w.org\/{rel}","templated":true}]}}