{"id":177269,"date":"2025-06-09T17:18:09","date_gmt":"2025-06-09T17:18:09","guid":{"rendered":"https:\/\/www.europesays.com\/de\/177269\/"},"modified":"2025-06-09T17:18:09","modified_gmt":"2025-06-09T17:18:09","slug":"nur-29-prozent-wahlbeteiligung-italiens-volksentscheid-ueber-schnellere-einbuergerung-scheitert","status":"publish","type":"post","link":"https:\/\/www.europesays.com\/de\/177269\/","title":{"rendered":"Nur 29 Prozent Wahlbeteiligung: Italiens Volksentscheid \u00fcber schnellere Einb\u00fcrgerung scheitert"},"content":{"rendered":"<p>                    Nur 29 Prozent Wahlbeteiligung<br \/>\n                Italiens Volksentscheid \u00fcber schnellere Einb\u00fcrgerung scheitert<\/p>\n<p>\t\t\t\t              09.06.2025, 17:38 Uhr<\/p>\n<p>\t\t\t\t\t       Artikel anh\u00f6ren<\/p>\n<p>\t\t\t\t\t\t\tDiese Audioversion wurde k\u00fcnstlich generiert. <a href=\"https:\/\/www.n-tv.de\/23249898\" target=\"_blank\" rel=\"noopener\">Mehr Infos<\/a><\/p>\n<p><strong>Ein Volksentscheid zur Lockerung von Einb\u00fcrgerungen und Versch\u00e4rfungen im Arbeitsrecht verfehlt in Italien die erforderliche Mindestbeteiligung von 50 Prozent. Regierungschefin Meloni rief zuvor zum Boykott der Abstimmung auf, die von der linken Opposition organisiert worden war. <\/strong><\/p>\n<p>In Italien ist eine Volksabstimmung \u00fcber Fragen zur Einwanderung und zum Arbeitsrecht gescheitert. Die erforderliche Wahlbeteiligung wurde klar verpasst. Nach vorl\u00e4ufigen Angaben des Innenministeriums ging von insgesamt mehr als 51 Millionen Wahlberechtigten nicht einmal ein Drittel zur Wahl. Die Beteiligung wurde kurz nach Schlie\u00dfung der Wahllokale um 15.00 Uhr mit etwa 29 Prozent angegeben. Am Sonntag, als bis 23.00 Uhr gew\u00e4hlt werden durfte, betrug die Wahlbeteiligung nach Angaben des Innenministeriums lediglich 22 Prozent. Damit die Ergebnisse der Abstimmung G\u00fcltigkeit erlangen, h\u00e4tte sie bei mindestens 50 Prozent liegen m\u00fcssen.<\/p>\n<p>In dem Referendum, das von den Gewerkschaften und der linken Opposition angestrengt wurde, ging es insbesondere um das Arbeitsrecht: besseren K\u00fcndigungsschutz, h\u00f6here Abfindungen, Entfristung von Arbeitsvertr\u00e4gen und Haftung bei Arbeitsunf\u00e4llen. Beim f\u00fcnften Thema h\u00e4tte die Bev\u00f6lkerung entscheiden k\u00f6nnen, ob Menschen aus L\u00e4ndern au\u00dferhalb der EU nach f\u00fcnf Jahren eingeb\u00fcrgert werden k\u00f6nnen. Bisher dauert das mindestens zehn Jahre.<\/p>\n<p>Mehr als 70 Volksabstimmungen in Italien seit Kriegsende<\/p>\n<p>Die endg\u00fcltigen Ergebnisse werden erst nach Ende der Ausz\u00e4hlung ver\u00f6ffentlicht. Nach vorl\u00e4ufigen Zahlen gab es klare Mehrheiten f\u00fcr die jeweiligen Gesetzes\u00e4nderungen, was jedoch keine Auswirkungen hat: Wegen der zu geringen Beteiligung bleibt alles beim Alten. In Italien gab es in den vergangenen Jahrzehnten mehr als 70 Volksabstimmungen. Auch fr\u00fcher schon scheiterten viele, weil zu wenig W\u00e4hler mitmachten. Zuletzt war ein Referendum 2011 erfolgreich.<\/p>\n<p>Die rechte Koalition in Rom unter Ministerpr\u00e4sidentin Giorgia Meloni hatte ihren Anh\u00e4ngern empfohlen, sich nicht an der jetzigen Volksabstimmung zu beteiligen. Meloni selbst ging in Rom zwar in ihr Wahllokal, gab ihre Stimme aber nicht ab.<\/p>\n","protected":false},"excerpt":{"rendered":"Nur 29 Prozent Wahlbeteiligung Italiens Volksentscheid \u00fcber schnellere Einb\u00fcrgerung scheitert 09.06.2025, 17:38 Uhr Artikel anh\u00f6ren Diese Audioversion wurde&hellip;\n","protected":false},"author":2,"featured_media":177270,"comment_status":"","ping_status":"","sticky":false,"template":"","format":"standard","meta":{"footnotes":""},"categories":[3],"tags":[6442,59999,9236,13,355,14,15,16,12,10,8,9,11,39183,103,104],"class_list":{"0":"post-177269","1":"post","2":"type-post","3":"status-publish","4":"format-standard","5":"has-post-thumbnail","7":"category-welt","8":"tag-arbeitsrecht","9":"tag-doppelte-staatsbuergerschaft","10":"tag-giorgia-meloni","11":"tag-headlines","12":"tag-italien","13":"tag-nachrichten","14":"tag-news","15":"tag-politik","16":"tag-schlagzeilen","17":"tag-top-news","18":"tag-top-meldungen","19":"tag-topmeldungen","20":"tag-topnews","21":"tag-volksentscheide","22":"tag-welt","23":"tag-world"},"share_on_mastodon":{"url":"https:\/\/pubeurope.com\/@de\/114654550691197715","error":""},"_links":{"self":[{"href":"https:\/\/www.europesays.com\/de\/wp-json\/wp\/v2\/posts\/177269","targetHints":{"allow":["GET"]}}],"collection":[{"href":"https:\/\/www.europesays.com\/de\/wp-json\/wp\/v2\/posts"}],"about":[{"href":"https:\/\/www.europesays.com\/de\/wp-json\/wp\/v2\/types\/post"}],"author":[{"embeddable":true,"href":"https:\/\/www.europesays.com\/de\/wp-json\/wp\/v2\/users\/2"}],"replies":[{"embeddable":true,"href":"https:\/\/www.europesays.com\/de\/wp-json\/wp\/v2\/comments?post=177269"}],"version-history":[{"count":0,"href":"https:\/\/www.europesays.com\/de\/wp-json\/wp\/v2\/posts\/177269\/revisions"}],"wp:featuredmedia":[{"embeddable":true,"href":"https:\/\/www.europesays.com\/de\/wp-json\/wp\/v2\/media\/177270"}],"wp:attachment":[{"href":"https:\/\/www.europesays.com\/de\/wp-json\/wp\/v2\/media?parent=177269"}],"wp:term":[{"taxonomy":"category","embeddable":true,"href":"https:\/\/www.europesays.com\/de\/wp-json\/wp\/v2\/categories?post=177269"},{"taxonomy":"post_tag","embeddable":true,"href":"https:\/\/www.europesays.com\/de\/wp-json\/wp\/v2\/tags?post=177269"}],"curies":[{"name":"wp","href":"https:\/\/api.w.org\/{rel}","templated":true}]}}