{"id":177275,"date":"2025-06-09T17:21:30","date_gmt":"2025-06-09T17:21:30","guid":{"rendered":"https:\/\/www.europesays.com\/de\/177275\/"},"modified":"2025-06-09T17:21:30","modified_gmt":"2025-06-09T17:21:30","slug":"spd-fraktion-verurteilt-brandanschlag-auf-drk-einrichtung-in-reideburg","status":"publish","type":"post","link":"https:\/\/www.europesays.com\/de\/177275\/","title":{"rendered":"SPD-Fraktion verurteilt Brandanschlag auf DRK-Einrichtung in Reideburg"},"content":{"rendered":"<p><img decoding=\"async\" src=\"https:\/\/www.europesays.com\/de\/wp-content\/uploads\/2025\/06\/spd1-678x381.jpg\" alt=\"SPD\" title=\"spd1\"\/><br \/>\n\u00a9 H@llAnzeiger<\/p>\n<p>Halle\/SPD. Vergangene Woche kam es zu einem Brandanschlag auf die im Umbau befindliche Jugendhilfeeinrichtung in Reideburg. Die vom Deutschen Roten Kreuz (DRK) betriebene Einrichtung soll demn\u00e4chst Jugendlichen, darunter unbegleitete, minderj\u00e4hrige Fl\u00fcchtlinge, ein neues Zuhause auf Zeit bieten.<\/p>\n<p>Eric Eigendorf, Vorsitzender der SPD-Fraktion Stadt Halle (Saale), erkl\u00e4rte dazu: \u201eWir verurteilen den Brandanschlag auf die zuk\u00fcnftige Einrichtung des Deutschen Roten Kreuzes in Reideburg. Wir vertrauen darauf, dass die Hintergr\u00fcnde dieses feigen Anschlags durch die Sicherheitsbeh\u00f6rden aufgekl\u00e4rt werden. Wir begr\u00fc\u00dfen zudem, dass das DRK direkt nach Bekanntwerden des Brandes an den Pl\u00e4nen zur zeitnahen Er\u00f6ffnung des Heims, das unter anderem unbegleitete, minderj\u00e4hrige Fl\u00fcchtlinge beherbergen soll, festh\u00e4lt. Richtig ist aus unserer Sicht auch, dass das Rote Kreuz als Betreiber und die Stadt Halle seit Monaten Hand in Hand arbeiten und die \u00d6ffentlichkeit sowie die Anwohnerschaft \u00fcber die Er\u00f6ffnung in Kenntnis setzen. Dass bis zur Er\u00f6ffnung auch weitere Formate in Planung sind, bei dem Interessierte die Einrichtung und die Arbeit des DRK kennenlernen k\u00f6nnen, unterstreicht das aus unserer Sicht mit Nachdruck.\u201c<\/p>\n<p>\u201eDie Jugendhilfeeinrichtung in Nietleben, die das DRK bereits seit Jahren betreibt, hat \u00fcber viele Jahre hinweg bewiesen, wie gut Integration und Zusammenleben in vielerlei Hinsicht funktionieren. Die Einrichtung bietet vielen Kindern und Jugendlichen, die Schutz bed\u00fcrfen, ein Zuhause. Nach anf\u00e4nglichen Bedenken in Nietleben sind dort keine nennenswerten Vorkommnisse zu verzeichnen gewesen. Genau dieses vertrauensvolle Miteinander w\u00fcnschen wir uns auch nach dem Umzug f\u00fcr den Standort in Reideburg. Wir haben gro\u00dfes Vertrauen in das Deutsche Rote Kreuz als erfahrenen Tr\u00e4ger der Einrichtung und in die Stadt Halle. Der feige Brandanschlag richtet sich gegen junge Menschen, die Unterst\u00fctzung und Schutz in unterschiedlichen Lebenslagen ben\u00f6tigen. Dem stellen wir uns mit aller Entschlossenheit entgegen\u201c, so Philipp Pieloth, stellvertretender Fraktionsvorsitzender, abschlie\u00dfend f\u00fcr die SPD-Fraktion.<\/p>\n","protected":false},"excerpt":{"rendered":"\u00a9 H@llAnzeiger Halle\/SPD. Vergangene Woche kam es zu einem Brandanschlag auf die im Umbau befindliche Jugendhilfeeinrichtung in Reideburg.&hellip;\n","protected":false},"author":2,"featured_media":177276,"comment_status":"","ping_status":"","sticky":false,"template":"","format":"standard","meta":{"footnotes":""},"categories":[1860],"tags":[3364,29,548,663,3934,30,4062,17332,13,14,15,17331,860,12],"class_list":{"0":"post-177275","1":"post","2":"type-post","3":"status-publish","4":"format-standard","5":"has-post-thumbnail","7":"category-halle-saale","8":"tag-de","9":"tag-deutschland","10":"tag-eu","11":"tag-europa","12":"tag-europe","13":"tag-germany","14":"tag-halle","15":"tag-halle-saale","16":"tag-headlines","17":"tag-nachrichten","18":"tag-news","19":"tag-saale","20":"tag-sachsen-anhalt","21":"tag-schlagzeilen"},"share_on_mastodon":{"url":"https:\/\/pubeurope.com\/@de\/114654562581036215","error":""},"_links":{"self":[{"href":"https:\/\/www.europesays.com\/de\/wp-json\/wp\/v2\/posts\/177275","targetHints":{"allow":["GET"]}}],"collection":[{"href":"https:\/\/www.europesays.com\/de\/wp-json\/wp\/v2\/posts"}],"about":[{"href":"https:\/\/www.europesays.com\/de\/wp-json\/wp\/v2\/types\/post"}],"author":[{"embeddable":true,"href":"https:\/\/www.europesays.com\/de\/wp-json\/wp\/v2\/users\/2"}],"replies":[{"embeddable":true,"href":"https:\/\/www.europesays.com\/de\/wp-json\/wp\/v2\/comments?post=177275"}],"version-history":[{"count":0,"href":"https:\/\/www.europesays.com\/de\/wp-json\/wp\/v2\/posts\/177275\/revisions"}],"wp:featuredmedia":[{"embeddable":true,"href":"https:\/\/www.europesays.com\/de\/wp-json\/wp\/v2\/media\/177276"}],"wp:attachment":[{"href":"https:\/\/www.europesays.com\/de\/wp-json\/wp\/v2\/media?parent=177275"}],"wp:term":[{"taxonomy":"category","embeddable":true,"href":"https:\/\/www.europesays.com\/de\/wp-json\/wp\/v2\/categories?post=177275"},{"taxonomy":"post_tag","embeddable":true,"href":"https:\/\/www.europesays.com\/de\/wp-json\/wp\/v2\/tags?post=177275"}],"curies":[{"name":"wp","href":"https:\/\/api.w.org\/{rel}","templated":true}]}}