{"id":177279,"date":"2025-06-09T17:23:14","date_gmt":"2025-06-09T17:23:14","guid":{"rendered":"https:\/\/www.europesays.com\/de\/177279\/"},"modified":"2025-06-09T17:23:14","modified_gmt":"2025-06-09T17:23:14","slug":"freizeitskipper-wildwest-auf-der-kieler-foerde-ndr-de-nachrichten","status":"publish","type":"post","link":"https:\/\/www.europesays.com\/de\/177279\/","title":{"rendered":"Freizeitskipper: Wildwest auf der Kieler F\u00f6rde | NDR.de &#8211; Nachrichten"},"content":{"rendered":"<p>\nStand: 09.06.2025 15:51 Uhr\n<\/p>\n<p class=\"preface\">Die Sommerzeit ist Hoch-Zeit f\u00fcr alle Wassersportler. Doch dabei gibt es immer wieder Probleme. Laut Wasserstra\u00dfen-und Schifffahrtsamt Ostsee versto\u00dfen auf der Kieler F\u00f6rde Freizeitskipper regelm\u00e4\u00dfig gegen Verkehrsvorschriften.<\/p>\n<p class=\"textauthor\">von Hauke von Hallern<\/p>\n<p>Auf der Kieler F\u00f6rde gibt es ein sogenanntes <strong>Verkehrstrennungsgebiet<\/strong> &#8211; eine Art Autobahn f\u00fcr die Berufsschifffahrt. Eine Fahrtrichtung geht raus auf die Ostsee, die andere rein nach <a href=\"https:\/\/www.ndr.de\/nachrichten\/schleswig-holstein\/Kiel-Aktuelle-Nachrichten-News-und-Videos,kiel7262.html\" title=\"Zum Artikel: Kiel: Aktuelle News und Videos\" target=\"_blank\" rel=\"noopener\">Kiel<\/a>. Doch nach Angaben des Wasserstra\u00dfen und Schifffahrtsamts Ostsee kommt es t\u00e4glich zu Problemen mit Freizeitskippern. Diese kennen nach Angaben der Beh\u00f6rde die Regeln nicht und kreuzen das Gebiet auf H\u00f6he des Leuchtturms unerlaubt. Zum Teil sind sie sogar entgegen der Fahrtrichtung &#8211; sozusagen als Geisterfahrer &#8211; unterwegs.<\/p>\n<p>Hohe Bu\u00dfgelder drohen<\/p>\n<p>Dabei sei es auch zu Beinahezusammenst\u00f6\u00dfen gekommen, hei\u00dft es aus Kreisen der Verkehrslenkung. Besonders viele Verst\u00f6\u00dfe gebe es an langen Wochenenden und bei der Kieler Woche, best\u00e4tigt auch die Wasserschutzpolizei. Verst\u00f6\u00dfe werden mit Bu\u00dfgeldern von bis zu 750 Euro geahndet. Wenn es zus\u00e4tzlich zu einer Gef\u00e4hrdung kommt, handelt sich sich laut Wasserschutzpolizei um eine Straftat, die vor Gericht landet.<\/p>\n<p>Seglerverband weist Verantwortung von sich<\/p>\n<p>Der Seglerverband sieht vor allem unerfahrene Charter-Touristen in der Verantwortung und weniger die Segelvereine. Wer raus fahre, m\u00fcsse sich vorher \u00fcber die Regeln informieren. Und: Boote mit weniger als 15 PS darf man auch ohne Ausbildung fahren. Das k\u00f6nne auf der Kieler F\u00f6rde dann zum Problem werden.<\/p>\n<p>Weitere Informationen<\/p>\n<p><img decoding=\"async\" src=\"https:\/\/www.europesays.com\/de\/wp-content\/uploads\/2025\/06\/gorchfock1208_v-contentgross.jpg\" alt=\"Die Gorch Fock unter vollen  Segeln im Jahr 1976 \u00a9 dpa \/  Picture Alliance Foto: Kurt Scholz\" title=\"Die Gorch Fock unter vollen  Segeln im Jahr 1976\" class=\"responsive\"\/><\/p>\n<p>\nDer &#8222;wei\u00dfe Schwan der Ostsee&#8220; l\u00e4uft 1958 in Hamburg vom Stapel. Seither bereist der Dreimaster mit Kadetten an Bord als Schulschiff der Marine die Weltmeere.<br \/>\n<a title=\"Zum Artikel: &quot;Gorch Fock&quot;: Der &quot;wei\u00dfe Schwan der Ostsee&quot;\" href=\"https:\/\/www.ndr.de\/geschichte\/schiffe\/Gorch-Fock-Der-weisse-Schwan-der-Ostsee,gorchfock16.html\" class=\"cta \" target=\"_blank\" rel=\"noopener\">mehr<\/a>\n<\/p>\n<p><img decoding=\"async\" src=\"https:\/\/www.europesays.com\/de\/wp-content\/uploads\/2025\/06\/mvfoto5422_v-contentgross.jpg\" alt=\"die Sportschule im Warnem\u00fcnder Yachthafen \u00a9 NDR \" title=\"die Sportschule im Warnem\u00fcnder Yachthafen\" class=\"responsive\"\/><\/p>\n<p>\nInsgesamt 27 Millionen Euro hat der Bau der Sportschule gekostet. Sie enth\u00e4lt eine Sporthalle, Bootshalle und Apartments.<br \/>\n<a title=\"Zum Artikel: Nach drei Jahren Bauzeit: Sportschule Warnem\u00fcnde fertig\" href=\"https:\/\/www.ndr.de\/nachrichten\/mecklenburg-vorpommern\/Nach-drei-Jahren-Bauzeit-Sportschule-Warnemuende-fertig,mvregiorostock3458.html\" class=\"cta \" target=\"_blank\" rel=\"noopener\">mehr<\/a>\n<\/p>\n<p><img decoding=\"async\" src=\"https:\/\/www.europesays.com\/de\/wp-content\/uploads\/2025\/06\/mvfoto5208_v-contentgross.jpg\" alt=\"Die Crew vom Akademischen Segelverein Warnem\u00fcnde in ihrem Boot. \u00a9 Deutsche Segel-Bundesliga Foto: Adam Burdylo\" title=\"Die Crew vom Akademischen Segelverein Warnem\u00fcnde in ihrem Boot.\" class=\"responsive\"\/><\/p>\n<p>\nDer Akademische Segelverein Warnem\u00fcnde ist einer von 18 Erstliga-Vereinen die ab Freitag in Kiel starten. Er ist der einzige aus dem Land.<br \/>\n<a title=\"Zum Artikel: Warnem\u00fcnder Verein startet in 1. Segel-Bundesliga\" href=\"https:\/\/www.ndr.de\/nachrichten\/mecklenburg-vorpommern\/rostock\/Warnemuender-Verein-startet-in-1-Segel-Bundesliga,mvregiorostock3322.html\" class=\"cta \" target=\"_blank\" rel=\"noopener\">mehr<\/a>\n<\/p>\n<p>Dieses Thema im Programm:<\/p>\n<p>NDR 1 Welle Nord |<br \/>\nNachrichten f\u00fcr Schleswig-Holstein |<br \/>\n09.06.2025 | 11:00 Uhr<\/p>\n<p><img decoding=\"async\" src=\"https:\/\/www.europesays.com\/de\/wp-content\/uploads\/2025\/03\/ndr_printlogo.gif\" alt=\"NDR Logo\" title=\"NDR Logo\"\/><\/p>\n","protected":false},"excerpt":{"rendered":"Stand: 09.06.2025 15:51 Uhr Die Sommerzeit ist Hoch-Zeit f\u00fcr alle Wassersportler. Doch dabei gibt es immer wieder Probleme.&hellip;\n","protected":false},"author":2,"featured_media":177280,"comment_status":"","ping_status":"","sticky":false,"template":"","format":"standard","meta":{"footnotes":""},"categories":[1852],"tags":[5317,3364,29,548,663,3934,30,13,4949,31705,16187,60002,14,438,15,439,440,83,12,1971,60001],"class_list":{"0":"post-177279","1":"post","2":"type-post","3":"status-publish","4":"format-standard","5":"has-post-thumbnail","7":"category-kiel","8":"tag-bussgeld","9":"tag-de","10":"tag-deutschland","11":"tag-eu","12":"tag-europa","13":"tag-europe","14":"tag-germany","15":"tag-headlines","16":"tag-kiel","17":"tag-kieler-foerde","18":"tag-meer-und-kueste","19":"tag-motorboot","20":"tag-nachrichten","21":"tag-ndr","22":"tag-news","23":"tag-norddeutscher-rundfunk","24":"tag-norddeutschland","25":"tag-radio","26":"tag-schlagzeilen","27":"tag-schleswig-holstein","28":"tag-segelschein"},"share_on_mastodon":{"url":"https:\/\/pubeurope.com\/@de\/114654570367386372","error":""},"_links":{"self":[{"href":"https:\/\/www.europesays.com\/de\/wp-json\/wp\/v2\/posts\/177279","targetHints":{"allow":["GET"]}}],"collection":[{"href":"https:\/\/www.europesays.com\/de\/wp-json\/wp\/v2\/posts"}],"about":[{"href":"https:\/\/www.europesays.com\/de\/wp-json\/wp\/v2\/types\/post"}],"author":[{"embeddable":true,"href":"https:\/\/www.europesays.com\/de\/wp-json\/wp\/v2\/users\/2"}],"replies":[{"embeddable":true,"href":"https:\/\/www.europesays.com\/de\/wp-json\/wp\/v2\/comments?post=177279"}],"version-history":[{"count":0,"href":"https:\/\/www.europesays.com\/de\/wp-json\/wp\/v2\/posts\/177279\/revisions"}],"wp:featuredmedia":[{"embeddable":true,"href":"https:\/\/www.europesays.com\/de\/wp-json\/wp\/v2\/media\/177280"}],"wp:attachment":[{"href":"https:\/\/www.europesays.com\/de\/wp-json\/wp\/v2\/media?parent=177279"}],"wp:term":[{"taxonomy":"category","embeddable":true,"href":"https:\/\/www.europesays.com\/de\/wp-json\/wp\/v2\/categories?post=177279"},{"taxonomy":"post_tag","embeddable":true,"href":"https:\/\/www.europesays.com\/de\/wp-json\/wp\/v2\/tags?post=177279"}],"curies":[{"name":"wp","href":"https:\/\/api.w.org\/{rel}","templated":true}]}}