{"id":177354,"date":"2025-06-09T18:06:17","date_gmt":"2025-06-09T18:06:17","guid":{"rendered":"https:\/\/www.europesays.com\/de\/177354\/"},"modified":"2025-06-09T18:06:17","modified_gmt":"2025-06-09T18:06:17","slug":"das-erwartet-die-zuschauer-in-feuer","status":"publish","type":"post","link":"https:\/\/www.europesays.com\/de\/177354\/","title":{"rendered":"Das erwartet die Zuschauer in \u201eFeuer\u201c"},"content":{"rendered":"<p>\t\tRosa Herzog zieht ins Frauenhaus<br \/>\n\t\t\t\t\tDas erwartet die Zuschauer im neuen Dortmund-Tatort<\/p>\n<p>\t\t<img alt=\"\" src=\"https:\/\/www.europesays.com\/de\/wp-content\/uploads\/2025\/05\/630_0036_451090_.jpg\"  class=\"avatar avatar-36 photo avatar-default\" height=\"36\" width=\"36\" loading=\"lazy\" decoding=\"async\"\/>\t\t<a class=\"article-author__name\" href=\"https:\/\/www.ruhrnachrichten.de\/author\/viktoria-degner\/\" rel=\"author noopener\" target=\"_blank\">Viktoria Degner<\/a><br \/>\n\t\tRedakteurin<\/p>\n<p>\t09.06.2025 20:00 Uhr<\/p>\n<p>\t\tTeilen<\/p>\n<p>\n\tIn Merkliste \u00fcbernehmen\n<\/p>\n<p>    <a href=\"https:\/\/www.ruhrnachrichten.de\/wp-content\/uploads\/2025\/06\/06\/13\/630_0900_4736744_1_Drehstart_Tatort_Dortmund_Feuer-1648x824.jpg\" target=\"_blank\" rel=\"noopener\"><\/p>\n<p>            <img loading=\"lazy\" decoding=\"async\" src=\"https:\/\/www.europesays.com\/de\/wp-content\/uploads\/2025\/06\/630_0900_4736743_1_Drehstart_Tatort_Dortmund_Feuer-640x428.jpg\" width=\"640\" height=\"428\"  alt=\"Ira Klasni\u0107 (Alessija Lause), Peter Faber (J\u00f6rg Hartmann) und Rosa Herzog (Stefanie Reinsperger) an der U-Bahn-Haltestelle Westentor in Dortmund\"\/><\/p>\n<p>    <\/a><br \/>\n    Ira Klasni\u0107 (Alessija Lause), Peter Faber (J\u00f6rg Hartmann) und Rosa Herzog (Stefanie Reinsperger) ermitteln im Tatort &#8222;Feuer&#8220; in einem Fall h\u00e4uslicher Gewalt. \u00a9 WDR\/Pandora Film\/Martin Rottenko<\/p>\n<p class=\"article__teaser-text\">\u201eFeuer\u201c hei\u00dft der neue Tatort aus Dortmund. Der Film zeigt einen Fall h\u00e4uslicher Gewalt. Was sonst noch passiert \u2013 der Krimi im \u00dcberblick.<\/p>\n<p>3 Min Lesezeit<\/p>\n<p>Eine Tat ohne Motiv?<\/p>\n<p>\n\t<a href=\"https:\/\/www.ruhrnachrichten.de\" class=\"button button--brand button--link home-button\" target=\"_blank\" rel=\"noopener\">Zur Startseite<\/a><\/p>\n","protected":false},"excerpt":{"rendered":"Rosa Herzog zieht ins Frauenhaus Das erwartet die Zuschauer im neuen Dortmund-Tatort Viktoria Degner Redakteurin 09.06.2025 20:00 Uhr&hellip;\n","protected":false},"author":2,"featured_media":177355,"comment_status":"","ping_status":"","sticky":false,"template":"","format":"standard","meta":{"footnotes":""},"categories":[1833],"tags":[3364,29,217,30,1209,8299,32039],"class_list":{"0":"post-177354","1":"post","2":"type-post","3":"status-publish","4":"format-standard","5":"has-post-thumbnail","7":"category-dortmund","8":"tag-de","9":"tag-deutschland","10":"tag-dortmund","11":"tag-germany","12":"tag-nordrhein-westfalen","13":"tag-prominent","14":"tag-tatort-dortmund"},"share_on_mastodon":{"url":"https:\/\/pubeurope.com\/@de\/114654739699515213","error":""},"_links":{"self":[{"href":"https:\/\/www.europesays.com\/de\/wp-json\/wp\/v2\/posts\/177354","targetHints":{"allow":["GET"]}}],"collection":[{"href":"https:\/\/www.europesays.com\/de\/wp-json\/wp\/v2\/posts"}],"about":[{"href":"https:\/\/www.europesays.com\/de\/wp-json\/wp\/v2\/types\/post"}],"author":[{"embeddable":true,"href":"https:\/\/www.europesays.com\/de\/wp-json\/wp\/v2\/users\/2"}],"replies":[{"embeddable":true,"href":"https:\/\/www.europesays.com\/de\/wp-json\/wp\/v2\/comments?post=177354"}],"version-history":[{"count":0,"href":"https:\/\/www.europesays.com\/de\/wp-json\/wp\/v2\/posts\/177354\/revisions"}],"wp:featuredmedia":[{"embeddable":true,"href":"https:\/\/www.europesays.com\/de\/wp-json\/wp\/v2\/media\/177355"}],"wp:attachment":[{"href":"https:\/\/www.europesays.com\/de\/wp-json\/wp\/v2\/media?parent=177354"}],"wp:term":[{"taxonomy":"category","embeddable":true,"href":"https:\/\/www.europesays.com\/de\/wp-json\/wp\/v2\/categories?post=177354"},{"taxonomy":"post_tag","embeddable":true,"href":"https:\/\/www.europesays.com\/de\/wp-json\/wp\/v2\/tags?post=177354"}],"curies":[{"name":"wp","href":"https:\/\/api.w.org\/{rel}","templated":true}]}}