{"id":177493,"date":"2025-06-09T19:20:11","date_gmt":"2025-06-09T19:20:11","guid":{"rendered":"https:\/\/www.europesays.com\/de\/177493\/"},"modified":"2025-06-09T19:20:11","modified_gmt":"2025-06-09T19:20:11","slug":"blutige-messerattacke-in-dresden-streit-bei-bushaltestelle-eskaliert-regional","status":"publish","type":"post","link":"https:\/\/www.europesays.com\/de\/177493\/","title":{"rendered":"Blutige Messerattacke in Dresden: Streit bei Bushaltestelle eskaliert | Regional"},"content":{"rendered":"<p>Dresden \u2013 <b>Messer, immer wieder Messergewalt. Diesmal im Dresdner Stadtteil L\u00f6btau im Westen der Stadt. Rund 8500 Einwohner leben hier.<\/b><\/p>\n<p>Drei von ihnen gerieten offenbar in einen Streit. Am Ende war eine meterlange Blutspur auf dem Pflaster zu sehen und eine Person verletzt auf dem Weg ins Krankenhaus.<\/p>\n<p><img decoding=\"async\" width=\"992\" height=\"558\" alt=\"Auf dem Pflaster blieb eine meterlange Blutspur zur\u00fcck\" src=\"https:\/\/www.europesays.com\/de\/wp-content\/uploads\/2025\/06\/2628d10dfff7f31af578d2e5dc4300fe,e43fdb9b\"   class=\"landscape\" loading=\"lazy\"\/><\/p>\n<p class=\"fig__caption__text\">Auf dem Pflaster blieb eine meterlange Blutspur zur\u00fcck<\/p>\n<p>Foto: xcitepress<\/p>\n<p>Messerangriff bei Bushaltestelle<\/p>\n<p><b>Als Tatzeit gab die <\/b><a href=\"https:\/\/www.bild.de\/regional\/aktuelles\/polizei\/polizeieinsatz-alle-infos-76681760.bild.html\" class=\"text-link\" rel=\"nofollow noopener\" target=\"_blank\"><b>Polizei<\/b><\/a><b> 16.45 Uhr an. Tatort: die Tharandter Stra\u00dfe in der N\u00e4he des Netto-Parkplatzes. Eine Bushaltestelle ist in Sichtweite.<\/b><\/p>\n<p>Zu den Beteiligten und dem Opfer und dessen Zustand gibt es noch keine Angaben. Der Anlass der Auseinandersetzung und weitere Details seien noch nicht bekannt, sagte ein Sprecher der Polizei <a href=\"https:\/\/www.bild.de\/regional\/dresden\/dresden-regional\/home-16327670.bild.html\" class=\"text-link\" rel=\"nofollow noopener\" target=\"_blank\">Dresden<\/a>.<\/p>\n<p>Lesen Sie auch<\/p>\n<p><b>Aktuell fahnden die Beamten mit einem gr\u00f6\u00dferen Aufgebot in L\u00f6btau nach den mutma\u00dflichen <\/b><a href=\"https:\/\/www.bild.de\/themen\/specials\/nahkampfwaffen\/news-fotos-videos-17014754.bild.html\" class=\"text-link\" rel=\"nofollow noopener\" target=\"_blank\"><b>Messerstechern<\/b><\/a><b>. Polizeifahrzeuge mit Blaulicht fahren das Areal und die angrenzenden Stra\u00dfen ab. <\/b><\/p>\n","protected":false},"excerpt":{"rendered":"Dresden \u2013 Messer, immer wieder Messergewalt. Diesmal im Dresdner Stadtteil L\u00f6btau im Westen der Stadt. Rund 8500 Einwohner&hellip;\n","protected":false},"author":2,"featured_media":177494,"comment_status":"","ping_status":"","sticky":false,"template":"","format":"standard","meta":{"footnotes":""},"categories":[1835],"tags":[3364,29,2386,30,3263,1981,5514,3262,121,859,45,2624],"class_list":{"0":"post-177493","1":"post","2":"type-post","3":"status-publish","4":"format-standard","5":"has-post-thumbnail","7":"category-dresden","8":"tag-de","9":"tag-deutschland","10":"tag-dresden","11":"tag-germany","12":"tag-krankenhaus","13":"tag-messer","14":"tag-messerstecherei","15":"tag-notarzt","16":"tag-polizei","17":"tag-sachsen","18":"tag-texttospeech","19":"tag-unfaelle"},"share_on_mastodon":{"url":"https:\/\/pubeurope.com\/@de\/114655030441742644","error":""},"_links":{"self":[{"href":"https:\/\/www.europesays.com\/de\/wp-json\/wp\/v2\/posts\/177493","targetHints":{"allow":["GET"]}}],"collection":[{"href":"https:\/\/www.europesays.com\/de\/wp-json\/wp\/v2\/posts"}],"about":[{"href":"https:\/\/www.europesays.com\/de\/wp-json\/wp\/v2\/types\/post"}],"author":[{"embeddable":true,"href":"https:\/\/www.europesays.com\/de\/wp-json\/wp\/v2\/users\/2"}],"replies":[{"embeddable":true,"href":"https:\/\/www.europesays.com\/de\/wp-json\/wp\/v2\/comments?post=177493"}],"version-history":[{"count":0,"href":"https:\/\/www.europesays.com\/de\/wp-json\/wp\/v2\/posts\/177493\/revisions"}],"wp:featuredmedia":[{"embeddable":true,"href":"https:\/\/www.europesays.com\/de\/wp-json\/wp\/v2\/media\/177494"}],"wp:attachment":[{"href":"https:\/\/www.europesays.com\/de\/wp-json\/wp\/v2\/media?parent=177493"}],"wp:term":[{"taxonomy":"category","embeddable":true,"href":"https:\/\/www.europesays.com\/de\/wp-json\/wp\/v2\/categories?post=177493"},{"taxonomy":"post_tag","embeddable":true,"href":"https:\/\/www.europesays.com\/de\/wp-json\/wp\/v2\/tags?post=177493"}],"curies":[{"name":"wp","href":"https:\/\/api.w.org\/{rel}","templated":true}]}}