{"id":17750,"date":"2025-04-09T08:05:08","date_gmt":"2025-04-09T08:05:08","guid":{"rendered":"https:\/\/www.europesays.com\/de\/17750\/"},"modified":"2025-04-09T08:05:08","modified_gmt":"2025-04-09T08:05:08","slug":"champions-league-kommentar-kompany-hats-vermuellert-sport","status":"publish","type":"post","link":"https:\/\/www.europesays.com\/de\/17750\/","title":{"rendered":"Champions League &#8211; Kommentar: Kompany hat&#8217;s verm\u00fcllert! | Sport"},"content":{"rendered":"<p>Kompany hat\u2019s verm\u00fcllert!<\/p>\n<p>War <a href=\"https:\/\/www.bild.de\/sport\/fussball\/champions-league-1-2-gegen-inter-bayern-versaut-sich-das-mueller-maerchen-67f5438838c3276cfc917663\" class=\"text-link\" target=\"_blank\" rel=\"noopener\">das 1:2 gegen Inter<\/a> etwa schon das letzte Champions-League-Heimspiel der <a href=\"https:\/\/www.bild.de\/sport\/fussball\/bayern-muenchen\/startseite-fc-bayern-muenchen-31074450.bild.html\" class=\"text-link\" target=\"_blank\" rel=\"noopener\">Bayern<\/a> in dieser Saison? Kein Halbfinale gegen Bar\u00e7a oder <a href=\"https:\/\/www.bild.de\/sport\/fussball\/borussia-dortmund\/startseite-bvb-31074434.bild.html\" class=\"text-link\" target=\"_blank\" rel=\"noopener\">BVB<\/a>? Kein Finale Dahoam?<\/p>\n<p><b>Um das ganz klar zu sagen: Das Heimspiel gegen Inter Mailand hat Trainer Vincent Kompany (38) verm\u00fcllert!<\/b><\/p>\n<p>Die Bayern-Fans trauten ihren Ohren nicht, als Kompany die Aufstellung von Guerreiro anstelle M\u00fcllers u.a. mit zwei Toren gegen Bochum begr\u00fcndete. Entschuldigung, wegen zwei Toren gegen den Bundesliga-Siebzehnten darf ein Spieler im Champions-League-Viertelfinale gegen den italienischen Tabellenf\u00fchrer ran?<\/p>\n<p>Lesen Sie auch<\/p>\n<p>Kompany schien mit den 3:0- und 2:0-Siegen gegen Leverkusen im Achtelfinale sein Meisterst\u00fcck gemacht zu haben. Pragmatisch und rational &#8211; so wirkten die Entscheidungen des Trainers im bisherigen Saisonverlauf.<\/p>\n<p><a class=\"article-image__anchor\" href=\"https:\/\/debatte.bild.de\/debatte\/gewinnt-bayern-in-mailand-und-kommt-doch-noch-ins-halbfinale?leanId=674721a591f0484bee646df0\" target=\"_blank\" rel=\"noopener\"><img decoding=\"async\" width=\"992\" height=\"186\" alt=\"Teaser-Bild\" src=\"https:\/\/www.europesays.com\/de\/wp-content\/uploads\/2025\/04\/f351c990c6c60bf251caaf159969e22a,3ef1926\"   class=\"dynamic\" loading=\"lazy\"\/><\/a><\/p>\n<p>Foto: BILD Visual<\/p>\n<p>War das jetzt der erste Dickkopf-Anfall? Hat er M\u00fcller auf die Bank gesetzt, um zu unterstreichen, warum die  Entscheidung gegen eine Vertragsverl\u00e4ngerung gefallen ist? M\u00fcller spielt nimmer statt M\u00fcller spielt immer?<\/p>\n<p><b>Zur Erinnerung: Sport-Vorstand Eberl hatte betont, dass das M\u00fcller-Ende von der sportlichen Leitung inklusive des Trainers beschlossen wurde. Kompany hat in diesen Gespr\u00e4chen sehr deutlich gemacht, dass M\u00fcller in seinen Planungen keine Rolle mehr spiele.<\/b><\/p>\n<p>Selbst wenn es Fitness-Gr\u00fcnde gegeben haben sollte, M\u00fcller nicht von Anfang an zu bringen &#8211; wie kann es sein, dass er bei einem 0:1-R\u00fcckstand nicht sp\u00e4testens zu Beginn der 2. Halbzeit kommt? F\u00fcr mehr Offensivgefahr und um das Stadion anzuz\u00fcnden!<\/p>\n<p><b>Dass M\u00fcller dann 16 Minuten reichen, um das einzige Bayern-Tor zu erzielen, l\u00e4sst Kompany bl\u00f6d dastehen.<\/b><\/p>\n<p>Trotz der 1:2-Niederlage ist f\u00fcr Bayern noch alles drin. Der Trainer hat in einer Woche Chance zur Wiedergutmachung. Ein Ausscheiden im Viertelfinale gegen Inter mit einem Finale Dahoam vor Augen w\u00e4re allerdings nach dem fr\u00fchen DFB-Pokal-Aus gegen Leverkusen schon der zweite Wettbewerb, in dem Kompany nicht geliefert h\u00e4tte.<\/p>\n<p>M\u00fcller-Statement vor den TV-Mikros: \u201eIch bin Rekordspieler! 700 Spiele!\u201c<a href=\"https:\/\/www.bild.de\/sport\/fussball\/thomas-mueller-klartext-nach-cl-niederlage-der-bayern-gegen-inter-67f6010003be2d6cccc50d9b\" class=\"anchor\" target=\"_blank\" rel=\"noopener\"><img decoding=\"async\" width=\"992\" height=\"558\" alt=\"Thomas M\u00fcller: Klartext nach CL-Niederlage der Bayern gegen Inter.\" src=\"https:\/\/www.europesays.com\/de\/wp-content\/uploads\/2025\/04\/e45ecb0bfc17a0653897668b7ea1aa65-landscape,31302181\"   class=\"landscape teaser__image\" loading=\"lazy\"\/><\/a><\/p>\n<p>Quelle: SID09.04.2025<\/p>\n","protected":false},"excerpt":{"rendered":"Kompany hat\u2019s verm\u00fcllert! War das 1:2 gegen Inter etwa schon das letzte Champions-League-Heimspiel der Bayern in dieser Saison?&hellip;\n","protected":false},"author":2,"featured_media":17751,"comment_status":"","ping_status":"","sticky":false,"template":"","format":"standard","meta":{"footnotes":""},"categories":[136],"tags":[1263,468,29,458,347,30,9007,11515,8845,5134,265,1576,45],"class_list":{"0":"post-17750","1":"post","2":"type-post","3":"status-publish","4":"format-standard","5":"has-post-thumbnail","7":"category-sport","8":"tag-aufmacher-bereich","9":"tag-champions-league","10":"tag-deutschland","11":"tag-fc-bayern-muenchen","12":"tag-fussball","13":"tag-germany","14":"tag-inter-mailand","15":"tag-kompany-vincent","16":"tag-mueller-thomas","17":"tag-quad-teaser","18":"tag-sport","19":"tag-super-a-teaser","20":"tag-texttospeech"},"share_on_mastodon":{"url":"https:\/\/pubeurope.com\/@de\/114306975349210119","error":""},"_links":{"self":[{"href":"https:\/\/www.europesays.com\/de\/wp-json\/wp\/v2\/posts\/17750","targetHints":{"allow":["GET"]}}],"collection":[{"href":"https:\/\/www.europesays.com\/de\/wp-json\/wp\/v2\/posts"}],"about":[{"href":"https:\/\/www.europesays.com\/de\/wp-json\/wp\/v2\/types\/post"}],"author":[{"embeddable":true,"href":"https:\/\/www.europesays.com\/de\/wp-json\/wp\/v2\/users\/2"}],"replies":[{"embeddable":true,"href":"https:\/\/www.europesays.com\/de\/wp-json\/wp\/v2\/comments?post=17750"}],"version-history":[{"count":0,"href":"https:\/\/www.europesays.com\/de\/wp-json\/wp\/v2\/posts\/17750\/revisions"}],"wp:featuredmedia":[{"embeddable":true,"href":"https:\/\/www.europesays.com\/de\/wp-json\/wp\/v2\/media\/17751"}],"wp:attachment":[{"href":"https:\/\/www.europesays.com\/de\/wp-json\/wp\/v2\/media?parent=17750"}],"wp:term":[{"taxonomy":"category","embeddable":true,"href":"https:\/\/www.europesays.com\/de\/wp-json\/wp\/v2\/categories?post=17750"},{"taxonomy":"post_tag","embeddable":true,"href":"https:\/\/www.europesays.com\/de\/wp-json\/wp\/v2\/tags?post=17750"}],"curies":[{"name":"wp","href":"https:\/\/api.w.org\/{rel}","templated":true}]}}