{"id":177507,"date":"2025-06-09T19:27:11","date_gmt":"2025-06-09T19:27:11","guid":{"rendered":"https:\/\/www.europesays.com\/de\/177507\/"},"modified":"2025-06-09T19:27:11","modified_gmt":"2025-06-09T19:27:11","slug":"naturnahe-kleingaerten-in-leipzig-%c2%b7-leipziger-zeitung","status":"publish","type":"post","link":"https:\/\/www.europesays.com\/de\/177507\/","title":{"rendered":"Naturnahe Kleing\u00e4rten in Leipzig \u00b7 Leipziger Zeitung"},"content":{"rendered":"<p>Regelm\u00e4\u00dfig pr\u00e4miert die Stadt Leipzig Kleing\u00e4rten, die besonders naturnah angelegt sind und bewirtschaftet werden. Der letzte Wettbewerb dieser Art lief 2024. Die Tour l\u00e4dt ein, ausgew\u00e4hlte Gewinnerg\u00e4rten per Rad zu entdecken und mit den G\u00e4rtnerinnen und G\u00e4rtnern \u00fcber ihre Konzepte und Erfahrungen ins Gespr\u00e4ch zu kommen. <\/p>\n<p>Nach einem 30-min\u00fctigen Auftakt in der Wechselausstellung \u201e\u00dcbern Zaun \u2013 G\u00e4rten und Menschen\u201c im Zeitgeschichtlichen Forum Leipzig geht es mit dem eigenen Drahtesel unter anderem in die Kleingartenvereine Ph\u00f6nix, Gr\u00fcne Aue und Sellerhausen.<\/p>\n<p>Die Tour dauert etwa 5 Stunden und ist 20 Kilometer lang. Picknick kann selbst mitgebracht werden, unterwegs gibt es aber auch eine Einkehrm\u00f6glichkeit. Tourleiter ist Michael Berninger, Bildungsreferent beim Stadt-Umland-Landschaftspflegeverband Leipzig Gr\u00fcn e. V.<\/p>\n<p><strong>Samstag, 14. Juni 2025, 14.00 Uhr, Wechselausstellung 3. OG<br \/>Naturnahe Kleing\u00e4rten in Leipzig<br \/>Gef\u00fchrte Radtour<\/strong><\/p>\n<p>In Kooperation mit dem Stadt-Umland-Landschaftspflegeverband Leipzig Gr\u00fcn e. V.<\/p>\n<p>Begleitprogramm zur Ausstellung \u201e\u00dcbern Zaun \u2013 G\u00e4rten und Menschen\u201c<\/p>\n<p>Teilnahme kostenfrei<\/p>\n","protected":false},"excerpt":{"rendered":"Regelm\u00e4\u00dfig pr\u00e4miert die Stadt Leipzig Kleing\u00e4rten, die besonders naturnah angelegt sind und bewirtschaftet werden. Der letzte Wettbewerb dieser&hellip;\n","protected":false},"author":2,"featured_media":177508,"comment_status":"","ping_status":"","sticky":false,"template":"","format":"standard","meta":{"footnotes":""},"categories":[1832],"tags":[2076,3364,29,30,8824,71,5430,859],"class_list":{"0":"post-177507","1":"post","2":"type-post","3":"status-publish","4":"format-standard","5":"has-post-thumbnail","7":"category-leipzig","8":"tag-ausstellung","9":"tag-de","10":"tag-deutschland","11":"tag-germany","12":"tag-kleingarten","13":"tag-leipzig","14":"tag-radtour","15":"tag-sachsen"},"share_on_mastodon":{"url":"https:\/\/pubeurope.com\/@de\/114655057972909752","error":""},"_links":{"self":[{"href":"https:\/\/www.europesays.com\/de\/wp-json\/wp\/v2\/posts\/177507","targetHints":{"allow":["GET"]}}],"collection":[{"href":"https:\/\/www.europesays.com\/de\/wp-json\/wp\/v2\/posts"}],"about":[{"href":"https:\/\/www.europesays.com\/de\/wp-json\/wp\/v2\/types\/post"}],"author":[{"embeddable":true,"href":"https:\/\/www.europesays.com\/de\/wp-json\/wp\/v2\/users\/2"}],"replies":[{"embeddable":true,"href":"https:\/\/www.europesays.com\/de\/wp-json\/wp\/v2\/comments?post=177507"}],"version-history":[{"count":0,"href":"https:\/\/www.europesays.com\/de\/wp-json\/wp\/v2\/posts\/177507\/revisions"}],"wp:featuredmedia":[{"embeddable":true,"href":"https:\/\/www.europesays.com\/de\/wp-json\/wp\/v2\/media\/177508"}],"wp:attachment":[{"href":"https:\/\/www.europesays.com\/de\/wp-json\/wp\/v2\/media?parent=177507"}],"wp:term":[{"taxonomy":"category","embeddable":true,"href":"https:\/\/www.europesays.com\/de\/wp-json\/wp\/v2\/categories?post=177507"},{"taxonomy":"post_tag","embeddable":true,"href":"https:\/\/www.europesays.com\/de\/wp-json\/wp\/v2\/tags?post=177507"}],"curies":[{"name":"wp","href":"https:\/\/api.w.org\/{rel}","templated":true}]}}