{"id":177521,"date":"2025-06-09T19:36:12","date_gmt":"2025-06-09T19:36:12","guid":{"rendered":"https:\/\/www.europesays.com\/de\/177521\/"},"modified":"2025-06-09T19:36:12","modified_gmt":"2025-06-09T19:36:12","slug":"ice-fahrgaeste-warten-in-koeln-fuenf-stunden-in-defektem-zug","status":"publish","type":"post","link":"https:\/\/www.europesays.com\/de\/177521\/","title":{"rendered":"ICE-Fahrg\u00e4ste warten in K\u00f6ln f\u00fcnf Stunden in defektem Zug\u00a0"},"content":{"rendered":"<p>In der Hitze von K\u00f6lnFahrg\u00e4ste mussten f\u00fcnf Stunden in defektem ICE ausharren <img alt=\"Viel Geduld mussten Fahrg\u00e4ste eines liegengebliebenen ICEs haben, der am Montag in K\u00f6ln strandete: Die letzten Fahrg\u00e4ste konnten den Zug erst nach f\u00fcnf Stunden und 20 Minuten verlassen.\" loading=\"lazy\" width=\"940\" height=\"529\" decoding=\"async\" data-nimg=\"1\" class=\"Image_image__SdgLQ Picture_image__vGN9W\" style=\"color:transparent\"   src=\"https:\/\/www.europesays.com\/de\/wp-content\/uploads\/2025\/06\/viel-geduld-mussten-fahrgaste-eines-liegengebliebenen-ices-haben-der-am-montag-in-koln-strandete-die.webp\"\/><\/p>\n<p>Ungl\u00fccklich: Der ICE scheiterte an einer bl\u00f6den Stelle in K\u00f6ln. Verursacher: Ein Ast. <\/p>\n<p>Daniel Evers\/dpa<\/p>\n<p>9. Juni 2025 um 20:50 Uhr<\/p>\n<p class=\"Typography_text-default__wldUd Typography_align-left__koBUM AnnotatedMarkup_paragraph__IUT9l\"><strong>Ein kleines St\u00fcck Holz sorgt mal wieder f\u00fcr Bahn-Chaos!<\/strong> <br \/>Denn ein Ast auf den Schienen stoppt am Montag in K\u00f6ln einen ICE. Die Passagiere brauchten viel Geduld, bis sie den Zug verlassen k\u00f6nnen. Einige Passagiere waren f\u00fcnf (!) hitzige Stunden im Fernverkehrszug eingesperrt.<\/p>\n<p>Es trifft mal wieder den Knotenpunkt K\u00f6ln<\/p>\n<p class=\"Typography_text-default__wldUd Typography_align-left__koBUM AnnotatedMarkup_paragraph__IUT9l\">Erst nach etwa 320 Minuten \u2013 also rund f\u00fcnf Stunden \u2013 h\u00e4tten alle Fahrg\u00e4ste der mehr als 230 Fahrg\u00e4ste den Zug verlassen. Das sagte ein Bahnsprecher auf Anfrage der DPA. Nach seinen Angaben waren einige Reisende \u00fcber die lange Wartezeit so aufgebracht, dass die Polizei gerufen wurde. Vor Ort konnte die Bundespolizei laut einem Sprecher aber keine strafbaren Handlungen feststellen. Die Stimmung am Feiertag legte sich.<\/p>\n<p class=\"Typography_text-default__wldUd Typography_align-left__koBUM AnnotatedMarkup_paragraph__IUT9l\"><strong>Lese-Tipp:<\/strong> <strong><a href=\"https:\/\/www.rtl.de\/cms\/bahn-vorstand-erklaert-warum-die-deutsche-bahn-nie-so-puenktlich-sein-wird-wie-andere-5049708.html\" target=\"_self\" rel=\"noopener\">Bahn-Vorstand erkl\u00e4rt: Warum die Deutsche Bahn nie so p\u00fcnktlich sein wird wie andere Unternehmen<\/a><\/strong><\/p>\n<p>Video-Tipp: Auch diesen kuriosen Bahn-Fall gab es<\/p>\n<p>01:30 min<\/p>\n<p>Deutscher Comedian stinksauer!<\/p>\n<p>DB-Schaffner schmei\u00dft Sohn aus ICE \u2013 trotz Ticket!<\/p>\n<p>Anzeige:<\/p>\n<p>Empfehlungen unserer Partner<\/p>\n<p>Das war der Grund f\u00fcr das DB-Chaos<\/p>\n<p class=\"Typography_text-default__wldUd Typography_align-left__koBUM AnnotatedMarkup_paragraph__IUT9l\">Grund f\u00fcr den Stopp auf freier Strecke zwischen 8 und 9 Uhr war ein Lokschaden, nachdem der Zug gegen einen schweren Ast auf den Schienen gefahren war. Der ICE 527 befand sich auf dem Weg von Dortmund nach M\u00fcnchen.<\/p>\n<p class=\"Typography_text-default__wldUd Typography_align-left__koBUM AnnotatedMarkup_paragraph__IUT9l\">Die lange Wartezeit entstand nach Angaben einer Bahnsprecherin aufgrund der schlechten Zug\u00e4nglichkeit des liegengebliebenen Zuges. So wurden die Passagiere aus dem ersten Zugteil mit Hilfe eines parallel gestellten Zuges und speziellen Br\u00fccken aus dem havarierten ICE geleitet. <strong>Hier begann die Evakuierung gegen 12 Uhr, also knapp vier Stunden nach dem Stopp.<\/strong><\/p>\n<p class=\"Typography_text-default__wldUd Typography_align-left__koBUM AnnotatedMarkup_paragraph__IUT9l\"><strong>Lese-Tipp<\/strong>: <strong><a href=\"https:\/\/www.rtl.de\/leben\/reisen\/urlaub-mit-tui-guenstige-ziele-airline-aerger-hype-um-single-reisen-ceo-sebastian-ebel-im-rtl-verhoer-id4293947.html\" target=\"_self\" rel=\"noopener\">Die g\u00fcnstigsten Ziele, Airline-\u00c4rger, Single-Hype \u2013 der TUI-CEO im RTL-Verh\u00f6r<\/a><\/strong><\/p>\n<p class=\"Typography_text-default__wldUd Typography_align-left__koBUM AnnotatedMarkup_paragraph__IUT9l\">Bei dem anderen Zugteil half die Feuerwehr K\u00f6ln mit Trittleitern. Weil erst die B\u00f6schung freigeschnitten werden musste, begann dort die Evakuierung erst gegen 12.55 Uhr, rund viereinhalb Stunden nach dem Stopp. Diese Passagiere konnten anschlie\u00dfend mit bereitgestellten Bussen zum K\u00f6lner Hauptbahnhof fahren. Die Bahn bat die Reisenden um Entschuldigung. (kfj)<\/p>\n","protected":false},"excerpt":{"rendered":"In der Hitze von K\u00f6lnFahrg\u00e4ste mussten f\u00fcnf Stunden in defektem ICE ausharren Ungl\u00fccklich: Der ICE scheiterte an einer&hellip;\n","protected":false},"author":2,"featured_media":177522,"comment_status":"","ping_status":"","sticky":false,"template":"","format":"standard","meta":{"footnotes":""},"categories":[1828],"tags":[331,338,332,339,2030,29,344,342,343,30,2229,1420,335,329,336,334,341,330,337,333,1209,15095,328,327,12,340],"class_list":{"0":"post-177521","1":"post","2":"type-post","3":"status-publish","4":"format-standard","5":"has-post-thumbnail","7":"category-koeln","8":"tag-aktuelle-nachrichten","9":"tag-aktuelle-nachrichten-auf-einen-blick","10":"tag-aktuelle-news","11":"tag-aktuelle-themen-in-der-welt","12":"tag-deutsche-bahn","13":"tag-deutschland","14":"tag-ems_-news","15":"tag-ems_news_newsausland","16":"tag-ems_news_newsinland","17":"tag-germany","18":"tag-ice","19":"tag-koeln","20":"tag-nachrichten-aus-aller-welt","21":"tag-nachrichten-deutschland","22":"tag-nachrichten-heute","23":"tag-nachrichten-international","24":"tag-nachrichten-usa","25":"tag-news-deutschland","26":"tag-news-heute","27":"tag-news-international","28":"tag-nordrhein-westfalen","29":"tag-rettung","30":"tag-rtl-nachrichten","31":"tag-rtl-news","32":"tag-schlagzeilen","33":"tag-usa-news"},"share_on_mastodon":{"url":"","error":"Validation failed: Text character limit of 500 exceeded"},"_links":{"self":[{"href":"https:\/\/www.europesays.com\/de\/wp-json\/wp\/v2\/posts\/177521","targetHints":{"allow":["GET"]}}],"collection":[{"href":"https:\/\/www.europesays.com\/de\/wp-json\/wp\/v2\/posts"}],"about":[{"href":"https:\/\/www.europesays.com\/de\/wp-json\/wp\/v2\/types\/post"}],"author":[{"embeddable":true,"href":"https:\/\/www.europesays.com\/de\/wp-json\/wp\/v2\/users\/2"}],"replies":[{"embeddable":true,"href":"https:\/\/www.europesays.com\/de\/wp-json\/wp\/v2\/comments?post=177521"}],"version-history":[{"count":0,"href":"https:\/\/www.europesays.com\/de\/wp-json\/wp\/v2\/posts\/177521\/revisions"}],"wp:featuredmedia":[{"embeddable":true,"href":"https:\/\/www.europesays.com\/de\/wp-json\/wp\/v2\/media\/177522"}],"wp:attachment":[{"href":"https:\/\/www.europesays.com\/de\/wp-json\/wp\/v2\/media?parent=177521"}],"wp:term":[{"taxonomy":"category","embeddable":true,"href":"https:\/\/www.europesays.com\/de\/wp-json\/wp\/v2\/categories?post=177521"},{"taxonomy":"post_tag","embeddable":true,"href":"https:\/\/www.europesays.com\/de\/wp-json\/wp\/v2\/tags?post=177521"}],"curies":[{"name":"wp","href":"https:\/\/api.w.org\/{rel}","templated":true}]}}