{"id":177681,"date":"2025-06-09T21:07:14","date_gmt":"2025-06-09T21:07:14","guid":{"rendered":"https:\/\/www.europesays.com\/de\/177681\/"},"modified":"2025-06-09T21:07:14","modified_gmt":"2025-06-09T21:07:14","slug":"jessie-j-offenbart-bislang-schwersten-tag","status":"publish","type":"post","link":"https:\/\/www.europesays.com\/de\/177681\/","title":{"rendered":"Jessie J offenbart bislang schwersten Tag"},"content":{"rendered":"<p style=\"order:0\" class=\"spanFix max-w-[750px] leading-[30px] sm:text-[22px] sm:leading-[38px] sm:text-[22px] sm:leading-[38px]\"><a target=\"_self\" data-google-interstitial=\"true\" href=\"https:\/\/www.promiflash.de\/thema\/jessie-j\/\" rel=\"nofollow noopener\">Jessie J<\/a> (37) hat offen \u00fcber ihren bisher schwersten Tag seit der Diagnose Brustkrebs im Fr\u00fchstadium gesprochen. Auf Instagram teilte sie mit, dass sie von Panikattacken, Tr\u00e4nen und \u00fcberw\u00e4ltigenden Emotionen geplagt wurde. <b>&#8222;Ehrlich gesagt hatte ich gestern meinen bisher schlimmsten Tag seit meiner Diagnose \u2013 und die stressigsten drei Monate seit Jahren. Arbeit. Kleinkind. Krebs. Das Leben und so weiter haben meinen Kopf v\u00f6llig [ausgelaugt]&#8220;<\/b>, schrieb sie. Die 37-J\u00e4hrige, die mit ihrem Partner <a target=\"_self\" data-google-interstitial=\"true\" href=\"https:\/\/www.promiflash.de\/thema\/chanan-colman\/\" rel=\"nofollow noopener\">Chanan Colman<\/a> den zweij\u00e4hrigen Sohn Sky hat, fand Trost in einem unerwarteten Moment: &#8222;Ich habe einen Maiskolben gegessen. Es ist erstaunlich schwer, dabei zu weinen oder panisch zu werden&#8220;, schrieb sie humorvoll.<\/p>\n<p style=\"order:3\" class=\"spanFix max-w-[750px] leading-[30px] sm:text-[22px] sm:leading-[38px] sm:text-[22px] sm:leading-[38px]\">Jessie betonte die Bedeutung, offen \u00fcber Gef\u00fchle zu sprechen, besonders in schwierigen Zeiten wie ihrer Krebsbehandlung. Sie erkl\u00e4rte, dass sie Angst, Traurigkeit und \u00dcberforderung zulassen m\u00fcsse, um sie zu verarbeiten. <b>&#8222;Das Ignorieren l\u00e4sst diese Emotionen nicht verschwinden&#8220;<\/b>, so die S\u00e4ngerin weiter. Dennoch zeigt sie St\u00e4rke, indem sie sich nach solchen Phasen auf kleine Freuden konzentriert: ein Lied h\u00f6ren, das sie aufmuntert, oder mit einem Freund lachen. Jessie bleibt optimistisch und m\u00f6chte nach ihrem bevorstehenden Auftritt beim Summertime Ball am 15. Juni eine anstehende Operation angehen und dabei weiterhin Hoffnung und Humor bewahren.<\/p>\n<p style=\"order:6\" class=\"spanFix max-w-[750px] leading-[30px] sm:text-[22px] sm:leading-[38px] sm:text-[22px] sm:leading-[38px]\">Die Diagnose, die sie <a target=\"_self\" data-google-interstitial=\"true\" href=\"https:\/\/www.promiflash.de\/news\/2025\/06\/04\/bei-jessie-j-wurde-brustkrebs-im-fruehstadium-diagnostiziert.html\" rel=\"nofollow noopener\">vor einigen Wochen erhielt<\/a>, hatte Jessie dazu bewogen, ihr Leben und ihre Priorit\u00e4ten noch st\u00e4rker zu reflektieren. <b>Bereits vor Bekanntwerden ihrer Krankheit sprach sie bei einem Konzert dar\u00fcber, wie wichtig es sei, manchmal an sich selbst zu denken und Freude zu suchen.<\/b> Die Ver\u00f6ffentlichung ihres Songs &#8222;No Secrets&#8220; fiel ironischerweise zeitlich mit der Krebsdiagnose zusammen, was Jessie selbst als dramatische F\u00fcgung beschreibt. Doch trotz der Herausforderungen betont sie, wie wichtig ihr Sohn Sky und ihre Musik f\u00fcr ihre innere St\u00e4rke sind, und sie bleibt entschlossen, den Weg mit einer Kombination aus Ehrlichkeit und Leichtigkeit zu bew\u00e4ltigen.<\/p>\n<p><img class=\"top-0  absolute h-full w-full object-cover\" alt=\"Jessie J und ihr Partner Chanan Colman mit Baby Sky\" width=\"854\" height=\"480\" decoding=\"async\"  loading=\"lazy\" style=\"background-size:cover;background-position:50% 50%;background-repeat:no-repeat;background-image:url(&quot;data:image\/svg+xml;charset=utf-8,%3Csvg xmlns='http:\/\/www.w3.org\/2000\/svg' viewBox='0 0 640 640'%3E%3Cfilter id='b' color-interpolation-filters='sRGB'%3E%3CfeGaussianBlur stdDeviation='20'\/%3E%3CfeColorMatrix values='1 0 0 0 0 0 1 0 0 0 0 0 1 0 0 0 0 0 100 -1' result='s'\/%3E%3CfeFlood x='0' y='0' width='100%25' height='100%25'\/%3E%3CfeComposite operator='out' in='s'\/%3E%3CfeComposite in2='SourceGraphic'\/%3E%3CfeGaussianBlur stdDeviation='20'\/%3E%3C\/filter%3E%3Cimage width='100%25' height='100%25' x='0' y='0' preserveAspectRatio='none' style='filter: url(%23b);' href='data:image\/png;base64,iVBORw0KGgoAAAANSUhEUgAAABAAAAAQCAYAAAAf8\/9hAAAEG0lEQVR4AQEQBO\/7AMzFsv\/OyLX\/1tC8\/9\/axf\/m4sz\/6ubQ\/+jkz\/\/i3Mn\/19C+\/8zCsf\/DtKP\/v6yY\/8Grkv\/JsJH\/0beT\/9e9lv8AycKw\/8zGs\/\/Uzrr\/3djD\/+Xgyv\/p5M7\/5+LN\/+Daxv\/Vzbv\/yb6u\/7+xoP+8qJX\/vqiP\/8atjv\/PtJH\/1bqU\/wDEvKr\/x7+t\/8\/Itf\/Z077\/4dvF\/+Tfyf\/i3Mf\/2tPA\/87FtP\/BtaX\/tqaW\/7Kdiv+1nYT\/vqSF\/8itif\/QtY3\/ALuyov++tqX\/yMCt\/9PLt\/\/b1L7\/39fC\/9zUv\/\/Sybb\/xLmo\/7Sml\/+olYb\/o4x5\/6iNdP+zl3f\/v6N9\/8isg\/8Asaia\/7Wsnf+\/tqb\/y8Kw\/9XLt\/\/Yzrr\/1Mq2\/8q+rP+5q5z\/ppSH\/5iAc\/+SdmT\/mXtg\/6eJZv+2mHH\/waR5\/wCon5T\/rKSY\/7ivof\/Fu6v\/z8Sy\/9LHtf\/OwbD\/wrOj\/6+ekP+ahHn\/iWxg\/4NgTv+MaEz\/nXxY\/66QZ\/+6nXL\/AKGak\/+mn5f\/sqqg\/8C3qv\/LwLH\/zsKz\/8q8rf+9rJ\/\/qZWK\/5J4b\/9\/XVP\/eVE+\/4RdP\/+XdVD\/qotj\/7iacf8AnpqX\/6Ofm\/+wqqP\/vrat\/8m\/tP\/NwbX\/yLqv\/7uqoP+nkov\/kHVv\/35aUv95Tj3\/hFxA\/5h1U\/+rjGf\/uJx1\/wCenp7\/pKKh\/7Ctqv++ubP\/ycG6\/83Du\/\/JvLT\/vK2m\/6qWkf+Ue3b\/g2Jb\/39ZSf+JZUz\/nHxd\/6+ScP+7oH3\/AKGjpf+mqKn\/srKx\/7+9uv\/KxcH\/zsfC\/8vBvP+\/s67\/rp6Z\/5uFgP+Mb2j\/iGdY\/5FxWv+ihWj\/s5h5\/7+lhf8ApKmr\/6itrv+0trf\/wcLA\/8vKx\/\/QzMj\/zcbD\/8K5tv+zpqL\/oY+K\/5N8dP+PdGX\/l3tl\/6aMcP+1nX\/\/wKmK\/wClrK7\/qrCy\/7W6uv\/CxcT\/zM3L\/9DQzf\/Oy8j\/xL+7\/7Wsqf+ll5L\/l4R8\/5N8bf+agWv\/p5B0\/7Wfgf+\/qov\/AKatrv+qsbL\/tbu7\/8HHxf\/L0M3\/0NPP\/87Py\/\/Ew7\/\/trGt\/6Wblv+YiH\/\/k39v\/5iCa\/+kj3P\/sZ5+\/7qpiP8ApKur\/6iwr\/+zurn\/wMfE\/8rRzP\/O1ND\/zNDM\/8PFwP+0sq7\/o52X\/5WJf\/+OfW3\/koBn\/52Mbf+qmnj\/s6WB\/wCiqaf\/pq2r\/7G5tv++xsL\/yNDL\/83Vz\/\/K0cv\/wcXA\/7Gzrf+fnJb\/kIZ9\/4h6af+Le2D\/loZl\/6KVb\/+roHj\/AKCmpP+kq6j\/r7ez\/7zFv\/\/G0Mn\/y9TO\/8jRyv+\/xb\/\/r7Kt\/5yblf+LhHv\/gnZl\/4R2Wv+Pgl7\/nJBo\/6Wbcf9mu\/ayQegkwAAAAABJRU5ErkJggg=='\/%3E%3C\/svg%3E&quot;)\" src=\"https:\/\/www.europesays.com\/de\/wp-content\/uploads\/2025\/06\/jessie-j-und-ihr-partner-chanan-colman-mit-baby-sky.jpg\" fetchpriority=\"auto\"\/>Instagram \/ jessiej<img decoding=\"async\" alt=\"Bilder Gallerie Button\" class=\"absolute bottom-[7px] right-[3px] w-[54px] h-[54px] group-hover:scale-110 transition-transform duration-300\" src=\"https:\/\/www.europesays.com\/de\/wp-content\/uploads\/2025\/03\/galerie_button.png\" loading=\"lazy\"\/>Jessie J und ihr Partner Chanan Colman mit Baby Sky<img class=\"top-0  absolute h-full w-full object-cover\" alt=\"Jessie J, Juni 2025\" width=\"854\" height=\"480\" decoding=\"async\"  loading=\"lazy\" style=\"background-size:cover;background-position:50% 50%;background-repeat:no-repeat;background-image:url(&quot;data:image\/svg+xml;charset=utf-8,%3Csvg xmlns='http:\/\/www.w3.org\/2000\/svg' viewBox='0 0 640 640'%3E%3Cfilter id='b' color-interpolation-filters='sRGB'%3E%3CfeGaussianBlur stdDeviation='20'\/%3E%3CfeColorMatrix values='1 0 0 0 0 0 1 0 0 0 0 0 1 0 0 0 0 0 100 -1' result='s'\/%3E%3CfeFlood x='0' y='0' width='100%25' height='100%25'\/%3E%3CfeComposite operator='out' in='s'\/%3E%3CfeComposite in2='SourceGraphic'\/%3E%3CfeGaussianBlur stdDeviation='20'\/%3E%3C\/filter%3E%3Cimage width='100%25' height='100%25' x='0' y='0' preserveAspectRatio='none' style='filter: url(%23b);' href='data:image\/png;base64,iVBORw0KGgoAAAANSUhEUgAAABAAAAAQCAYAAAAf8\/9hAAAEG0lEQVR4AQEQBO\/7ACNWcv86WHL\/YFxx\/4Nib\/+fZ23\/tWtp\/8NtZv\/LbWL\/y2xg\/8ZpYP+7aGL\/rGdm\/5pna\/+HaHH\/dmp2\/2lref8AJVZy\/ztYcv9fW3D\/gWBu\/51la\/+yaWj\/wGtk\/8hrYP\/Ial7\/w2hd\/7hmYP+qZmT\/mWZq\/4ZocP92anb\/aWx5\/wAqVnL\/PVdx\/11ab\/98Xmz\/lmFo\/6pkZP+4ZV\/\/v2Va\/79kV\/+7Y1j\/sWNb\/6RkYf+UZmj\/hGhv\/3Vrdf9rbXn\/ADBVcf8+VnH\/Wlhu\/3Zaav+OXGX\/oF5e\/61eWP+zXlL\/tF5P\/7BeT\/+oX1T\/nGJc\/49lZP+BaW3\/dW10\/2xveP8AM1Zy\/z9Wcf9XV27\/cFhp\/4ZZYv+YWVr\/pFpS\/6paSv+sWkf\/qFtI\/6FeTv+XYlf\/i2Zi\/39rbP90b3P\/bXF4\/wA0WHP\/P1hy\/1ZYb\/9uWWn\/hFpi\/5VaWf+hWlD\/qFpH\/6pbQ\/+oXUT\/oWBL\/5dkVf+LaWH\/f21s\/3RxdP9sc3r\/ADBbdv89W3X\/V1xy\/3FebP+IX2X\/m2Bd\/6hhVP+wYkv\/s2NG\/7BkR\/+pZ03\/nmlX\/5FtY\/+CcG7\/dHN2\/2l1fP8AK195\/zxfeP9aYnX\/eGVx\/5Joa\/+na2T\/tm1c\/79uVP\/Cb0\/\/v29P\/7dwU\/+qcVz\/mnJn\/4dzcf91dXn\/Z3Z\/\/wAmY3v\/O2R7\/19oef+BbHb\/nnFy\/7V2bP\/GeWb\/0Htf\/9N7Wv\/Peln\/xnlc\/7d4Y\/+kd2v\/jnd1\/3h3fP9md4H\/ACdmff8\/aH3\/Zm18\/4pzev+penf\/wn9z\/9ODbv\/dhWj\/4IVk\/9yEYv\/SgWP\/wn9o\/618cP+Venf\/fXl+\/2l4g\/8AMGl9\/0Zrff9scH3\/kXh8\/7B\/ev\/JhXf\/2olz\/+WLbv\/oi2r\/44lo\/9mGaP\/Jg2z\/tH9y\/5x9ef+Ee3\/\/cXqD\/wA+anv\/UGx7\/3JyfP+UeXv\/soF6\/8qHeP\/ai3T\/5I1w\/+eMbP\/jimr\/2Ydq\/8mEbf+2gXL\/oX54\/419fv99fIL\/AE5qeP9bbHj\/dnF4\/5R4eP+vf3f\/xIR1\/9OIcf\/ciW7\/3olq\/9qHaP\/RhWj\/xIJr\/7WAcP+lf3X\/ln97\/4t\/fv8AXGlz\/2Vqc\/96b3P\/kXRy\/6d6cf+5f2\/\/xoFr\/82CaP\/OgmT\/y4Fj\/8V\/Y\/+7fmb\/sX5r\/6Z\/cf+egHb\/mIF6\/wBoZ27\/bWlu\/3xsbf+OcGz\/n3Rq\/6x3Z\/+2eWT\/u3pg\/7x5Xf+6eVz\/tXld\/7B6Yf+rfGf\/p39t\/6SCcv+jhHb\/AG9mav9zZ2r\/fWlp\/4psaP+Xb2X\/oXFh\/6hyXf+sclr\/rHJX\/6tyVv+pdFj\/p3Zd\/6Z6Y\/+nf2n\/qYNv\/6qFcv8NWm04hHR+gAAAAABJRU5ErkJggg=='\/%3E%3C\/svg%3E&quot;)\" src=\"https:\/\/www.europesays.com\/de\/wp-content\/uploads\/2025\/06\/jessie-j-schaut-ernst-5.jpg\" fetchpriority=\"auto\"\/>Instagram \/ jessiej<img decoding=\"async\" alt=\"Bilder Gallerie Button\" class=\"absolute bottom-[7px] right-[3px] w-[54px] h-[54px] group-hover:scale-110 transition-transform duration-300\" src=\"https:\/\/www.europesays.com\/de\/wp-content\/uploads\/2025\/03\/galerie_button.png\" loading=\"lazy\"\/>Jessie J, Juni 2025<\/p>\n","protected":false},"excerpt":{"rendered":"Jessie J (37) hat offen \u00fcber ihren bisher schwersten Tag seit der Diagnose Brustkrebs im Fr\u00fchstadium gesprochen. Auf&hellip;\n","protected":false},"author":2,"featured_media":177682,"comment_status":"","ping_status":"","sticky":false,"template":"","format":"standard","meta":{"footnotes":""},"categories":[1776],"tags":[1801,29,214,30,1802,215],"class_list":{"0":"post-177681","1":"post","2":"type-post","3":"status-publish","4":"format-standard","5":"has-post-thumbnail","7":"category-prominente","8":"tag-celebrities","9":"tag-deutschland","10":"tag-entertainment","11":"tag-germany","12":"tag-prominente","13":"tag-unterhaltung"},"share_on_mastodon":{"url":"https:\/\/pubeurope.com\/@de\/114655451198786849","error":""},"_links":{"self":[{"href":"https:\/\/www.europesays.com\/de\/wp-json\/wp\/v2\/posts\/177681","targetHints":{"allow":["GET"]}}],"collection":[{"href":"https:\/\/www.europesays.com\/de\/wp-json\/wp\/v2\/posts"}],"about":[{"href":"https:\/\/www.europesays.com\/de\/wp-json\/wp\/v2\/types\/post"}],"author":[{"embeddable":true,"href":"https:\/\/www.europesays.com\/de\/wp-json\/wp\/v2\/users\/2"}],"replies":[{"embeddable":true,"href":"https:\/\/www.europesays.com\/de\/wp-json\/wp\/v2\/comments?post=177681"}],"version-history":[{"count":0,"href":"https:\/\/www.europesays.com\/de\/wp-json\/wp\/v2\/posts\/177681\/revisions"}],"wp:featuredmedia":[{"embeddable":true,"href":"https:\/\/www.europesays.com\/de\/wp-json\/wp\/v2\/media\/177682"}],"wp:attachment":[{"href":"https:\/\/www.europesays.com\/de\/wp-json\/wp\/v2\/media?parent=177681"}],"wp:term":[{"taxonomy":"category","embeddable":true,"href":"https:\/\/www.europesays.com\/de\/wp-json\/wp\/v2\/categories?post=177681"},{"taxonomy":"post_tag","embeddable":true,"href":"https:\/\/www.europesays.com\/de\/wp-json\/wp\/v2\/tags?post=177681"}],"curies":[{"name":"wp","href":"https:\/\/api.w.org\/{rel}","templated":true}]}}