{"id":177687,"date":"2025-06-09T21:11:20","date_gmt":"2025-06-09T21:11:20","guid":{"rendered":"https:\/\/www.europesays.com\/de\/177687\/"},"modified":"2025-06-09T21:11:20","modified_gmt":"2025-06-09T21:11:20","slug":"frueherer-popstar-lebte-obdachlos-im-bahnhofsviertel","status":"publish","type":"post","link":"https:\/\/www.europesays.com\/de\/177687\/","title":{"rendered":"Fr\u00fcherer Popstar lebte obdachlos im Bahnhofsviertel"},"content":{"rendered":"<p>Geheimnis gel\u00fcftet <\/p>\n<p>Marc Terenzi war einer der Obdachlosen des Bahnhofsviertels<\/p>\n<p>Aktualisiert am 09.06.2025 &#8211; 12:31 UhrLesedauer: 2 Min.<\/p>\n<p><a href=\"#focus-0\" class=\"transition-colors duration-200 focus-within:text-magenta block text-current relative\" data-sctrack=\"FocusGalleryImage.Reference\"><img fetchpriority=\"high\" data-testid=\"Opener.Image\" style=\"--lqipURL:url('https:\/\/images.t-online.de\/2025\/01\/w14Jbaye0h0B\/508x491:2985x1679\/fit-in\/150x0\/filters:blur(25)\/marc-terenzi-bei-einer-gerichtsverhandlung-archivfoto.jpg')\"   loading=\"eager\" src=\"https:\/\/www.europesays.com\/de\/wp-content\/uploads\/2025\/06\/marc-terenzi-bei-einer-gerichtsverhandlung-archivfoto.jpg\" alt=\"Marc Terenzi bei einer Gerichtsverhandlung. (Archivfoto)\" title=\"Marc Terenzi bei einer Gerichtsverhandlung. (Archivfoto)\" width=\"2985\" height=\"1679\" class=\"bg-[url:var(--lqipURL)] bg-cover bg-center flex w-full max-w-full h-full\" decoding=\"async\"\/><img style=\"--width:32;--height:32\" loading=\"lazy\" src=\"https:\/\/www.europesays.com\/de\/wp-content\/uploads\/2025\/04\/1745049674_75_zoom-in.f7dae02f.svg.svg+xml\" alt=\"Vergr\u00f6\u00dfern des Bildes\" title=\"Vergr\u00f6\u00dfern des Bildes\" class=\"&#10;        block&#10;        h-[calc(var(--height)_\/_16_*_1rem)]&#10;        w-[calc(var(--width)_\/_16_*_1rem)]&#10;        max-w-none&#10;        absolute bottom-8 right-8 rounded-4 bg-snow p-8\" decoding=\"async\"\/><\/a><\/p>\n<p>Marc Terenzi bei einer Gerichtsverhandlung. (Archivfoto) (Quelle: IMAGO\/Matthias Wehnert\/imago)<\/p>\n<p class=\"font-bold text-18 leading-17\">Mitten im ber\u00fcchtigten Frankfurter Bahnhofsviertel musste Marc Terenzi auf der Stra\u00dfe leben. Nun spricht der S\u00e4nger \u00fcber seine Zeit am Tiefpunkt.<\/p>\n<p class=\"text-18 leading-17\">Das Frankfurter Bahnhofsviertel wurde einmal zur letzten Zuflucht f\u00fcr Marc Terenzi. Mit einer T\u00fcte \u00fcber dem Kopf, damit ihn niemand erkennt, streifte der einstige Popstar durch Deutschlands bekanntesten Problemkiez.<\/p>\n<p class=\"text-18 leading-17\">&#8222;Da gab es eine Zeit in meinem Leben, da habe ich gar nichts gehabt&#8220;, erkl\u00e4rt der S\u00e4nger in einem Interview mit RTL. Nach der Trennung von seiner damaligen Freundin Myriel Brechtel im November 2015 sei der fr\u00fchere Popstar im Bahnhofsviertel gelandet. Der Grund f\u00fcr seinen Absturz: seine Alkohol- und Drogensucht.<\/p>\n<p class=\"text-18 leading-17\">Terenzi, heute Reality-Star, war fr\u00fcher Mitglied der Boygroup Natural, sp\u00e4ter nahm er am &#8222;Dschungelcamp&#8220; teil und gewann de Show. Sechs Jahre war er mit der Pops\u00e4ngerin Sara Conner verheiratet, die beiden haben eine gemeinsame Tochter.<\/p>\n<p class=\"text-18 leading-17\">Im Frankfurter Brennpunkt habe er 2015 die Schattenseiten des Ruhms erlebt. Terenzis vermeintlichen Freunde lie\u00dfen ihn im Stich. &#8222;Die haben mich ausgenutzt, um einen guten Abend zu haben&#8220;, sagt Terenzi heute. Niemand bot ihm einen Schlafplatz an.<\/p>\n<p class=\"text-18 leading-17\">Ausgerechnet im Bahnhofsviertel wurde seine Sucht zum \u00dcberlebensmodus: &#8222;Einen Platz zum Wohnen hatte ich nicht, kein Essen. Aber ich kriegte Kokain und Alkohol umsonst \u00fcberall&#8220;, berichtet der dreifache Vater. &#8222;Ich bin in einen Club gegangen und habe umsonst Alkohol bekommen. Aber kein Essen! Das ist sehr hart. Ein harter Moment.&#8220;<\/p>\n<p class=\"text-18 leading-17\">Inzwischen hat Terenzi sein Leben wieder im Griff. Im vergangenen Sommer machte er einen zweimonatigen Entzug, wurde dabei von seiner Ex-Frau Sarah Connor unterst\u00fctzt. Nach einem R\u00fcckfall schaffte er erneut den Absprung. Heute setzt er auf Sport und Meditation \u2013 und hat echte Freunde gefunden, die ihm den R\u00fccken st\u00e4rken.<\/p>\n<p class=\"text-18 leading-17\">Terenzi hielt sich in einem Brennpunkt der Hessen-Metropole auf: Das Drogenreferat der Stadt Frankfurt sch\u00e4tzt die Drogenszene im Bahnhofsviertel auf etwa 3.300 Menschen, die Konsumr\u00e4ume nutzen. Etwa 300 von ihnen halten sich regelm\u00e4\u00dfig im Bahnhofsviertel auf.<\/p>\n","protected":false},"excerpt":{"rendered":"Geheimnis gel\u00fcftet Marc Terenzi war einer der Obdachlosen des Bahnhofsviertels Aktualisiert am 09.06.2025 &#8211; 12:31 UhrLesedauer: 2 Min.&hellip;\n","protected":false},"author":2,"featured_media":177688,"comment_status":"","ping_status":"","sticky":false,"template":"","format":"standard","meta":{"footnotes":""},"categories":[1772],"tags":[3176,7025,29,433,214,2051,7029,30,12196,13269,1779,810,60119,60121,60120,215],"class_list":{"0":"post-177687","1":"post","2":"type-post","3":"status-publish","4":"format-standard","5":"has-post-thumbnail","7":"category-musik","8":"tag-3176","9":"tag-bahnhofsviertel","10":"tag-deutschland","11":"tag-drogen","12":"tag-entertainment","13":"tag-frankfurt-am-main","14":"tag-frankfurt-bahnhofsviertel","15":"tag-germany","16":"tag-ich-bin-ein-star-holt-mich-hier-raus","17":"tag-marc-terenzi","18":"tag-music","19":"tag-musik","20":"tag-myriel-brechtel","21":"tag-sara-conner","22":"tag-tiefpunkt","23":"tag-unterhaltung"},"share_on_mastodon":{"url":"https:\/\/pubeurope.com\/@de\/114655466940784678","error":""},"_links":{"self":[{"href":"https:\/\/www.europesays.com\/de\/wp-json\/wp\/v2\/posts\/177687","targetHints":{"allow":["GET"]}}],"collection":[{"href":"https:\/\/www.europesays.com\/de\/wp-json\/wp\/v2\/posts"}],"about":[{"href":"https:\/\/www.europesays.com\/de\/wp-json\/wp\/v2\/types\/post"}],"author":[{"embeddable":true,"href":"https:\/\/www.europesays.com\/de\/wp-json\/wp\/v2\/users\/2"}],"replies":[{"embeddable":true,"href":"https:\/\/www.europesays.com\/de\/wp-json\/wp\/v2\/comments?post=177687"}],"version-history":[{"count":0,"href":"https:\/\/www.europesays.com\/de\/wp-json\/wp\/v2\/posts\/177687\/revisions"}],"wp:featuredmedia":[{"embeddable":true,"href":"https:\/\/www.europesays.com\/de\/wp-json\/wp\/v2\/media\/177688"}],"wp:attachment":[{"href":"https:\/\/www.europesays.com\/de\/wp-json\/wp\/v2\/media?parent=177687"}],"wp:term":[{"taxonomy":"category","embeddable":true,"href":"https:\/\/www.europesays.com\/de\/wp-json\/wp\/v2\/categories?post=177687"},{"taxonomy":"post_tag","embeddable":true,"href":"https:\/\/www.europesays.com\/de\/wp-json\/wp\/v2\/tags?post=177687"}],"curies":[{"name":"wp","href":"https:\/\/api.w.org\/{rel}","templated":true}]}}