{"id":177792,"date":"2025-06-09T22:13:10","date_gmt":"2025-06-09T22:13:10","guid":{"rendered":"https:\/\/www.europesays.com\/de\/177792\/"},"modified":"2025-06-09T22:13:10","modified_gmt":"2025-06-09T22:13:10","slug":"tennis-in-stuttgart-der-rundumschlag-des-alexander-zverev-sport","status":"publish","type":"post","link":"https:\/\/www.europesays.com\/de\/177792\/","title":{"rendered":"Tennis in Stuttgart: Der Rundumschlag des Alexander Zverev &#8211; Sport"},"content":{"rendered":"<p>Bei seinem ersten \u00f6ffentlichen Auftritt beim Rasenturnier in Stuttgart attackiert der Tennisstar die Legende Boris Becker nach dessen Kritik massiv.<\/p>\n<p><a href=\"https:\/\/www.esslinger-zeitung.de\/thema\/Boris_Becker\" title=\"Boris Becker\" class=\"art_thema\" rel=\"nofollow noopener\" target=\"_blank\">Boris Becker<\/a> wird an diesem Dienstagabend auf der Anlage des TC <a href=\"https:\/\/www.esslinger-zeitung.de\/thema\/Wei%C3%9Fenhof\" title=\"Weissenhof\" class=\"art_thema\" rel=\"nofollow noopener\" target=\"_blank\">Weissenhof<\/a> als Stargast erwartet. <a href=\"https:\/\/www.esslinger-zeitung.de\/thema\/Alexander_Zverev\" title=\"Alexander Zverev\" class=\"art_thema\" rel=\"nofollow noopener\" target=\"_blank\">Alexander Zverev<\/a> ist seit dem sp\u00e4ten Montagnachmittag schon in Stuttgart. Klar ist seit Zverevs erstem \u00f6ffentlichen Auftritt im Rahmen der Boss Open auf dem Killesberg: Es g\u00e4be einiges zu bereden zwischen der Tennislegende und dem Weltranglisten-Dritten \u2013 wenn die beiden denn noch miteinander reden.<\/p>\n","protected":false},"excerpt":{"rendered":"Bei seinem ersten \u00f6ffentlichen Auftritt beim Rasenturnier in Stuttgart attackiert der Tennisstar die Legende Boris Becker nach dessen&hellip;\n","protected":false},"author":2,"featured_media":177793,"comment_status":"","ping_status":"","sticky":false,"template":"","format":"standard","meta":{"footnotes":"","_share_on_mastodon":"0"},"categories":[1830],"tags":[10329,1634,5790,42509,46160,3364,29,20798,30,13008,7400,1441,58928],"class_list":["post-177792","post","type-post","status-publish","format-standard","has-post-thumbnail","category-stuttgart","tag-alexander-zverev","tag-baden-wuerttemberg","tag-boris-becker","tag-boss-open","tag-carlos-alcaraz","tag-de","tag-deutschland","tag-french-open","tag-germany","tag-novak-djokovic","tag-sportmeldungen","tag-stuttgart","tag-weissenhof"],"share_on_mastodon":{"url":"https:\/\/pubeurope.com\/@de\/114655710727527697","error":""},"_links":{"self":[{"href":"https:\/\/www.europesays.com\/de\/wp-json\/wp\/v2\/posts\/177792","targetHints":{"allow":["GET"]}}],"collection":[{"href":"https:\/\/www.europesays.com\/de\/wp-json\/wp\/v2\/posts"}],"about":[{"href":"https:\/\/www.europesays.com\/de\/wp-json\/wp\/v2\/types\/post"}],"author":[{"embeddable":true,"href":"https:\/\/www.europesays.com\/de\/wp-json\/wp\/v2\/users\/2"}],"replies":[{"embeddable":true,"href":"https:\/\/www.europesays.com\/de\/wp-json\/wp\/v2\/comments?post=177792"}],"version-history":[{"count":0,"href":"https:\/\/www.europesays.com\/de\/wp-json\/wp\/v2\/posts\/177792\/revisions"}],"wp:featuredmedia":[{"embeddable":true,"href":"https:\/\/www.europesays.com\/de\/wp-json\/wp\/v2\/media\/177793"}],"wp:attachment":[{"href":"https:\/\/www.europesays.com\/de\/wp-json\/wp\/v2\/media?parent=177792"}],"wp:term":[{"taxonomy":"category","embeddable":true,"href":"https:\/\/www.europesays.com\/de\/wp-json\/wp\/v2\/categories?post=177792"},{"taxonomy":"post_tag","embeddable":true,"href":"https:\/\/www.europesays.com\/de\/wp-json\/wp\/v2\/tags?post=177792"}],"curies":[{"name":"wp","href":"https:\/\/api.w.org\/{rel}","templated":true}]}}