{"id":177926,"date":"2025-06-09T23:27:10","date_gmt":"2025-06-09T23:27:10","guid":{"rendered":"https:\/\/www.europesays.com\/de\/177926\/"},"modified":"2025-06-09T23:27:10","modified_gmt":"2025-06-09T23:27:10","slug":"dortmund-vermisster-junge-mit-einhandmesser-am-hauptbahnhof-regional","status":"publish","type":"post","link":"https:\/\/www.europesays.com\/de\/177926\/","title":{"rendered":"Dortmund: Vermisster Junge mit Einhandmesser am Hauptbahnhof | Regional"},"content":{"rendered":"<p>Dortmund \u2013 <b>Ein junger Deutscher hat in der Nacht vom 07. auf den 08. Juni am Dortmunder Hauptbahnhof die Aufmerksamkeit der Polizei auf sich gezogen.<\/b><\/p>\n<p>Gegen 01:30 Uhr bemerkte eine Streife den Jungen aufgrund seines kindlichen Aussehens. Bei der \u00dcberpr\u00fcfung stellten die Beamten fest, dass er als vermisst gemeldet war. Die Polizisten nahmen ihn in Gewahrsam und durchsuchten ihn zu ihrer eigenen Sicherheit.<\/p>\n<p>Auch interessant<\/p>\n<p>Anzeige<\/p>\n<p>Auch interessant<\/p>\n<p>Anzeige<\/p>\n<p>Dabei entdeckten sie ein Einhandmesser, das sofort beschlagnahmt wurde. Dieses Messer kann einh\u00e4ndig ge\u00f6ffnet und geschlossen werden, was es besonders gef\u00e4hrlich macht.<\/p>\n<p>Da der Junge in einer Wohngruppe lebt, wurde der gesetzliche Vertreter von der Bundespolizei \u00fcber den Vorfall informiert. Aufgrund seines Alters von 13 Jahren f\u00fchrten die Beamten eine Gef\u00e4hrderansprache durch und kl\u00e4rten ihn \u00fcber die Risiken des sp\u00e4ten Aufenthalts am Bahnhof auf.<\/p>\n<p>Dieser Text basiert auf einer offiziellen Beh\u00f6rden-Information und wurde mit Hilfe von KI erstellt.<\/p>\n","protected":false},"excerpt":{"rendered":"Dortmund \u2013 Ein junger Deutscher hat in der Nacht vom 07. auf den 08. Juni am Dortmunder Hauptbahnhof&hellip;\n","protected":false},"author":2,"featured_media":159286,"comment_status":"","ping_status":"","sticky":false,"template":"","format":"standard","meta":{"footnotes":""},"categories":[1833],"tags":[3364,29,217,30,2509,1209,121,45,1995,119],"class_list":{"0":"post-177926","1":"post","2":"type-post","3":"status-publish","4":"format-standard","5":"has-post-thumbnail","7":"category-dortmund","8":"tag-de","9":"tag-deutschland","10":"tag-dortmund","11":"tag-germany","12":"tag-ki-ots","13":"tag-nordrhein-westfalen","14":"tag-polizei","15":"tag-texttospeech","16":"tag-verbrechen","17":"tag-vermisste-personen"},"share_on_mastodon":{"url":"https:\/\/pubeurope.com\/@de\/114656001630269236","error":""},"_links":{"self":[{"href":"https:\/\/www.europesays.com\/de\/wp-json\/wp\/v2\/posts\/177926","targetHints":{"allow":["GET"]}}],"collection":[{"href":"https:\/\/www.europesays.com\/de\/wp-json\/wp\/v2\/posts"}],"about":[{"href":"https:\/\/www.europesays.com\/de\/wp-json\/wp\/v2\/types\/post"}],"author":[{"embeddable":true,"href":"https:\/\/www.europesays.com\/de\/wp-json\/wp\/v2\/users\/2"}],"replies":[{"embeddable":true,"href":"https:\/\/www.europesays.com\/de\/wp-json\/wp\/v2\/comments?post=177926"}],"version-history":[{"count":0,"href":"https:\/\/www.europesays.com\/de\/wp-json\/wp\/v2\/posts\/177926\/revisions"}],"wp:featuredmedia":[{"embeddable":true,"href":"https:\/\/www.europesays.com\/de\/wp-json\/wp\/v2\/media\/159286"}],"wp:attachment":[{"href":"https:\/\/www.europesays.com\/de\/wp-json\/wp\/v2\/media?parent=177926"}],"wp:term":[{"taxonomy":"category","embeddable":true,"href":"https:\/\/www.europesays.com\/de\/wp-json\/wp\/v2\/categories?post=177926"},{"taxonomy":"post_tag","embeddable":true,"href":"https:\/\/www.europesays.com\/de\/wp-json\/wp\/v2\/tags?post=177926"}],"curies":[{"name":"wp","href":"https:\/\/api.w.org\/{rel}","templated":true}]}}