{"id":177957,"date":"2025-06-09T23:45:19","date_gmt":"2025-06-09T23:45:19","guid":{"rendered":"https:\/\/www.europesays.com\/de\/177957\/"},"modified":"2025-06-09T23:45:19","modified_gmt":"2025-06-09T23:45:19","slug":"mehr-kinder-werden-taeter-aber-sie-werden-nicht-bestraft-regional","status":"publish","type":"post","link":"https:\/\/www.europesays.com\/de\/177957\/","title":{"rendered":"Mehr Kinder werden T\u00e4ter, aber sie werden nicht bestraft | Regional"},"content":{"rendered":"<p>Berlin \u2013 <b>Immer mehr Kinder unter 14 Jahren werden straff\u00e4llig. Die Zahl der Tatverd\u00e4chtigen in diesem Alter verdoppelte sich im Zeitraum 2016 bis 2024 bundesweit auf 13.755. Allein von 2023 auf 2024 nahm die Zahl der tatverd\u00e4chtigen Kinder um 11,3 Prozent zu.<\/b><\/p>\n<p>Auch interessant<\/p>\n<p>Anzeige<\/p>\n<p>Auch interessant<\/p>\n<p>Anzeige<\/p>\n<p>Berlins Polizeipr\u00e4sidentin Barbara Slowik hat sich in den vergangenen Jahren wiederholt besorgt dar\u00fcber ge\u00e4u\u00dfert, dass die Zahl der Kinder und Jugendlichen, die sich an Verbrechen beteiligen, st\u00e4ndig zunehme. Kinder w\u00fcrden mit Messern Raub\u00fcberf\u00e4lle ver\u00fcben oder sich gegenseitig angreifen.<\/p>\n<p>Dabei wird die Frage immer dr\u00e4ngender, wie mit diesen Kindern zu verfahren sei. In Deutschland setzt die Strafm\u00fcndigkeit erst im Alter von 14 Jahren ein. Immer, wenn ein besonders schweres Verbrechen von einem Kind ver\u00fcbt wird, flammt die Debatte \u00fcber diese Altersgrenze neue auf.<\/p>\n<p><b>So war es auch am 22. Mai, als an der Grundschule am Weinmeisterhorn in Spandau ein 13-j\u00e4hriger Sch\u00fcler der 6. Klasse auf einen Klassenkameraden einstach und ihn lebensgef\u00e4hrlich verletzte. Der T\u00e4ter kam anschlie\u00dfend in psychiatrische Behandlung.<\/b><\/p>\n<p>Noch im Bundestagswahlkampf hatten sich CDU und CSU f\u00fcr die Senkung der Strafm\u00fcndigkeit ausgesprochen, nach dem Vorbild anderer EU-L\u00e4nder. In Frankreich liegt die Grenze bei 13 Jahren, in den Niederlanden bei zw\u00f6lf und in England bei zehn Jahren. \u201eIch bin klar f\u00fcr 12 Jahre\u201c, sagte im Februar CDU-Generalsekret\u00e4r \u00a0Linnemann dem Sender WELT TV.<\/p>\n<p><b>Doch im Koalitionsvertrag mit der SPD ruderten die Christdemokraten zur\u00fcck. Nun wird eine Studie in Auftrag gegeben, die \u201egesetzgeberische Handlungsoptionen benennen wird.\u201c So gewunden formuliert es die rechtspolitische Sprecherin der Fraktion, Susanne Hierl (CSU).<\/b><\/p>\n<p>Angesichts dieses Z\u00f6gerns brachte am Donnerstag die AfD einen Gesetzesvorschlag in den Bundestag ein, der vorsieht, die Strafm\u00fcndigkeit auf 12 Jahre zu senken und das Jugendstrafrecht nur noch bis zu einem Alter von 18 Jahren (bisher 21) anzuwenden.<\/p>\n<p>Die CDU wird diesen Vorschlag ablehnen, weil er von der AfD stammt, obwohl er dem Inhalt nach den Vorstellungen der Union entspricht. Die SPD lehnt eine fr\u00fchere Strafm\u00fcndigkeit als nicht notwendig rundweg ab.<\/p>\n<p>Kinder werden fr\u00fcher straff\u00e4llig<\/p>\n<p>Daf\u00fcr aber sprechen mindestens vier gute Argumente: Erstens ist die juristische Aufarbeitung nach einem schweren Verbrechen von gro\u00dfer Bedeutung f\u00fcr die Opfer, f\u00fcr die \u00d6ffentlichkeit, aber auch f\u00fcr den T\u00e4ter. Im Falle von Kindern bleibt die Aufkl\u00e4rung der n\u00e4hren Umst\u00e4nde vollkommen aus.<\/p>\n<p>Lesen Sie auch<\/p>\n<p>Zweitens kann der Prozess Folgetaten verhindern, wenn das T\u00e4terkind angemessen bestraft wird. Drittens wurde die Strafm\u00fcndigkeit im Jahre 1923 willk\u00fcrlich von 12 auf 14 Jahre angehoben, mit dem Argument, dass in diesem Alter die Schulpflicht endete. Diese Altersgrenze hat also nichts mit der tats\u00e4chlichen Straff\u00e4higkeit zu tun. Und viertens werden Kinder heute eben fr\u00fcher straff\u00e4llig, wie sie Statistik zeigt. <\/p>\n<p><b>Alles spricht daf\u00fcr, Kinder, die Verbrechen begehen, k\u00fcnftig ab 12 Jahren vor Gericht zu stellen. Der Bundestag aber verstellt abermals den Weg dorthin.<\/b><\/p>\n<p>Hat Gunnar Schupelius recht? Schreiben Sie an: gunnar.schupelius@axelspringer.de<\/p>\n","protected":false},"excerpt":{"rendered":"Berlin \u2013 Immer mehr Kinder unter 14 Jahren werden straff\u00e4llig. Die Zahl der Tatverd\u00e4chtigen in diesem Alter verdoppelte&hellip;\n","protected":false},"author":2,"featured_media":177958,"comment_status":"","ping_status":"","sticky":false,"template":"","format":"standard","meta":{"footnotes":""},"categories":[1825],"tags":[296,29,30,2942,2183,121,1996,45,1921],"class_list":{"0":"post-177957","1":"post","2":"type-post","3":"status-publish","4":"format-standard","5":"has-post-thumbnail","7":"category-berlin","8":"tag-berlin","9":"tag-deutschland","10":"tag-germany","11":"tag-jugendkriminalitaet","12":"tag-mord","13":"tag-polizei","14":"tag-straftaten","15":"tag-texttospeech","16":"tag-vergewaltigung"},"share_on_mastodon":{"url":"https:\/\/pubeurope.com\/@de\/114656072599307800","error":""},"_links":{"self":[{"href":"https:\/\/www.europesays.com\/de\/wp-json\/wp\/v2\/posts\/177957","targetHints":{"allow":["GET"]}}],"collection":[{"href":"https:\/\/www.europesays.com\/de\/wp-json\/wp\/v2\/posts"}],"about":[{"href":"https:\/\/www.europesays.com\/de\/wp-json\/wp\/v2\/types\/post"}],"author":[{"embeddable":true,"href":"https:\/\/www.europesays.com\/de\/wp-json\/wp\/v2\/users\/2"}],"replies":[{"embeddable":true,"href":"https:\/\/www.europesays.com\/de\/wp-json\/wp\/v2\/comments?post=177957"}],"version-history":[{"count":0,"href":"https:\/\/www.europesays.com\/de\/wp-json\/wp\/v2\/posts\/177957\/revisions"}],"wp:featuredmedia":[{"embeddable":true,"href":"https:\/\/www.europesays.com\/de\/wp-json\/wp\/v2\/media\/177958"}],"wp:attachment":[{"href":"https:\/\/www.europesays.com\/de\/wp-json\/wp\/v2\/media?parent=177957"}],"wp:term":[{"taxonomy":"category","embeddable":true,"href":"https:\/\/www.europesays.com\/de\/wp-json\/wp\/v2\/categories?post=177957"},{"taxonomy":"post_tag","embeddable":true,"href":"https:\/\/www.europesays.com\/de\/wp-json\/wp\/v2\/tags?post=177957"}],"curies":[{"name":"wp","href":"https:\/\/api.w.org\/{rel}","templated":true}]}}