{"id":178054,"date":"2025-06-10T00:43:27","date_gmt":"2025-06-10T00:43:27","guid":{"rendered":"https:\/\/www.europesays.com\/de\/178054\/"},"modified":"2025-06-10T00:43:27","modified_gmt":"2025-06-10T00:43:27","slug":"mit-brennendem-auto-und-axt-auf-der-tankstelle-mann-in-u-haft-ndr-de-nachrichten-niedersachsen","status":"publish","type":"post","link":"https:\/\/www.europesays.com\/de\/178054\/","title":{"rendered":"Mit brennendem Auto und Axt auf der Tankstelle: Mann in U-Haft | NDR.de &#8211; Nachrichten &#8211; Niedersachsen"},"content":{"rendered":"<p>\nStand: 09.06.2025 14:15 Uhr\n<\/p>\n<p class=\"preface\">Der Mann, der am Samstagabend mit einem brennenden Auto auf eine Tankstelle in Hannover-Anderten gefahren und dann mit einer Axt bewaffnet Polizisten bedroht haben soll, sitzt in Untersuchungshaft.<\/p>\n<p>Das teilte die Polizei am Montag mit. Nach dem 34-J\u00e4hrigen sei bereits seit Donnerstagabend mit Haftbefehl gesucht worden. Er soll auf der Flucht gewesen sein, nachdem seine Lebensgef\u00e4hrtin ihn nach einem \u00dcbergriff auf sie und eine Angeh\u00f6rige angezeigt hatte. Demnach hatte die Polizei zun\u00e4chst keine Hinweise auf den Verd\u00e4chtigen, bis der Mann mit dem brennenden Fahrzeug seiner Lebensgef\u00e4hrtin auf die Tankstelle fuhr. Ob der 34-J\u00e4hrige den Wagen absichtlich in Brand gesteckt hatte, wird laut Polizei noch ermittelt.<\/p>\n<p>Brennendes Auto stand neben einer Zapfs\u00e4ule<\/p>\n<p><a href=\"https:\/\/www.europesays.com\/de\/wp-content\/uploads\/2025\/06\/tankstelle384_v-contentgross.jpg\" class=\"zoomimage\" title=\"Der 34-J\u00e4hrige soll mit einer Axt Beamte bedroht haben. \u00a9 NonstopNews\"><\/p>\n<p><img decoding=\"async\" src=\"https:\/\/www.europesays.com\/de\/wp-content\/uploads\/2025\/06\/tankstelle384_v-contentgross.jpg\" alt=\"Ein Mann mit einer Axt steht vor einer Tankstelle in Hannover Anderten. \u00a9 NonstopNews \" title=\"Ein Mann mit einer Axt steht vor einer Tankstelle in Hannover Anderten.\" class=\"responsive\"\/><\/p>\n<p><\/a><br \/>\nDer 34-J\u00e4hrige soll mit einer Axt Beamte bedroht haben.<\/p>\n<p>Die Tat geschah gegen 21.30 Uhr an der B65 in der N\u00e4he der Anderter Schleuse, wie die Polizei bereits am Sonntag mitteilte. Demnach stoppte der 34-J\u00e4hrige das brennende Auto an einer Zapfs\u00e4ule und stellte sich mit der Axt bewaffnet vor den Eingang der Tankstelle. Beim Eintreffen der Polizei habe er eine Scheibe der Tankstelle sowie die eines Streifenwagens eingeschlagen, so die Polizei. Zudem soll der 34-J\u00e4hrige Beamte mit der Axt bedroht haben. Ein Tankstellen-Mitarbeiter hatte zu diesem Zeitpunkt bereits das Geb\u00e4ude verlassen.<\/p>\n<p>SEK stoppt Mann mit Taser<\/p>\n<p>Die Polizei war mit einem Gro\u00dfaufgebot im Einsatz und umstellte die Tankstelle, wie ein Sprecher dem NDR Niedersachsen best\u00e4tigte. Ein hinzugezogenes Spezialeinsatzkommando (SEK) habe den 34-J\u00e4hrigen schlie\u00dflich mit einem Taser au\u00dfer Gefecht gesetzt. Beamte nahmen den Mann in Gewahrsam. Verletzt wurde niemand. &#8222;Es war eine bedrohliche Situation&#8220;, sagte ein Polizeisprecher. Die L\u00f6scharbeiten h\u00e4tten sich wegen der anhaltenden Gefahrenlage \u00e4u\u00dferst schwierig gestaltet, so die Polizei. Die B65 war bis kurz vor Mitternacht in beide Richtungen gesperrt.<\/p>\n<p>Weitere Informationen<\/p>\n<p><img decoding=\"async\" src=\"https:\/\/www.europesays.com\/de\/wp-content\/uploads\/2025\/05\/polizei7370_v-contentgross.jpg\" alt=\"Ein Streifenwagen f\u00e4hrt bei Dunkelheit mit eingeschaltetem Blaulicht. \u00a9 NDR Foto: Julius Matuschik\" title=\"Ein Streifenwagen f\u00e4hrt bei Dunkelheit mit eingeschaltetem Blaulicht.\" class=\"responsive\"\/><\/p>\n<p>\nEr kam in ein Krankenhaus. Weil die T\u00e4ter fl\u00fcchten konnten, bittet die Polizei um Hinweise von Zeugen.<br \/>\n<a title=\"Zum Artikel: 28-J\u00e4hriger in Hannover \u00fcberfallen und durch Sch\u00fcsse verletzt\" href=\"https:\/\/www.ndr.de\/nachrichten\/niedersachsen\/hannover_weser-leinegebiet\/28-Jaehriger-in-Hannover-ueberfallen-und-durch-Schuesse-verletzt,ueberfall1028.html\" class=\"cta \" target=\"_blank\" rel=\"noopener\">mehr<\/a>\n<\/p>\n<p><img decoding=\"async\" src=\"https:\/\/www.europesays.com\/de\/wp-content\/uploads\/2025\/04\/taser118_v-contentgross.jpg\" alt=\"Beamte der Landespolizei in Schleswig-Holstein demonstrieren den Einsatz eines &quot;Taser 7&quot;. \u00a9 picture alliance\/dpa Foto: Axel Heimken\" title=\"Beamte der Landespolizei in Schleswig-Holstein demonstrieren den Einsatz eines &quot;Taser 7&quot;.\" class=\"responsive\"\/><\/p>\n<p>\nDie Neuerung soll f\u00fcr mehr Sicherheit sorgen. Bisher durften laut Polizei Bremen nur SEK- und MEK-Beamte Taser verwenden.<br \/>\n<a title=\"Zum Artikel: Bremen: Auch Bereitschaftspolizisten d\u00fcrfen nun Taser nutzen\" href=\"https:\/\/www.ndr.de\/nachrichten\/niedersachsen\/oldenburg_ostfriesland\/Bremen-Auch-Bereitschaftspolizisten-duerfen-nun-Taser-nutzen,aktuelloldenburg16104.html\" class=\"cta \" target=\"_blank\" rel=\"noopener\">mehr<\/a>\n<\/p>\n<p>Dieses Thema im Programm:<\/p>\n<p>NDR 1 Niedersachsen |<br \/>\nAktuell |<br \/>\n08.06.2025 | 11:00 Uhr<\/p>\n<p>Schlagw\u00f6rter zu diesem Artikel<br \/>\n<a href=\"https:\/\/www.ndr.de\/nachrichten\/niedersachsen\/hannover_weser-leinegebiet\/Hannover-Aktuelle-News-und-Nachrichten,hannover18518.html\" title=\"Inhalte zum Thema &#039;Hannover&#039;\" aria-label=\"Inhalte zum Thema &#039;Hannover&#039;\" target=\"_blank\" rel=\"noopener\">Hannover<\/a><\/p>\n<p><img decoding=\"async\" src=\"https:\/\/www.europesays.com\/de\/wp-content\/uploads\/2025\/03\/ndr_printlogo.gif\" alt=\"NDR Logo\" title=\"NDR Logo\"\/><\/p>\n","protected":false},"excerpt":{"rendered":"Stand: 09.06.2025 14:15 Uhr Der Mann, der am Samstagabend mit einem brennenden Auto auf eine Tankstelle in Hannover-Anderten&hellip;\n","protected":false},"author":2,"featured_media":178055,"comment_status":"","ping_status":"","sticky":false,"template":"","format":"standard","meta":{"footnotes":""},"categories":[1836],"tags":[59240,2140,59241,59242,3364,29,30,46,438,1411,121,44870,10934],"class_list":{"0":"post-178054","1":"post","2":"type-post","3":"status-publish","4":"format-standard","5":"has-post-thumbnail","7":"category-hannover","8":"tag-anderten","9":"tag-angriff","10":"tag-bewaffnet","11":"tag-brennendes-auto","12":"tag-de","13":"tag-deutschland","14":"tag-germany","15":"tag-hannover","16":"tag-ndr","17":"tag-niedersachsen","18":"tag-polizei","19":"tag-sek-einsatz","20":"tag-tankstelle"},"share_on_mastodon":{"url":"https:\/\/pubeurope.com\/@de\/114656301154371610","error":""},"_links":{"self":[{"href":"https:\/\/www.europesays.com\/de\/wp-json\/wp\/v2\/posts\/178054","targetHints":{"allow":["GET"]}}],"collection":[{"href":"https:\/\/www.europesays.com\/de\/wp-json\/wp\/v2\/posts"}],"about":[{"href":"https:\/\/www.europesays.com\/de\/wp-json\/wp\/v2\/types\/post"}],"author":[{"embeddable":true,"href":"https:\/\/www.europesays.com\/de\/wp-json\/wp\/v2\/users\/2"}],"replies":[{"embeddable":true,"href":"https:\/\/www.europesays.com\/de\/wp-json\/wp\/v2\/comments?post=178054"}],"version-history":[{"count":0,"href":"https:\/\/www.europesays.com\/de\/wp-json\/wp\/v2\/posts\/178054\/revisions"}],"wp:featuredmedia":[{"embeddable":true,"href":"https:\/\/www.europesays.com\/de\/wp-json\/wp\/v2\/media\/178055"}],"wp:attachment":[{"href":"https:\/\/www.europesays.com\/de\/wp-json\/wp\/v2\/media?parent=178054"}],"wp:term":[{"taxonomy":"category","embeddable":true,"href":"https:\/\/www.europesays.com\/de\/wp-json\/wp\/v2\/categories?post=178054"},{"taxonomy":"post_tag","embeddable":true,"href":"https:\/\/www.europesays.com\/de\/wp-json\/wp\/v2\/tags?post=178054"}],"curies":[{"name":"wp","href":"https:\/\/api.w.org\/{rel}","templated":true}]}}